{"id":558932,"date":"2025-11-26T02:05:26","date_gmt":"2025-11-26T02:05:26","guid":{"rendered":"https:\/\/www.europesays.com\/fr\/558932\/"},"modified":"2025-11-26T02:05:26","modified_gmt":"2025-11-26T02:05:26","slug":"a-rennes-une-mere-interpellee-apres-avoir-blesse-son-fils-de-12-ans-avec-des-ciseaux","status":"publish","type":"post","link":"https:\/\/www.europesays.com\/fr\/558932\/","title":{"rendered":"\u00c0 Rennes, une m\u00e8re interpell\u00e9e apr\u00e8s avoir bless\u00e9 son fils de 12\u00a0ans avec des ciseaux"},"content":{"rendered":"<tr wp_automatic_readability=\"6.8645161290323\">\n<td valign=\"middle\" align=\"center\" class=\"col-logo\" wp_automatic_readability=\"5\">\n    <img decoding=\"async\" src=\"https:\/\/maville.com\/design\/images\/logo-of-monetise.svg?version=20130627\" alt=\"logo Ouest-France\" height=\"66\"\/><\/p>\n<p>Contenu r\u00e9serv\u00e9 aux abonn\u00e9s<\/p>\n<\/td>\n<td class=\"col-titre\">\n\t\t\tMardi 25 novembre 2025 18:46<br \/>\n\t\t\t<a class=\"icon-bulle sizeL count\" href=\"#ancreAvis\"><br \/>\n\t&#8230;<br \/>\n<\/a><\/td>\n<\/tr>\n<p>\t\t<a class=\"mavillebox2 elmt-photo\" href=\"https:\/\/maville.com\/photosmvi\/2025\/11\/25\/P35602046D7080156G.jpg\" title=\" Un coll\u00e9gien de 12\u00a0ans a \u00e9t\u00e9 transport\u00e9 \u00e0 l\u2019h\u00f4pital Sud de Rennes apr\u00e8s avoir \u00e9t\u00e9 bless\u00e9 \u00e0 la cuisse avec une paire de ciseau, ce mardi 25\u00a0novembre, dans le quartier de Cleunay (photo d\u2019illustration).  \u00a9  Marc Ollivier\/Ouest-France  \" rel=\"galerie_actu noopener\" target=\"_blank\"><br \/>\n\t<img decoding=\"async\" src=\"https:\/\/www.europesays.com\/fr\/wp-content\/uploads\/2025\/11\/P35602046D7080156G_crop_640-330_.jpg\" alt=\"photo  un coll\u00e9gien de 12\u00a0ans a \u00e9t\u00e9 transport\u00e9 \u00e0 l\u2019h\u00f4pital sud de rennes apr\u00e8s avoir \u00e9t\u00e9 bless\u00e9 \u00e0 la cuisse avec une paire de ciseau, ce mardi 25\u00a0novembre, dans le quartier de cleunay (photo d\u2019illustration).  \u00a9  marc ollivier\/ouest-france \"\/><br \/>\n\t1<br \/>\n<\/a><\/p>\n<p class=\"elmt-legende\"> Un coll\u00e9gien de 12\u00a0ans a \u00e9t\u00e9 transport\u00e9 \u00e0 l\u2019h\u00f4pital Sud de Rennes apr\u00e8s avoir \u00e9t\u00e9 bless\u00e9 \u00e0 la cuisse avec une paire de ciseau, ce mardi 25\u00a0novembre, dans le quartier de Cleunay (photo d\u2019illustration).  \u00a9  Marc Ollivier\/Ouest-France  <\/p>\n<p>\t\tUn coll\u00e9gien de 12\u00a0ans a \u00e9t\u00e9 transport\u00e9 \u00e0 l\u2019h\u00f4pital Sud de Rennes (Ille-et-Vilaine) apr\u00e8s avoir \u00e9t\u00e9 bless\u00e9 \u00e0 la cuisse avec une paire de ciseau, ce mardi 25\u00a0novembre 2025, dans le quartier de Cleunay. Sa m\u00e8re a \u00e9t\u00e9 interpell\u00e9e.<\/p>\n<p><b>Cet article est r\u00e9serv\u00e9 aux abonn\u00e9s<\/b><\/p>\n<p>Pour un acc\u00e8s imm\u00e9diat, abonnez-vous<\/p>\n<p><b>1\u00e8re semaine offerte<\/b><\/p>\n<p>\t\t Julia TOUSSAINT. \u00a0\u00a0<br \/>\n\t\tOuest-France<\/p>\n<p>Retrouvez d&rsquo;autres actus sur la commune de :<\/p>\n<p>\t\t&#13;<\/p>\n","protected":false},"excerpt":{"rendered":"Contenu r\u00e9serv\u00e9 aux abonn\u00e9s Mardi 25 novembre 2025 18:46 &#8230; 1 Un coll\u00e9gien de 12\u00a0ans a \u00e9t\u00e9 transport\u00e9&hellip;\n","protected":false},"author":2,"featured_media":558933,"comment_status":"","ping_status":"","sticky":false,"template":"","format":"standard","meta":{"footnotes":""},"categories":[2821],"tags":[6888,1111,11,1764,3916,829,67618,1777,674,1742,1011,27,19842,5875,12,3086,584,25],"class_list":{"0":"post-558932","1":"post","2":"type-post","3":"status-publish","4":"format-standard","5":"has-post-thumbnail","7":"category-rennes","8":"tag-6888","9":"tag-actu","10":"tag-actualites","11":"tag-ans","12":"tag-blesse","13":"tag-bretagne","14":"tag-ciseaux","15":"tag-eu","16":"tag-europe","17":"tag-fils","18":"tag-fr","19":"tag-france","20":"tag-interpellee","21":"tag-mere","22":"tag-news","23":"tag-redon","24":"tag-rennes","25":"tag-republique-francaise"},"share_on_mastodon":{"url":"https:\/\/pubeurope.com\/@fr\/115613554170323611","error":""},"_links":{"self":[{"href":"https:\/\/www.europesays.com\/fr\/wp-json\/wp\/v2\/posts\/558932","targetHints":{"allow":["GET"]}}],"collection":[{"href":"https:\/\/www.europesays.com\/fr\/wp-json\/wp\/v2\/posts"}],"about":[{"href":"https:\/\/www.europesays.com\/fr\/wp-json\/wp\/v2\/types\/post"}],"author":[{"embeddable":true,"href":"https:\/\/www.europesays.com\/fr\/wp-json\/wp\/v2\/users\/2"}],"replies":[{"embeddable":true,"href":"https:\/\/www.europesays.com\/fr\/wp-json\/wp\/v2\/comments?post=558932"}],"version-history":[{"count":0,"href":"https:\/\/www.europesays.com\/fr\/wp-json\/wp\/v2\/posts\/558932\/revisions"}],"wp:featuredmedia":[{"embeddable":true,"href":"https:\/\/www.europesays.com\/fr\/wp-json\/wp\/v2\/media\/558933"}],"wp:attachment":[{"href":"https:\/\/www.europesays.com\/fr\/wp-json\/wp\/v2\/media?parent=558932"}],"wp:term":[{"taxonomy":"category","embeddable":true,"href":"https:\/\/www.europesays.com\/fr\/wp-json\/wp\/v2\/categories?post=558932"},{"taxonomy":"post_tag","embeddable":true,"href":"https:\/\/www.europesays.com\/fr\/wp-json\/wp\/v2\/tags?post=558932"}],"curies":[{"name":"wp","href":"https:\/\/api.w.org\/{rel}","templated":true}]}}