{"id":558934,"date":"2025-11-26T02:06:12","date_gmt":"2025-11-26T02:06:12","guid":{"rendered":"https:\/\/www.europesays.com\/fr\/558934\/"},"modified":"2025-11-26T02:06:12","modified_gmt":"2025-11-26T02:06:12","slug":"strasbourg-le-pouvoir-des-fleurs-les-jardins-de-mediterranee-verdissent-au-syndicat-potentiel","status":"publish","type":"post","link":"https:\/\/www.europesays.com\/fr\/558934\/","title":{"rendered":"Strasbourg. Le pouvoir des fleurs ? Les Jardins de M\u00e9diterran\u00e9e verdissent au Syndicat potentiel"},"content":{"rendered":"<p>L\u2019exposition \u201cJardins de M\u00e9diterran\u00e9e\u201d qui se tient jusqu\u2019au 6\u00a0d\u00e9cembre au <a href=\"https:\/\/www.dna.fr\/edition-de-strasbourg\/2017\/10\/07\/nouveau-depart-pour-le-syndicat-potentiel\" target=\"_blank\" rel=\"noopener\">Syndicat Potentiel<\/a> r\u00e9unit les \u0153uvres de 29 artistes aux techniques et aux nationalit\u00e9s vari\u00e9es. Photographies d\u2019Ath\u00e8nes, de Marrakech ou de S\u00e9ville, peintures d\u2019observation, plans de jardins, c\u00e9ramiques color\u00e9es\u2026 d\u00e9ambuler dans cette exposition permet de d\u00e9couvrir une large variation de regards et de techniques autour d\u2019un m\u00eame th\u00e8me.<\/p>\n<p>  29 artistes fran\u00e7ais, alg\u00e9riens, tunisiens\u2026<\/p>\n<p>Gilbert De Murcia retrace en photo le chemin de migration de ses arri\u00e8re-grands-parents, de l\u2019Andalousie \u00e0 l\u2019Oranie. Yannick Lusuaki redonne vie avec son pinceau \u00e0 son jardin d\u2019enfance. Lisa Pelisson rend hommage \u00e0 la Palestine gr\u00e2ce \u00e0 la c\u00e9ramique, Philippe Colignon mobilise les saveurs des jardins m\u00e9diterran\u00e9ens en photographiant figues, raisins et autres fruits\u2026<\/p>\n<p>Ce contenu est bloqu\u00e9 car vous n&rsquo;avez pas accept\u00e9 les cookies et autres traceurs.<\/p>\n<p>En cliquant sur \u00ab J\u2019accepte \u00bb, les cookies et autres traceurs seront d\u00e9pos\u00e9s et vous pourrez visualiser les contenus  (<a href=\"\" class=\"consentModule_policy\" target=\"_blank\" title=\"Consulter la politique de protection des donn\u00e9es du fournisseur\">plus d&rsquo;informations<\/a>).<\/p>\n<p>En cliquant sur \u00ab J\u2019accepte tous les cookies \u00bb, vous autorisez des d\u00e9p\u00f4ts de cookies et autres traceurs pour le stockage de vos donn\u00e9es sur nos sites et applications \u00e0 des fins de personnalisation et de ciblage publicitaire.<\/p>\n<p class=\"consentModule_secondaryText\">Vous gardez la possibilit\u00e9 de retirer votre consentement \u00e0 tout moment en consultant notre <a href=\"https:\/\/www.dna.fr\/protection-des-donnees\" target=\"_blank\" title=\"Consulter notre politique de protection des donn\u00e9es\" rel=\"noopener\">politique de protection des donn\u00e9es<\/a>. <br \/>&#13;<br \/>\n            <a href=\"https:\/\/www.dna.fr\/culture-loisirs\/2025\/11\/25\/javascript:Didomi.notice.show()\" class=\"consentModule_cmp\" target=\"_blank\" rel=\"noopener\">G\u00e9rer mes choix<\/a>&#13;\n        <\/p>\n<p>&#13;<br \/>\n                        J&rsquo;accepte&#13;<br \/>\n            J&rsquo;accepte tous les cookies&#13;\n        <\/p>\n<p>Le rez-de-chauss\u00e9e est d\u00e9di\u00e9 aux travaux du paysagiste alg\u00e9ro-allemand Kamel Louafi, invit\u00e9 d\u2019honneur. \u00c0 travers des plans, des esquisses et du texte, le visiteur d\u00e9couvre le parcours de celui qui a r\u00e9alis\u00e9 des parcs, places et jardins dans le monde entier.<\/p>\n<p>  Jardins r\u00eav\u00e9s, jardins d\u2019enfance, jardins travers\u00e9s<\/p>\n<p>Plusieurs animations sont \u00e9galement propos\u00e9es pour accompagner l\u2019exposition\u00a0: conf\u00e9rence sur l\u2019utilit\u00e9 m\u00e9dicinale des plantes m\u00e9diterran\u00e9ennes, projection du documentaire Les enfants du Soleil , lectures musicales, spectacles et po\u00e9sies. Une visite guid\u00e9e aura lieu le\u00a05\u00a0d\u00e9cembre. Un go\u00fbter festif anim\u00e9 par les po\u00e8tes et musiciens Reha Yunluel et Hilmi Nar rythmeront le finissage du samedi 6\u00a0d\u00e9cembre.<\/p>\n<p>Cette exposition a \u00e9t\u00e9 \u00e9labor\u00e9e par l\u2019association Rue M\u00e9diterran\u00e9e qui \u0153uvre pour renforcer les liens entre le Maghreb et la France. Pour son pr\u00e9sident, Richard Sancho Andreo, cette exposition autour des jardins \u00ab\u00a0est autant un appel \u00e0 notre imaginaire comme fondement de la cr\u00e9ation qu\u2019un appel \u00e0 l\u2019utopie des identit\u00e9s plurielles\u00a0\u00bb.<\/p>\n<p class=\"note\">Syndicat Potentiel, 109, route de Colmar. Ouvert de 14\u00a0h \u00e0 18\u00a0h tous les jours sauf les lundis et mardi. Gratuit.<\/p>\n","protected":false},"excerpt":{"rendered":"L\u2019exposition \u201cJardins de M\u00e9diterran\u00e9e\u201d qui se tient jusqu\u2019au 6\u00a0d\u00e9cembre au Syndicat Potentiel r\u00e9unit les \u0153uvres de 29 artistes&hellip;\n","protected":false},"author":2,"featured_media":558935,"comment_status":"","ping_status":"","sticky":false,"template":"","format":"standard","meta":{"footnotes":""},"categories":[2820],"tags":[1111,11,1687,2880,1777,674,2271,107,1011,27,775,12,25,640,2879],"class_list":{"0":"post-558934","1":"post","2":"type-post","3":"status-publish","4":"format-standard","5":"has-post-thumbnail","7":"category-strasbourg","8":"tag-actu","9":"tag-actualites","10":"tag-culture-loisirs","11":"tag-edition-strasbourg","12":"tag-eu","13":"tag-europe","14":"tag-exposition-arts-plastiques","15":"tag-fil-info","16":"tag-fr","17":"tag-france","18":"tag-grand-est","19":"tag-news","20":"tag-republique-francaise","21":"tag-strasbourg","22":"tag-strasbourg-ville"},"share_on_mastodon":{"url":"https:\/\/pubeurope.com\/@fr\/115613557494672362","error":""},"_links":{"self":[{"href":"https:\/\/www.europesays.com\/fr\/wp-json\/wp\/v2\/posts\/558934","targetHints":{"allow":["GET"]}}],"collection":[{"href":"https:\/\/www.europesays.com\/fr\/wp-json\/wp\/v2\/posts"}],"about":[{"href":"https:\/\/www.europesays.com\/fr\/wp-json\/wp\/v2\/types\/post"}],"author":[{"embeddable":true,"href":"https:\/\/www.europesays.com\/fr\/wp-json\/wp\/v2\/users\/2"}],"replies":[{"embeddable":true,"href":"https:\/\/www.europesays.com\/fr\/wp-json\/wp\/v2\/comments?post=558934"}],"version-history":[{"count":0,"href":"https:\/\/www.europesays.com\/fr\/wp-json\/wp\/v2\/posts\/558934\/revisions"}],"wp:featuredmedia":[{"embeddable":true,"href":"https:\/\/www.europesays.com\/fr\/wp-json\/wp\/v2\/media\/558935"}],"wp:attachment":[{"href":"https:\/\/www.europesays.com\/fr\/wp-json\/wp\/v2\/media?parent=558934"}],"wp:term":[{"taxonomy":"category","embeddable":true,"href":"https:\/\/www.europesays.com\/fr\/wp-json\/wp\/v2\/categories?post=558934"},{"taxonomy":"post_tag","embeddable":true,"href":"https:\/\/www.europesays.com\/fr\/wp-json\/wp\/v2\/tags?post=558934"}],"curies":[{"name":"wp","href":"https:\/\/api.w.org\/{rel}","templated":true}]}}