{"id":558936,"date":"2025-11-26T02:07:30","date_gmt":"2025-11-26T02:07:30","guid":{"rendered":"https:\/\/www.europesays.com\/fr\/558936\/"},"modified":"2025-11-26T02:07:30","modified_gmt":"2025-11-26T02:07:30","slug":"les-12-commandements-pour-survivre-au-marche-de-noel-de-strasbourg-edition-2025","status":"publish","type":"post","link":"https:\/\/www.europesays.com\/fr\/558936\/","title":{"rendered":"Les 12 commandements pour survivre au march\u00e9 de No\u00ebl de Strasbourg, \u00e9dition 2025"},"content":{"rendered":"<p class=\"p1\"><b>Ce 26 novembre \u00e0 partir de 14h, le march\u00e9 de No\u00ebl ouvre ses portes pour une 455e \u00e9dition. Pour l\u2019occasion, quelques conseils et astuces pour les touristes et les Strasbourgeois(es), afin de profiter de la magie de No\u00ebl sans avoir envie de p\u00e9ter son cr\u00e2ne toutes les 2 minutes.<\/b><\/p>\n<p class=\"p1\">\u00c7a y est, sortez Mariah Carey du formol, on repart pour un tour :<b> le march\u00e9 de No\u00ebl est enfin parmi nous<\/b>, avec ses quelque 300 chalets, sa bunk\u00e9risation de la Grande \u00cele, ses drones pour surveiller tout le monde et ses effluves de vin chaud et de baguettes flamb\u00e9es qui enivrent.<\/p>\n<p class=\"p1\"><b>Alors qu\u2019il d\u00e9marre sa 455e \u00e9dition \u00e0 partir de 14h, notre Christkindelsm\u00e4rik bien \u00e0 nous va bouleverser encore une fois le quotidien des Strasbourgeois(es)<\/b>. Et pour ne pas avoir envie de d\u00e9m\u00e9nager en Meurthe-et-Moselle une bonne fois pour toutes, voici 12 commandements et astuces pour survivre avec le sourire \u00e0 cette p\u00e9riode.<\/p>\n<p>                <a href=\"https:\/\/pokaa.fr\/2025\/11\/05\/plus-authentique-et-feerique-voici-le-programme-2025-du-marche-de-noel-de-strasbourg\/\" target=\"_blank\" rel=\"noopener\"><br \/>\n                    <img width=\"450\" height=\"270\" src=\"https:\/\/www.europesays.com\/fr\/wp-content\/uploads\/2025\/11\/france-strasbourg-alsace-marche-de-noel-wr-50-450x270.jpg\" class=\"attachment-card-horizontal--same-subject size-card-horizontal--same-subject wp-post-image\" alt=\"\" decoding=\"async\" loading=\"lazy\"\/>                <\/a><\/p>\n<p>1. Les infos pratiques tu conna\u00eetras<\/p>\n<p class=\"p1\">Parce qu\u2019il serait dommage de louper la magie de No\u00ebl par manque de pr\u00e9paration, mieux vaut d\u2019abord conna\u00eetre les horaires de l\u2019\u00e9v\u00e9nement n\u00b01 de Strasbourg. \u00ab Plus authentique et f\u00e9\u00e9rique \u00bb, <b>le march\u00e9 sera ouvert du 26 novembre 14h au 24 d\u00e9cembre 18h, avec plus de 300 chalets ouverts de 11h30 \u00e0 21h tous les jours<\/b>.<\/p>\n<p class=\"p1\">Pour ce qui est des trams,<b>\u00a0les stations Broglie, Grand\u2019Rue et Alt Winm\u00e4rik seront ferm\u00e9es durant les heures d\u2019ouverture du march\u00e9 de No\u00ebl, mais pas la station Homme de Fer<\/b> [qui elle pourra \u00eatre temporairement ferm\u00e9e en cas de grande affluence les week-ends, ndlr].<\/p>\n<p>    <img width=\"800\" height=\"533\" src=\"https:\/\/www.europesays.com\/fr\/wp-content\/uploads\/2025\/11\/france-strasbourg-alsace-marche-de-noel-wr-80-800x533.jpg\" class=\"attachment-image-size-L size-image-size-L\" alt=\"March\u00e9 de Noel 2024 d\u00e9corations Place de l\u2019Homme de Fer tram nuit\" decoding=\"async\" loading=\"lazy\"  \/>         \u00a9 Wilfried Rion \/ Pokaa <\/p>\n<p>2. L\u2019inauguration tu vivras<\/p>\n<p class=\"p1\">Cette ann\u00e9e, l\u2019inauguration du march\u00e9 de No\u00ebl se fait \u00e0 nouveau un mercredi. Une fa\u00e7on de d\u00e9marrer tranquillement l\u2019\u00e9dition, et ce m\u00eame s\u2019il y a toujours \u00e9norm\u00e9ment de monde \u00e0 Strasbourg en p\u00e9riode de march\u00e9 de No\u00ebl. <b>Pas de journ\u00e9e d\u2019inauguration \u00e0 proprement parler, mais l\u2019occasion de se balader tranquillement dans les diff\u00e9rents march\u00e9s de l\u2019hypercentre \u00e0 partir de 14h<\/b>, ou de profiter d\u2019animations pour les enfants dans le square Louise-Weiss.<\/p>\n<p class=\"p1\">Ce sera \u00e9galement l\u2019occasion de v\u00e9rifier que <a href=\"https:\/\/pokaa.fr\/2024\/11\/23\/il-a-une-guirlande-de-pq-cette-annee-les-strasbourgeoises-pas-fans-du-grand-sapin\/\" target=\"_blank\" rel=\"noopener\">le sapin ne ressemble pas \u00e0 un rouleau de PQ tout vert cette ann\u00e9e<\/a>. C\u2019est fort peu probable, puisque le th\u00e8me de l\u2019\u00e9dition 2025 est la couronne de l\u2019Avent. D\u00e9cor\u00e9 de pantins de bois, de branches de houx, de pommes de pin et de gui,\u00a0<b>il s\u2019\u00e9veillera en lumi\u00e8re et en musique du 26 novembre au 5 janvier tous les jours entre 16h et 21h<\/b>, avant de couper le son, mais pas la lumi\u00e8re, de 22h \u00e0 minuit.<\/p>\n<p>    <img width=\"800\" height=\"533\" src=\"https:\/\/www.europesays.com\/fr\/wp-content\/uploads\/2025\/11\/marche-de-noel-louise-weiss-village-de-lavent-16-800x533.jpg\" class=\"attachment-image-size-L size-image-size-L\" alt=\"March\u00e9 de No\u00ebl Louise Weiss Village de l\u2019Avent (16)\" decoding=\"async\" loading=\"lazy\"  \/>         \u00a9 Marie Goehner-David \/ Pokaa <\/p>\n<p>3. Si perdre fois en l\u2019humanit\u00e9 tu ne souhaites pas, \u00e0 pied tu te d\u00e9placeras<\/p>\n<p class=\"p1\">Se d\u00e9placer au march\u00e9 de No\u00ebl est souvent un d\u00e9fi hom\u00e9rique. D\u00e9j\u00e0, il<b> ne faut pas circuler en voiture dans la Grande \u00cele, ce n\u2019est pas possible<\/b>. Pose ta voiture dans un parking-relais et utilise ensuite le serpent de fer strasbourgeois pour rejoindre le march\u00e9 de No\u00ebl.<\/p>\n<p class=\"p1\">Une fois dans l\u2019hypercentre, il faut privil\u00e9gier de bonnes chaussures de marche, <b>parce que tes pieds seront tes meilleurs alli\u00e9s pour slalomer au sein d\u2019une affluence \u00e0 faire p\u00e2lir les plus grands concerts<\/b>.<\/p>\n<p class=\"p1\">Pour les Strasbourgeois(es) qui aiment se d\u00e9placer \u00e0 v\u00e9lo,<b> le tout nouveau Ring permet de contourner la Grande \u00cele et d\u2019\u00e9viter la foule<\/b>. Un autre itin\u00e9raire dit \u00ab malin \u00bb passe lui par la rue de la Division-Leclerc. Mais si tu veux profiter du march\u00e9 de No\u00ebl, tu n\u2019auras pas d\u2019autres choix que de poser ta b\u00e9cane et continuer \u00e0 pied.<\/p>\n<p>    <img width=\"800\" height=\"533\" src=\"https:\/\/www.europesays.com\/fr\/wp-content\/uploads\/2025\/11\/france-strasbourg-alsace-marche-de-noel-wr-65-800x533.jpg\" class=\"attachment-image-size-L size-image-size-L\" alt=\"March\u00e9 de Noel 2024 chalets Place Broglie\" decoding=\"async\" loading=\"lazy\"  \/>         \u00a9 Wilfried Rion \/ Pokaa <\/p>\n<p>4. Le dispositif de s\u00e9curit\u00e9 quelque part tu te noteras<\/p>\n<p class=\"p1\">Inutile de faire comme Michael Scofield et de te le tatouer dans le dos, <b>mais il est toujours bon de conna\u00eetre les quelques r\u00e8gles qui r\u00e9gissent le dispositif de s\u00e9curit\u00e9<\/b>. Si tu as \u00e9t\u00e9 pr\u00e9voyant(e), tu peux reprendre tes notes de l\u2019an dernier, puisque la seule chose qui a chang\u00e9, c\u2019est le pr\u00e9fet qui va le g\u00e9rer.<\/p>\n<p class=\"p1\">Tu pourras admirer les jolis drones circulant au-dessus des t\u00eates, <b>les 21 ponts d\u2019acc\u00e8s \u00e0 la Grande \u00cele seront toujours des lieux de contr\u00f4le, et tu pourras \u00eatre contr\u00f4l\u00e9(e) al\u00e9atoirement dans la rue<\/b>. Quant \u00e0 la cath\u00e9drale, l\u2019entr\u00e9e s\u2019effectuera par la fa\u00e7ade Sud, depuis la place du Ch\u00e2teau. En revanche, tu n\u2019auras plus le droit de manifester dans la Grande \u00cele durant la p\u00e9riode du march\u00e9 de No\u00ebl.<\/p>\n<p>    <img width=\"800\" height=\"533\" src=\"https:\/\/www.europesays.com\/fr\/wp-content\/uploads\/2025\/11\/france-strasbourg-alsace-marche-de-noel-wr-87-800x533.jpg\" class=\"attachment-image-size-L size-image-size-L\" alt=\"March\u00e9 de Noel 2024 d\u00e9corations et chalet Petite France\" decoding=\"async\" loading=\"lazy\"  \/>         \u00a9 Wilfried Rion \/ Pokaa <\/p>\n<p>5. Si \u00eatre serr\u00e9(e) comme une sardine tu ne veux pas, les week-ends tu \u00e9viteras<\/p>\n<p class=\"p1\">Si le concept de surtourisme est encore un peu \u00e9tranger pour toi, il suffit de passer une t\u00eate un samedi apr\u00e8s-midi dans l\u2019hypercentre strasbourgeois pour tr\u00e8s vite le comprendre. <b>Les week-ends sont g\u00e9n\u00e9ralement hyper bond\u00e9s durant la p\u00e9riode du march\u00e9 de No\u00ebl<\/b>, ce qui donne envie aux Strasbourgeois(es) de se barricader chez eux\/elles, de partir un jour (sans retour) ou m\u00eame d\u2019aller en Meurthe-et-Moselle. Bref, tout sauf vivre un week-end \u00e0 domicile.<\/p>\n<p class=\"p1\">C\u00f4t\u00e9 s\u00e9curit\u00e9, certaines mesures exceptionnelles seront mises en place, <b>comme la suppression de la zone de convivialit\u00e9 place Kl\u00e9ber ou diff\u00e9rentes rues pass\u00e9es en sens unique \u00e0 partir de 13h<\/b>. Car la r\u00e8gle est \u00e9ternelle : ne jamais croiser les flux.<\/p>\n<p>    <img width=\"800\" height=\"533\" src=\"https:\/\/www.europesays.com\/fr\/wp-content\/uploads\/2025\/11\/france-strasbourg-alsace-marche-de-noel-wr-42-800x533.jpg\" class=\"attachment-image-size-L size-image-size-L\" alt=\"March\u00e9 de Noel 2024 chalets place de la Cath\u00e9drale\" decoding=\"async\" loading=\"lazy\"  \/>         \u00a9 Wilfried Rion \/ Pokaa <\/p>\n<p>6. Loin du centre-ville tu fuiras<\/p>\n<p class=\"p1\">En p\u00e9riode de march\u00e9 de No\u00ebl, quand on dit \u00e0 un(e) Strasbourgeois(e) \u00ab\u00a0j\u2019irai o\u00f9 tu iras\u00a0\u00bb, g\u00e9n\u00e9ralement, on va loin, tr\u00e8s loin du centre-ville. <b>L\u2019occasion d\u2019aller d\u00e9couvrir les nombreux autres quartiers et leurs sp\u00e9cificit\u00e9s, pour (re)d\u00e9couvrir la diversit\u00e9 de Strasbourg<\/b>.<\/p>\n<p class=\"p1\">D\u2019ailleurs, <b>la magie de No\u00ebl sera \u00e9galement pr\u00e9sente dans 9 secteurs de la ville durant les festivit\u00e9s<\/b> : Neuhof-Polygone, Meinau, Port du Rhin, Gare, Tribunal-Contades, Koenigshoffen, Esplanade, Robertsau-Cit\u00e9 de l\u2019Ill et Hautepierre. Distribution de chocolat chaud, f\u00eate de la Saint-Nicolas, spectacles, d\u00e9ambulations et ateliers artistiques\u2026 les choix seront nombreux.<\/p>\n<p>    <img width=\"800\" height=\"600\" src=\"https:\/\/www.europesays.com\/fr\/wp-content\/uploads\/2025\/11\/rue-sainte-madeleine.jpg\" class=\"attachment-image-size-L size-image-size-L\" alt=\"rue sainte madeleine\" decoding=\"async\" loading=\"lazy\"  \/>         \u00a9 Coraline Lafon \/ Pokaa <\/p>\n<p>7. Entre les derniers travaux tu slalomeras<\/p>\n<p class=\"p1\">Si la majorit\u00e9 des grands chantiers lanc\u00e9s au centre-ville cette ann\u00e9e se sont termin\u00e9s avant le d\u00e9but du march\u00e9 de No\u00ebl,<b> Strasbourg a \u00e9t\u00e9 un chantier \u00e0 ciel ouvert ces derniers mois<\/b>. Il restera sans doute des reliquats de travaux \u00e7\u00e0 et l\u00e0, notamment le square et la bretelle des Halles, et il faudra \u00eatre agile pour ne pas tr\u00e9bucher sur un panneau \u00ab pi\u00e9tons prenez le trottoir d\u2019en face \u00bb.<\/p>\n<p>    <img width=\"800\" height=\"600\" src=\"https:\/\/www.europesays.com\/fr\/wp-content\/uploads\/2025\/11\/img-3958-800x600.jpeg\" class=\"attachment-image-size-L size-image-size-L\" alt=\"square parc Halles Ilse Totzke\" decoding=\"async\" loading=\"lazy\"  \/>         Le nouveau square des Halles. \u00a9 Anthony Jilli \/ Pokaa <\/p>\n<p>8. Les bons spots pour aller au toilette tu conna\u00eetras<\/p>\n<p class=\"p1\">Au march\u00e9 de No\u00ebl, chaque personne passe au moins une fois par ce moment : <b>mauvaise gestion de la nourriture ou de la boisson, une envie pressante, et aucune id\u00e9e d\u2019o\u00f9 aller pour \u00e9vacuer<\/b>. Il faut dire que Strasbourg a la r\u00e9putation d\u2019\u00eatre assez limit\u00e9e en ce qui concerne les WC et que la recherche est un v\u00e9ritable parcours du combattant.<\/p>\n<p class=\"p1\">Mais cette ann\u00e9e, la Ville s\u2019associe avec ICI Toilettes, une appli qui r\u00e9pertorie 51 sanitaires accessibles en temps r\u00e9el dans la ville. Avec, en plus, une nouveaut\u00e9 : <b>15 commer\u00e7ant(e)s du centre-ville strasbourgeois permettent d\u2019utiliser leurs toilettes gratuitement, sans consommer<\/b>.<\/p>\n<p>                <a href=\"https:\/\/pokaa.fr\/2025\/10\/16\/envie-de-faire-un-pipi-gratuit-a-strasbourg-cette-application-recense-51-toilettes\/\" target=\"_blank\" rel=\"noopener\"><br \/>\n                    <img width=\"450\" height=\"270\" src=\"https:\/\/www.europesays.com\/fr\/wp-content\/uploads\/2025\/11\/okkk-1-450x270.png\" class=\"attachment-card-horizontal--same-subject size-card-horizontal--same-subject wp-post-image\" alt=\"\" decoding=\"async\" loading=\"lazy\"\/>                <\/a><\/p>\n<p>9. Ton estomac tu m\u00e9nageras<\/p>\n<p class=\"p1\">Apr\u00e8s les infos technico-tactiques, les infos plaisiro-plaisirs. Le march\u00e9 de No\u00ebl est toujours l\u2019occasion de se r\u00e9chauffer le corps pour compenser la froideur du dehors ; mais gare \u00e0 l\u2019indigestion ! <b>On ne compte plus les estomacs vaincus par une baguette flamb\u00e9e mal r\u00e9chauff\u00e9e, tellement un classique du march\u00e9 de No\u00ebl que \u00e7a pourrait en devenir l\u2019embl\u00e8me<\/b>.<\/p>\n<p class=\"p1\">L\u2019explication est simple : comme elles restent \u00e0 l\u2019air libre toute la journ\u00e9e, \u00e0 un moment donn\u00e9, la date limite d\u2019indigestion est d\u00e9pass\u00e9e. Alors pour \u00eatre plus malin(e)s que ton transit, <b>prends-les pour un repas du midi avec ce qu\u2019il faut de gras pour passer l\u2019hiver<\/b>. Le soir, rabats-toi sur les sp\u00e4tzles ou les knacks ; le go\u00fbt ne sera pas garanti, mais le risque de courir dans la ville \u00e0 la recherche d\u2019un WC de libre sera bien r\u00e9duit.<\/p>\n<p>    <img width=\"800\" height=\"533\" src=\"https:\/\/www.europesays.com\/fr\/wp-content\/uploads\/2025\/11\/france-strasbourg-alsace-marche-de-noel-wr-31-800x533.jpg\" class=\"attachment-image-size-L size-image-size-L\" alt=\"March\u00e9 de Noel 2024 chalet de nourriture place Kl\u00e9ber\" decoding=\"async\" loading=\"lazy\"  \/>         \u00a9 Wilfried Rion \/ Pokaa <\/p>\n<p>10. Tous les vins chauds de la ville tu boiras (et la mod\u00e9ration te guidera)<\/p>\n<p class=\"p1\">Indissociables du plaisir du march\u00e9 de No\u00ebl, les vins (et jus de fruits) chauds sont toujours un passage oblig\u00e9. La meilleure astuce est d\u2019\u00e9viter ceux des chalets (qui rapent le gosier en fin de gorg\u00e9e), <b>et de se rabattre vers les bons bars locaux qui font le leur<\/b>. Et bien entendu, ne pas h\u00e9siter \u00e0 tester celui \u00e0 la mirabelle du March\u00e9 Off.<\/p>\n<p class=\"p1\">En revanche, attention : qu\u2019il soit blanc, rouge, \u00e0 la mirabelle ou que sais-je, le vin chaud, \u00e7a tape sur le cr\u00e2ne. <b>Pic de glyc\u00e9mie intense, sugar crash qui donne une fringale d\u2019enfer et qui risque de vous rediriger vers quelque chose de tr\u00e8s gras qui ne r\u00e9soudra pas votre affaire<\/b>, il faut y aller mollo. Un verre d\u2019eau entre chaque gobelet consign\u00e9, si tu ne veux pas perdre ta lucidit\u00e9\u2026 et ton porte-monnaie.<\/p>\n<p>    <img width=\"800\" height=\"533\" src=\"https:\/\/www.europesays.com\/fr\/wp-content\/uploads\/2025\/11\/france-strasbourg-alsace-marche-de-noel-wr-64-800x533.jpg\" class=\"attachment-image-size-L size-image-size-L\" alt=\"March\u00e9 de Noel 2024 chalets et vins chauds Place Broglie\" decoding=\"async\" loading=\"lazy\"  \/>         \u00a9 Wilfried Rion \/ Pokaa <\/p>\n<p>11. Pour ne pas craquer ton PEL, faire attention aux prix tu devras<\/p>\n<p class=\"p1\">Car oui, vivre \u00e0 Strasbourg durant le march\u00e9 de No\u00ebl, c\u2019est entrer dans la quatri\u00e8me dimension. Fini l\u2019inflation, bienvenue \u00e0 la Strasflation : <b>les h\u00f4tels sont deux\/trois\/six fois plus cher, aucun Airbnb \u00e0 prix raisonnable sauf si tu choisis de loger \u00e0 Dijon, les restaurants de la Grande \u00cele rajoutent un 0 aux prix<\/b>, et tu te retrouves \u00e0 ta boulangerie habituelle \u00e0 te demander pourquoi la baguette a pris x3 pendant la nuit.<\/p>\n<p class=\"p1\">Bref, d\u00e9j\u00e0 que tout co\u00fbte un bras, l\u00e0 tout co\u00fbte deux, suppl\u00e9ment ton rein. Une Strasflation qui se retrouve \u00e9videmment sur les \u00e9tals du march\u00e9 de No\u00ebl, <b>o\u00f9 les produits locaux que tu aimes consommer d\u2019habitude sont vendus \u00e0 des prix frisant la crise de d\u00e9lire<\/b>. Il faudra donc ruser pour garder ton porte-monnaie intact durant cette p\u00e9riode.<\/p>\n<p>    <img width=\"800\" height=\"600\" src=\"https:\/\/www.europesays.com\/fr\/wp-content\/uploads\/2025\/11\/baguette-flmabee-800x600.jpg\" class=\"attachment-image-size-L size-image-size-L\" alt=\"baguette flmabe\u0301e\" decoding=\"async\" loading=\"lazy\"  \/>         \u00a9 Vivien Latuner \/ Pokaa <\/p>\n<p>12. Les 10 ans du March\u00e9 Off tu f\u00eateras<\/p>\n<p class=\"p1\">Cette ann\u00e9e, le March\u00e9 Off f\u00eate ses 10 ans, <b>et il est impensable de ne pas passer une t\u00eate pour c\u00e9l\u00e9brer l\u2019existence de l\u2019\u00e9v\u00e9nement<\/b>, centr\u00e9 autour des valeurs de la consommation responsable, du social, de la sant\u00e9, de la solidarit\u00e9, de la culture et de l\u2019\u00e9ducation populaire.<\/p>\n<p class=\"p1\"><b>La grosse f\u00eate est pr\u00e9vue le 29 novembre, avec fanfare, plateau radio, soir\u00e9e musicale des 10 ans et grand(e)s invit\u00e9(e)s surprise<\/b>. Mais sinon, ce sont plus de 100 \u00e9v\u00e9nements qui sont organis\u00e9s du 26 novembre au 24 d\u00e9cembre ; de quoi f\u00eater comme il se doit les 10 ans d\u2019un \u00e9v\u00e9nement incontournable.<\/p>\n<p>                <a href=\"https:\/\/pokaa.fr\/2025\/11\/20\/il-fete-ses-10-ans-a-strasbourg-le-marche-off-de-noel-revient-avec-une-prog-tres-festive\/\" target=\"_blank\" rel=\"noopener\"><br \/>\n                    <img width=\"450\" height=\"270\" src=\"https:\/\/www.europesays.com\/fr\/wp-content\/uploads\/2025\/11\/france-strasbourg-alsace-marche-de-noel-wr-92-450x270.jpg\" class=\"attachment-card-horizontal--same-subject size-card-horizontal--same-subject wp-post-image\" alt=\"\" decoding=\"async\" loading=\"lazy\"\/>                <\/a><\/p>\n<p>Bonus : ouvert aux surprises tu seras<\/p>\n<p class=\"p1\">Pour terminer, le march\u00e9 de No\u00ebl, c\u2019est toujours un moment particulier dans l\u2019ann\u00e9e des Strasbourgeois(es). Et si l\u2019on peut parfois se sentir frustr\u00e9(e) ou d\u00e9pass\u00e9(e) par un \u00e9v\u00e9nement de cette taille, <b>il peut \u00eatre bon de garder son \u00e2me d\u2019enfant, et de garder l\u2019oeil ouvert pour toutes les bizarreries et surprises que Strasbourg Capitale de No\u00ebl nous r\u00e9serve<\/b>.<\/p>\n<p class=\"p1\">L\u2019an dernier, des sapins de No\u00ebl vivants avaient surpris bon nombre de touristes et de Strasbourgeois(es), tandis que le P\u00e8re No\u00ebl chelou avait terroris\u00e9 les foules de la place Broglie. <b>Si ce dernier semble avoir malheureusement disparu, une pyramide de 17 m\u00e8tres de haut est visible depuis l\u2019Op\u00e9ra<\/b>. N\u2019h\u00e9site pas \u00e0 fl\u00e2ner \u00e0 la recherche de choses bien strasbourgeoises, c\u2019est \u00e7a aussi qui fait le charme du march\u00e9 de No\u00ebl.<\/p>\n<p>    <img width=\"800\" height=\"600\" src=\"https:\/\/www.europesays.com\/fr\/wp-content\/uploads\/2025\/11\/img-2855-grande-800x600.jpeg\" class=\"attachment-image-size-L size-image-size-L\" alt=\"pyramide march\u00e9 de noel\" decoding=\"async\" loading=\"lazy\"  \/>         \u00a9 Nicolas Kaspar \/ Pokaa <\/p>\n","protected":false},"excerpt":{"rendered":"Ce 26 novembre \u00e0 partir de 14h, le march\u00e9 de No\u00ebl ouvre ses portes pour une 455e \u00e9dition.&hellip;\n","protected":false},"author":2,"featured_media":558937,"comment_status":"","ping_status":"","sticky":false,"template":"","format":"standard","meta":{"footnotes":""},"categories":[2820],"tags":[1111,11,1777,674,1011,27,775,36053,67619,12,25,640],"class_list":{"0":"post-558936","1":"post","2":"type-post","3":"status-publish","4":"format-standard","5":"has-post-thumbnail","7":"category-strasbourg","8":"tag-actu","9":"tag-actualites","10":"tag-eu","11":"tag-europe","12":"tag-fr","13":"tag-france","14":"tag-grand-est","15":"tag-marche-de-noel","16":"tag-marche-de-noel-2025","17":"tag-news","18":"tag-republique-francaise","19":"tag-strasbourg"},"share_on_mastodon":{"url":"https:\/\/pubeurope.com\/@fr\/115613562847066380","error":""},"_links":{"self":[{"href":"https:\/\/www.europesays.com\/fr\/wp-json\/wp\/v2\/posts\/558936","targetHints":{"allow":["GET"]}}],"collection":[{"href":"https:\/\/www.europesays.com\/fr\/wp-json\/wp\/v2\/posts"}],"about":[{"href":"https:\/\/www.europesays.com\/fr\/wp-json\/wp\/v2\/types\/post"}],"author":[{"embeddable":true,"href":"https:\/\/www.europesays.com\/fr\/wp-json\/wp\/v2\/users\/2"}],"replies":[{"embeddable":true,"href":"https:\/\/www.europesays.com\/fr\/wp-json\/wp\/v2\/comments?post=558936"}],"version-history":[{"count":0,"href":"https:\/\/www.europesays.com\/fr\/wp-json\/wp\/v2\/posts\/558936\/revisions"}],"wp:featuredmedia":[{"embeddable":true,"href":"https:\/\/www.europesays.com\/fr\/wp-json\/wp\/v2\/media\/558937"}],"wp:attachment":[{"href":"https:\/\/www.europesays.com\/fr\/wp-json\/wp\/v2\/media?parent=558936"}],"wp:term":[{"taxonomy":"category","embeddable":true,"href":"https:\/\/www.europesays.com\/fr\/wp-json\/wp\/v2\/categories?post=558936"},{"taxonomy":"post_tag","embeddable":true,"href":"https:\/\/www.europesays.com\/fr\/wp-json\/wp\/v2\/tags?post=558936"}],"curies":[{"name":"wp","href":"https:\/\/api.w.org\/{rel}","templated":true}]}}