{"id":55894,"date":"2025-04-27T03:30:12","date_gmt":"2025-04-27T03:30:12","guid":{"rendered":"https:\/\/www.europesays.com\/fr\/55894\/"},"modified":"2025-04-27T03:30:12","modified_gmt":"2025-04-27T03:30:12","slug":"il-etait-normal-naturel-et-legitime-que-la-corse-soit-representee","status":"publish","type":"post","link":"https:\/\/www.europesays.com\/fr\/55894\/","title":{"rendered":"Il \u00e9tait normal, naturel et l\u00e9gitime que la Corse soit repr\u00e9sent\u00e9e"},"content":{"rendered":"<p>Gilles Simeoni a eu le privil\u00e8ge d&rsquo;assister ce samedi 26 avril, au sein de la d\u00e9l\u00e9gation fran\u00e7aise, \u00e0 la c\u00e9r\u00e9monie d&rsquo;enterrement du pape Fran\u00e7ois \u00e0 Rome.<\/p>\n<p>\u00ab\u00a0Nous avions demand\u00e9 aux ambassades de France au Vatican et \u00e0 Rome une place officielle, raconte le pr\u00e9sident de l&rsquo;Ex\u00e9cutif de Corse. Avis\u00e9, l&rsquo;\u00c9lys\u00e9e m&rsquo;a propos\u00e9 d&rsquo;int\u00e9grer la d\u00e9l\u00e9gation dirig\u00e9e par Emmanuel Macron\u00a0\u00bb.<\/p>\n<p>\u00ab\u00a0Je n&rsquo;en tire aucune fiert\u00e9 personnelle mais je suis heureux pour nous, collectivement\u00a0\u00bb<\/p>\n<p>Comme les 160 autres d\u00e9l\u00e9gations \u00e9trang\u00e8res, celle-ci \u00e9tait tr\u00e8s restreinte, compos\u00e9e du pr\u00e9sident de la R\u00e9publique, de la premi\u00e8re dame, des ministres des Affaires \u00e9trang\u00e8res et de l&rsquo;Int\u00e9rieur, des ambassadeurs de France pr\u00e8s le Saint-Si\u00e8ge et en Italie, des repr\u00e9sentants du culte fran\u00e7ais, des maires de Paris et de Marseille et de Gilles Simeoni.<\/p>\n<p>Ce dernier commente\u00a0: \u00ab\u00a0J&rsquo;\u00e9tais plac\u00e9 derri\u00e8re le carr\u00e9 des chefs d&rsquo;\u00c9tat et membres du gouvernement. Je n&rsquo;en tire bien s\u00fbr aucune fiert\u00e9 personnelle mais je suis heureux pour nous, collectivement. La Corse a \u00e9t\u00e9 le dernier voyage du pape Fran\u00e7ois, il avait v\u00e9cu avec nous un moment intense de communion. Il \u00e9tait donc finalement normal, naturel et l\u00e9gitime que la Corse soit repr\u00e9sent\u00e9e lors de cet adieu\u00a0\u00bb.<\/p>\n<p>Gilles Simeoni \u00e9voque aussi l&rsquo;\u00e9motion qui l&rsquo;a saisi devant l&rsquo;affluence des fid\u00e8les venus, place Saint-Pierre, rendre un dernier hommage au souverain pontife : \u00ab\u00a0\u00c0 travers la ferveur populaire, on ne peut que constater qu&rsquo;il aura \u00e9t\u00e9 un pape extr\u00eamement marquant, peut-\u00eatre en raison de l&rsquo;amour fou qu&rsquo;il portait au peuple chr\u00e9tien\u00a0\u00bb.<\/p>\n","protected":false},"excerpt":{"rendered":"Gilles Simeoni a eu le privil\u00e8ge d&rsquo;assister ce samedi 26 avril, au sein de la d\u00e9l\u00e9gation fran\u00e7aise, \u00e0&hellip;\n","protected":false},"author":2,"featured_media":55895,"comment_status":"","ping_status":"","sticky":false,"template":"","format":"standard","meta":{"footnotes":""},"categories":[2],"tags":[17,11,1007,1011,27,11846,15101,7238,12,12672,316,8995,25,15100],"class_list":{"0":"post-55894","1":"post","2":"type-post","3":"status-publish","4":"format-standard","5":"has-post-thumbnail","7":"category-actualites","8":"tag-17","9":"tag-actualites","10":"tag-aux","11":"tag-fr","12":"tag-france","13":"tag-francois","14":"tag-funerailles","15":"tag-gilles","16":"tag-news","17":"tag-pape","18":"tag-politique","19":"tag-present","20":"tag-republique-francaise","21":"tag-simeoni"},"share_on_mastodon":{"url":"https:\/\/pubeurope.com\/@fr\/114407815713927991","error":""},"_links":{"self":[{"href":"https:\/\/www.europesays.com\/fr\/wp-json\/wp\/v2\/posts\/55894","targetHints":{"allow":["GET"]}}],"collection":[{"href":"https:\/\/www.europesays.com\/fr\/wp-json\/wp\/v2\/posts"}],"about":[{"href":"https:\/\/www.europesays.com\/fr\/wp-json\/wp\/v2\/types\/post"}],"author":[{"embeddable":true,"href":"https:\/\/www.europesays.com\/fr\/wp-json\/wp\/v2\/users\/2"}],"replies":[{"embeddable":true,"href":"https:\/\/www.europesays.com\/fr\/wp-json\/wp\/v2\/comments?post=55894"}],"version-history":[{"count":0,"href":"https:\/\/www.europesays.com\/fr\/wp-json\/wp\/v2\/posts\/55894\/revisions"}],"wp:featuredmedia":[{"embeddable":true,"href":"https:\/\/www.europesays.com\/fr\/wp-json\/wp\/v2\/media\/55895"}],"wp:attachment":[{"href":"https:\/\/www.europesays.com\/fr\/wp-json\/wp\/v2\/media?parent=55894"}],"wp:term":[{"taxonomy":"category","embeddable":true,"href":"https:\/\/www.europesays.com\/fr\/wp-json\/wp\/v2\/categories?post=55894"},{"taxonomy":"post_tag","embeddable":true,"href":"https:\/\/www.europesays.com\/fr\/wp-json\/wp\/v2\/tags?post=55894"}],"curies":[{"name":"wp","href":"https:\/\/api.w.org\/{rel}","templated":true}]}}