{"id":558945,"date":"2025-11-26T02:12:20","date_gmt":"2025-11-26T02:12:20","guid":{"rendered":"https:\/\/www.europesays.com\/fr\/558945\/"},"modified":"2025-11-26T02:12:20","modified_gmt":"2025-11-26T02:12:20","slug":"plus-de-150-salaries-de-groupama-gan-se-mobilisent-pour-une-augmentation-des-salaires","status":"publish","type":"post","link":"https:\/\/www.europesays.com\/fr\/558945\/","title":{"rendered":"plus de 150 salari\u00e9s de Groupama Gan se mobilisent pour une augmentation des salaires"},"content":{"rendered":"<p>\u00ab\u00a0Une augmentation pour toutes et tous.\u00a0\u00bb Plus de 150\u00a0salari\u00e9s se sont rassembl\u00e9s ce mardi 25\u00a0novembre, vers 13\u00a0heures \u00e0 l\u2019appel d\u2019une intersyndicale CFDT, CGT et CFE-CGC devant le si\u00e8ge de Groupama Gan Vie, rue du Golf \u00e0 M\u00e9rignac. \u00ab\u00a0Les n\u00e9gociations de salaires au sein du groupe se sont termin\u00e9es sur un constat de d\u00e9saccord\u00a0\u00bb, t\u00e9moigne un membre de l\u2019intersyndicale. \u00ab\u00a0Nous r\u00e9clamons une augmentation collective, au moins \u00e9gale \u00e0 l\u2019inflation. La direction n\u2019a propos\u00e9 que des augmentations individuelles, ce qui exclue beaucoup de salari\u00e9s, et une majoration pour les petits salaires.\u00a0\u00bb<\/p>\n","protected":false},"excerpt":{"rendered":"\u00ab\u00a0Une augmentation pour toutes et tous.\u00a0\u00bb Plus de 150\u00a0salari\u00e9s se sont rassembl\u00e9s ce mardi 25\u00a0novembre, vers 13\u00a0heures \u00e0&hellip;\n","protected":false},"author":2,"featured_media":558946,"comment_status":"","ping_status":"","sticky":false,"template":"","format":"standard","meta":{"footnotes":""},"categories":[2817],"tags":[1111,11,1997,1777,674,1011,27,12,2219,25],"class_list":{"0":"post-558945","1":"post","2":"type-post","3":"status-publish","4":"format-standard","5":"has-post-thumbnail","7":"category-bordeaux","8":"tag-actu","9":"tag-actualites","10":"tag-bordeaux","11":"tag-eu","12":"tag-europe","13":"tag-fr","14":"tag-france","15":"tag-news","16":"tag-nouvelle-aquitaine","17":"tag-republique-francaise"},"share_on_mastodon":{"url":"https:\/\/pubeurope.com\/@fr\/115613580915882000","error":""},"_links":{"self":[{"href":"https:\/\/www.europesays.com\/fr\/wp-json\/wp\/v2\/posts\/558945","targetHints":{"allow":["GET"]}}],"collection":[{"href":"https:\/\/www.europesays.com\/fr\/wp-json\/wp\/v2\/posts"}],"about":[{"href":"https:\/\/www.europesays.com\/fr\/wp-json\/wp\/v2\/types\/post"}],"author":[{"embeddable":true,"href":"https:\/\/www.europesays.com\/fr\/wp-json\/wp\/v2\/users\/2"}],"replies":[{"embeddable":true,"href":"https:\/\/www.europesays.com\/fr\/wp-json\/wp\/v2\/comments?post=558945"}],"version-history":[{"count":0,"href":"https:\/\/www.europesays.com\/fr\/wp-json\/wp\/v2\/posts\/558945\/revisions"}],"wp:featuredmedia":[{"embeddable":true,"href":"https:\/\/www.europesays.com\/fr\/wp-json\/wp\/v2\/media\/558946"}],"wp:attachment":[{"href":"https:\/\/www.europesays.com\/fr\/wp-json\/wp\/v2\/media?parent=558945"}],"wp:term":[{"taxonomy":"category","embeddable":true,"href":"https:\/\/www.europesays.com\/fr\/wp-json\/wp\/v2\/categories?post=558945"},{"taxonomy":"post_tag","embeddable":true,"href":"https:\/\/www.europesays.com\/fr\/wp-json\/wp\/v2\/tags?post=558945"}],"curies":[{"name":"wp","href":"https:\/\/api.w.org\/{rel}","templated":true}]}}