{"id":558947,"date":"2025-11-26T02:13:13","date_gmt":"2025-11-26T02:13:13","guid":{"rendered":"https:\/\/www.europesays.com\/fr\/558947\/"},"modified":"2025-11-26T02:13:13","modified_gmt":"2025-11-26T02:13:13","slug":"le-corps-sans-vie-dun-adolescent-de-17-ans-retrouve-dans-la-cour-dun-lycee-a-bordeaux","status":"publish","type":"post","link":"https:\/\/www.europesays.com\/fr\/558947\/","title":{"rendered":"Le corps sans vie d\u2019un adolescent de 17 ans retrouv\u00e9 dans la cour d\u2019un lyc\u00e9e \u00e0 Bordeaux"},"content":{"rendered":"<p class=\"text-uppercase text-white f-sans-serif fw-bold fs-5 mb-0\">Un cookie pour nous soutenir<\/p>\n<p>            J&rsquo;accepte les cookies<\/p>\n<p class=\"text-white f-sans-serif fs-7\">Nous avons besoin de vos cookies pour vous offrir une exp\u00e9rience de lecture optimale et vous proposer des publicit\u00e9s personnalis\u00e9es.<\/p>\n<p class=\"text-white f-sans-serif fs-7\">Accepter les cookies, c\u2019est permettre gr\u00e2ce aux revenus compl\u00e9mentaires de soutenir le travail de nos 180 journalistes qui veillent au quotidien \u00e0 vous offrir une information de qualit\u00e9 et diversifi\u00e9e. Ainsi, vous pourrez acc\u00e9der librement au site.<\/p>\n<p class=\"text-white f-sans-serif fs-7\">Vous pouvez choisir de refuser les cookies en vous connectant ou en vous abonnant.<\/p>\n<p>\n                Je m&rsquo;abonne<br \/>\n                Je me connecte \/ Je cr\u00e9\u00e9 un compte\n            <\/p>\n","protected":false},"excerpt":{"rendered":"Un cookie pour nous soutenir J&rsquo;accepte les cookies Nous avons besoin de vos cookies pour vous offrir une&hellip;\n","protected":false},"author":2,"featured_media":558948,"comment_status":"","ping_status":"","sticky":false,"template":"","format":"standard","meta":{"footnotes":""},"categories":[2817],"tags":[1111,11,1997,1777,674,1011,27,12,2219,25],"class_list":{"0":"post-558947","1":"post","2":"type-post","3":"status-publish","4":"format-standard","5":"has-post-thumbnail","7":"category-bordeaux","8":"tag-actu","9":"tag-actualites","10":"tag-bordeaux","11":"tag-eu","12":"tag-europe","13":"tag-fr","14":"tag-france","15":"tag-news","16":"tag-nouvelle-aquitaine","17":"tag-republique-francaise"},"share_on_mastodon":{"url":"https:\/\/pubeurope.com\/@fr\/115613584994202402","error":""},"_links":{"self":[{"href":"https:\/\/www.europesays.com\/fr\/wp-json\/wp\/v2\/posts\/558947","targetHints":{"allow":["GET"]}}],"collection":[{"href":"https:\/\/www.europesays.com\/fr\/wp-json\/wp\/v2\/posts"}],"about":[{"href":"https:\/\/www.europesays.com\/fr\/wp-json\/wp\/v2\/types\/post"}],"author":[{"embeddable":true,"href":"https:\/\/www.europesays.com\/fr\/wp-json\/wp\/v2\/users\/2"}],"replies":[{"embeddable":true,"href":"https:\/\/www.europesays.com\/fr\/wp-json\/wp\/v2\/comments?post=558947"}],"version-history":[{"count":0,"href":"https:\/\/www.europesays.com\/fr\/wp-json\/wp\/v2\/posts\/558947\/revisions"}],"wp:featuredmedia":[{"embeddable":true,"href":"https:\/\/www.europesays.com\/fr\/wp-json\/wp\/v2\/media\/558948"}],"wp:attachment":[{"href":"https:\/\/www.europesays.com\/fr\/wp-json\/wp\/v2\/media?parent=558947"}],"wp:term":[{"taxonomy":"category","embeddable":true,"href":"https:\/\/www.europesays.com\/fr\/wp-json\/wp\/v2\/categories?post=558947"},{"taxonomy":"post_tag","embeddable":true,"href":"https:\/\/www.europesays.com\/fr\/wp-json\/wp\/v2\/tags?post=558947"}],"curies":[{"name":"wp","href":"https:\/\/api.w.org\/{rel}","templated":true}]}}