{"id":558949,"date":"2025-11-26T02:14:18","date_gmt":"2025-11-26T02:14:18","guid":{"rendered":"https:\/\/www.europesays.com\/fr\/558949\/"},"modified":"2025-11-26T02:14:18","modified_gmt":"2025-11-26T02:14:18","slug":"foret-de-sapins-marches-parades-patinoire-voici-neuf-facons-de-vivre-la-magie-de-noel-a-toulouse","status":"publish","type":"post","link":"https:\/\/www.europesays.com\/fr\/558949\/","title":{"rendered":"For\u00eat de sapins, march\u00e9s, parades, patinoire&#8230; Voici neuf fa\u00e7ons de vivre la magie de No\u00ebl \u00e0 Toulouse"},"content":{"rendered":"<p>                    Par<br \/>\n        <strong><br \/>\n            <a href=\"https:\/\/actu.fr\/auteur\/lucie-2\" title=\"Consulter tous les articles de Lucie Fraisse\" target=\"_blank\" rel=\"noopener\">Lucie Fraisse<\/a><br \/>\n                    <\/strong><\/p>\n<p>        Publi\u00e9 le<\/p>\n<p>            25 nov. 2025 \u00e0 18h53        <\/p>\n<p>On entre \u00e0 peine dans la p\u00e9riode de l\u2019Avent, mais <a href=\"https:\/\/actu.fr\/toulouse\/dernieres-actus\" target=\"_blank\" rel=\"noopener\">Toulouse<\/a> s\u2019appr\u00eate \u00e0 plonger dans la magie de No\u00ebl d\u00e8s cet ultime week-end de novembre. Les festivit\u00e9s seront officiellement lanc\u00e9es le <strong>vendredi 28\u00a0novembre, \u00e0 18h30, au pied du sapin g\u00e9ant des Ramblas<\/strong>, sur les all\u00e9es Jean-Jaur\u00e8s. Et pendant tout le mois qui suivra, de nombreuses animations seront \u00e0 d\u00e9couvrir \u00e0 Toulouse. Voici notre s\u00e9lection.<\/p>\n<p>#1. Une inauguration en grande pompe<br \/>\n    <img   decoding=\"async\" loading=\"lazy\" src=\"https:\/\/www.europesays.com\/fr\/wp-content\/uploads\/2025\/11\/whatsapp-image-2025-11-24-at-201448-960x640.jpeg\" alt=\"Une parade lancera les festivit\u00e9s de No\u00ebl.\" width=\"960\" height=\"640\"\/><br \/>\n    Une parade lancera les festivit\u00e9s de No\u00ebl. (\u00a9L.F.\/actu Toulouse)<\/p>\n<p class=\" wall-content\">Les festivit\u00e9s de No\u00ebl seront inaugur\u00e9es \u00e0 Toulouse le vendredi 28\u00a0novembre 2025. Ce jour-l\u00e0, <a href=\"https:\/\/actu.fr\/occitanie\/toulouse_31555\/pourquoi-des-tracteurs-illumines-deambuleront-dans-les-rues-de-toulouse_63467989.html\" target=\"_blank\" rel=\"noopener\">apr\u00e8s un d\u00e9fil\u00e9 de tracteurs<\/a> (d\u00e8s 15h45\u2009; d\u00e9part des Ramblas)\u2009; puis une chorale de No\u00ebl au pied du sapin, \u00e0 \u00e9couter en d\u00e9gustant un chocolat chaud et du pain d\u2019\u00e9pices d\u00e8s 17\u2009h45, le compte \u00e0 rebours de l\u2019allumage des illuminations sera lanc\u00e9, \u00e0 18\u2009h30, en pr\u00e9sence de Jean-Luc Moudenc.<\/p>\n<p class=\" wall-content\">Suivra la grande parade de No\u00ebl qui ira des Ramblas au Capitole.<\/p>\n<p>#2. Une for\u00eat de sapins en ville<\/p>\n<p class=\" wall-content\">C\u2019est une petite nouveaut\u00e9 de ce cru 2025 des festivit\u00e9s de No\u00ebl\u2009: une for\u00eat de sapins investit la place saint-Etienne du 27\u00a0novembre au 5\u00a0janvier. On pourra s\u2019y promener, mais aussi y acheter son arbre de No\u00ebl. Sur place, un man\u00e8ge et des chalets gourmands.<\/p>\n<p>#3. Les march\u00e9s de No\u00ebl<\/p>\n<p class=\" wall-content\">De la gourmandise et des id\u00e9es cadeaux en tout genre, c\u2019est l\u2019essence m\u00eame <a href=\"https:\/\/actu.fr\/occitanie\/toulouse_31555\/toulouse-se-prepare-a-revetir-ses-habits-de-fete-le-marche-de-noel-s-installe-place-du-capitole_63432417.html\" target=\"_blank\" rel=\"noopener\">des march\u00e9s de No\u00ebl<\/a>. Le principal se tient<a href=\"https:\/\/actu.fr\/occitanie\/toulouse_31555\/toulouse-illuminations-cadeaux-et-aligot-voici-les-dates-du-prochain-marche-de-noel_63361542.html\" target=\"_blank\" rel=\"noopener\"> sur la place du Capitole du 27\u00a0novembre au 28\u00a0d\u00e9cembre<\/a>. 94 chalets accessibles d\u00e8s 10\u2009h30 (jusqu\u2019\u00e0 21h du dimanche au jeudi et 22\u00a0heures les vendredis et samedis).<\/p>\n<p class=\" wall-content\">De l\u2019autre c\u00f4t\u00e9 de la place du Capitole, square de Gaulle, aux m\u00eames dates, le village enchant\u00e9 de No\u00ebl sera d\u00e9di\u00e9 aux enfants et aux familles. On y trouvera notamment des gourmandises et quatre chalets r\u00e9serv\u00e9s aux jeunes cr\u00e9ateurs.<\/p>\n<p>Votre r\u00e9gion, votre actu !<\/p>\n<p>Recevez chaque jour les infos qui comptent pour vous.<\/p>\n<p>\t<a href=\"https:\/\/actu.fr\/newsletter\" class=\"ac-btn ac-btn--corner ac-btn--medium ac-btn--blue800\" target=\"_blank\" rel=\"noopener\">S&rsquo;incrire<\/a><\/p>\n<p class=\" wall-content\">Sur les Ramblas, c\u2019est un march\u00e9 enti\u00e8rement d\u00e9di\u00e9 aux cr\u00e9ateurs et artisans locaux qui est \u00e0 d\u00e9couvrir du 27\u00a0novembre \u00e0 10h30 au mardi 24\u00a0d\u00e9cembre \u00e0 17\u00a0heures.<\/p>\n<p class=\" wall-content\">All\u00e9e Jules-Guesde, c\u2019est un march\u00e9 artisanal et solidaire qui prend place, \u00e0 d\u00e9couvrir du 29\u00a0novembre au 21\u00a0d\u00e9cembre. Des producteurs locaux seront aussi sur place et proposeront leurs gourmandises (ouvert tous les jours de 11h \u00e0 19h30 et jusqu\u2019\u00e0 21h les vendredis et samedis).<\/p>\n<p>#4. Du shopping tous\u00a0les dimanches<\/p>\n<p class=\" wall-content\">Les courses de No\u00ebl sept jours sur sept\u2009! Les commerces de Toulouse seront ouverts tous les dimanches du mois de d\u00e9cembre, pour faire ses cadeaux\u2026 et m\u00eame les \u00e9changer. Rendez-vous les 1er, 8, 15, 21 et 29\u00a0d\u00e9cembre.<\/p>\n<p>#5. Une photo avec le P\u00e8re No\u00ebl<\/p>\n<p class=\" wall-content\">C\u2019est la star incontest\u00e9e, mais malgr\u00e9 cette p\u00e9riode qu\u2019on imagine tr\u00e8s charg\u00e9e pour lui, le P\u00e8re No\u00ebl fera plusieurs apparitions \u00e0 Toulouse. On pourra en effet le croiser \u00e0 la Maison du P\u00e8re No\u00ebl, square Charles de Gaulle, tous les mercredis, samedis et dimanches jusqu\u2019au 24\u00a0d\u00e9cembre pour faire une petite photo. Des ateliers maquillage artistiques, taoto \u00e9ph\u00e9m\u00e8re, sculptures de ballons seront aussi propos\u00e9s ces jours-l\u00e0.<\/p>\n<p class=\" wall-content\">Les lutins seront eux pr\u00e9sents tous les jours pour aider les enfants \u00e0 \u00e9crire leurs lettres de No\u00ebl.<\/p>\n<p class=\" wall-content\">Et si l\u2019ambiance de No\u00ebl n\u2019est pas votre tasse de th\u00e9, sachez qu\u2019un alli\u00e9 sera pr\u00e9sent le 21\u00a0d\u00e9cembre\u2009: le Grinch s\u2019invite en effet au chalet du P\u00e8re No\u00ebl de 14h30 \u00e0 18\u2009h30.<\/p>\n<p>#6. Des man\u00e8ges de No\u00ebl<\/p>\n<p class=\" wall-content\">On ne pr\u00e9sente plus le sapin g\u00e9ant et ses boules\u2009: il sera de nouveau pr\u00e9sent rue d\u2019Alsace-Lorraine, au niveau du square Charles-de-Gaulle. On pourra y acc\u00e9der du 27\u00a0novembre au 10\u00a0janvier, du dimanche au jeudi de 10\u00a0heures \u00e0 21\u00a0heures et les vendredis et samedis de 10 \u00e0 22\u00a0heures.<\/p>\n<p class=\" wall-content\">Et le petit train sera bien pr\u00e9sent sur la place du Capitole.<\/p>\n<p>#7. Des chorales, des concerts, des spectacles\u2026<\/p>\n<p class=\" wall-content\">Les centres culturels de Toulouse proposent des spectacles, des contes et des concerts pour les enfants pendant tout le mois de d\u00e9cembre.<\/p>\n<p class=\" wall-content\">Place du Capitole et square Charles de Gaulle, des parades, orchestres et chorales seront r\u00e9guli\u00e8rement organis\u00e9s.<\/p>\n<p class=\" wall-content\">Une cal\u00e8che de No\u00ebl arpentera aussi diff\u00e9rents quartiers de Toulouse tout au long du mois de d\u00e9cembre.<\/p>\n<p>#8. Un spectacle d\u2019aurores bor\u00e9ales<\/p>\n<p class=\" wall-content\">C\u2019est l\u2019une des nouveaut\u00e9s de cette saison de No\u00ebl \u00e0 Toulouse. Rendez-vous samedi 20\u00a0d\u00e9cembre pour trois parades et<a href=\"https:\/\/actu.fr\/occitanie\/toulouse_31555\/toulouse-un-spectacle-d-aurores-boreales-va-illuminer-le-centre-ville-pour-noel_63471646.html\" target=\"_blank\" rel=\"noopener\"> un spectacle d\u2019aurores bor\u00e9ales<\/a> afin de c\u00e9l\u00e9brer les vacances scolaires.<\/p>\n<p class=\" wall-content\">Les parades partiront de la place Saint-Georges \u00e0 17\u2009h30, de la rue de Mets \u00e0 18 heures, de la place Saint-Sernin \u00e0 18h15. Le spectacle d\u2019aurores bor\u00e9ales sera projet\u00e9 tout autour du port de la Daurade de 18\u00a0heures \u00e0 22\u00a0heures.<\/p>\n<p>#9. Une patinoire<\/p>\n<p class=\" wall-content\">Pas de No\u00ebl \u00e0 Toulouse sans patinoire place du Capitole. Elle sera ouverte jusqu\u2019au 4\u00a0janvier. Les patineurs pourront profiter des 250 m\u00b2 de ce tapis glac\u00e9 (5\u00a0euros les 45\u00a0minutes, location des patins comprise).<\/p>\n<p class=\" wall-content\">Personnalisez votre actualit\u00e9 en ajoutant vos villes et m\u00e9dias en favori avec <a href=\"https:\/\/moncompte.actu.fr\" title=\"D\u00e9couvez Mon Actu\" rel=\"nofollow noopener\" data-trk=\"{&quot;cta&quot;:{&quot;action&quot;:&quot;https:\\\/\\\/moncompte.actu.fr&quot;,&quot;category&quot;:&quot;mon compte&quot;,&quot;from&quot;:&quot;article footer&quot;,&quot;name&quot;:&quot;Mon actu&quot;,&quot;type&quot;:&quot;cta&quot;}}\" target=\"_blank\">Mon Actu<\/a>.<\/p>\n","protected":false},"excerpt":{"rendered":"Par Lucie Fraisse Publi\u00e9 le 25 nov. 2025 \u00e0 18h53 On entre \u00e0 peine dans la p\u00e9riode de&hellip;\n","protected":false},"author":2,"featured_media":558950,"comment_status":"","ping_status":"","sticky":false,"template":"","format":"standard","meta":{"footnotes":""},"categories":[2816],"tags":[1111,11,1777,674,1011,27,1652,12,15830,2680,25,2312],"class_list":{"0":"post-558949","1":"post","2":"type-post","3":"status-publish","4":"format-standard","5":"has-post-thumbnail","7":"category-toulouse","8":"tag-actu","9":"tag-actualites","10":"tag-eu","11":"tag-europe","12":"tag-fr","13":"tag-france","14":"tag-loisirs-culture","15":"tag-news","16":"tag-noel","17":"tag-occitanie","18":"tag-republique-francaise","19":"tag-toulouse"},"share_on_mastodon":{"url":"https:\/\/pubeurope.com\/@fr\/115613589931965290","error":""},"_links":{"self":[{"href":"https:\/\/www.europesays.com\/fr\/wp-json\/wp\/v2\/posts\/558949","targetHints":{"allow":["GET"]}}],"collection":[{"href":"https:\/\/www.europesays.com\/fr\/wp-json\/wp\/v2\/posts"}],"about":[{"href":"https:\/\/www.europesays.com\/fr\/wp-json\/wp\/v2\/types\/post"}],"author":[{"embeddable":true,"href":"https:\/\/www.europesays.com\/fr\/wp-json\/wp\/v2\/users\/2"}],"replies":[{"embeddable":true,"href":"https:\/\/www.europesays.com\/fr\/wp-json\/wp\/v2\/comments?post=558949"}],"version-history":[{"count":0,"href":"https:\/\/www.europesays.com\/fr\/wp-json\/wp\/v2\/posts\/558949\/revisions"}],"wp:featuredmedia":[{"embeddable":true,"href":"https:\/\/www.europesays.com\/fr\/wp-json\/wp\/v2\/media\/558950"}],"wp:attachment":[{"href":"https:\/\/www.europesays.com\/fr\/wp-json\/wp\/v2\/media?parent=558949"}],"wp:term":[{"taxonomy":"category","embeddable":true,"href":"https:\/\/www.europesays.com\/fr\/wp-json\/wp\/v2\/categories?post=558949"},{"taxonomy":"post_tag","embeddable":true,"href":"https:\/\/www.europesays.com\/fr\/wp-json\/wp\/v2\/tags?post=558949"}],"curies":[{"name":"wp","href":"https:\/\/api.w.org\/{rel}","templated":true}]}}