{"id":558955,"date":"2025-11-26T02:19:20","date_gmt":"2025-11-26T02:19:20","guid":{"rendered":"https:\/\/www.europesays.com\/fr\/558955\/"},"modified":"2025-11-26T02:19:20","modified_gmt":"2025-11-26T02:19:20","slug":"nouveau-a-marseille-cette-enseigne-qui-vend-un-objet-ultra-populaire-ouvre-en-plein-centre","status":"publish","type":"post","link":"https:\/\/www.europesays.com\/fr\/558955\/","title":{"rendered":"Nouveau \u00e0 Marseille. Cette enseigne qui vend un objet ultra-populaire ouvre en plein centre"},"content":{"rendered":"<p>                    Par<br \/>\n        <strong><br \/>\n            <a href=\"https:\/\/actu.fr\/auteur\/fabien-binacchi\" title=\"Consulter tous les articles de Fabien Binacchi\" target=\"_blank\" rel=\"noopener\">Fabien Binacchi<\/a><br \/>\n                    <\/strong><\/p>\n<p>        Publi\u00e9 le<\/p>\n<p>            25 nov. 2025 \u00e0 17h52        <\/p>\n<p>C\u2019est une inauguration qui va faire du bruit. L\u2019enseigne chinoise y est habitu\u00e9e. \u00c0 chacune de ses ouvertures, comme \u00e0 Lille ou \u00e0 Lyon derni\u00e8rement, Pop Mart, qui commercialise<a href=\"https:\/\/actu.fr\/provence-alpes-cote-d-azur\/marseille_13055\/marseille-les-douanes-tombent-sur-ces-contrefacons-qui-font-fureur-le-nouveau-trafic-a-la-mode_63114611.html\" target=\"_blank\" rel=\"noopener\"> les figurines Labubu,<\/a> <strong>d\u00e9place les foules.<\/strong> Et <a href=\"https:\/\/actu.fr\/marseille\/\" target=\"_blank\" rel=\"noopener\">Marseille<\/a> ne devrait pas faire exception. Surtout \u00e0 l\u2019approche de No\u00ebl. C\u2019est <strong>en plein centre<\/strong> de la cit\u00e9 phoc\u00e9enne que la marque s\u2019appr\u00eate \u00e0 ouvrir un nouveau point de vente. Voil\u00e0 ce que l\u2019on sait.<\/p>\n<p>Dans quelques jours rue Saint-Ferr\u00e9ol<\/p>\n<p class=\" wall-content\">Au <strong>28 rue Saint-Ferr\u00e9ol, \u00e0 l\u2019angle avec la rue Vacon,<\/strong> l\u2019enseigne Minelli est encore visible. Mais la devanture noire de l\u2019ancien magasin de chaussures, qui avait d\u00e9finitivement baiss\u00e9 le rideau en janvier\u00a02024, va prendre des tons beaucoup plus joyeux.<\/p>\n<p>    <img   decoding=\"async\" loading=\"lazy\" src=\"https:\/\/www.europesays.com\/fr\/wp-content\/uploads\/2025\/11\/design-sans-titre-20-1-960x640.png\" alt=\"pop mart marseille travaux\" width=\"960\" height=\"640\"\/><br \/>\n    Les travaux s\u2019acc\u00e9l\u00e8rent pour une ouverture la prochaine semaine. (\u00a9Fabien Binacchi \/ actu Marseille)<\/p>\n<p class=\" wall-content\">Sur place, les travaux entam\u00e9s il y a un mois s\u2019acc\u00e9l\u00e8rent. Une source indique que l\u2019ouverture du magasin Pop Mart est pr\u00e9vue <strong>\u00ab\u2009d\u00e9but d\u00e9cembre\u2009\u00bb, soit en fait d\u00e8s \u00ab\u2009la semaine prochaine\u2009\u00bb.<\/strong> Le jour exact devra \u00eatre pr\u00e9cis\u00e9 dans les jours \u00e0 venir. Et il est fort \u00e0 parier que les nombreux fans des produits vendus par l\u2019enseigne chinoise Pop Mart, qui suivent chacune de ses annonces avec attention, seront au rendez-vous.<\/p>\n<p>    <a href=\"https:\/\/www.google.com\/maps\/embed?pb=!1m18!1m12!1m3!1d3130.798353322995!2d5.374790211964231!3d43.29481047100096!2m3!1f0!2f0!3f0!3m2!1i1024!2i768!4f13.1!3m3!1m2!1s0x12c9c0b94c5080ff%3A0x37dabe0aba5c951c!2s28%20Rue%20Saint-Ferr%C3%A9ol%2C%2013001%20Marseille!5e1!3m2!1sfr!2sfr!4v1764087734965!5m2!1sfr!2sfr\" title=\"Ouvrie le lien\" target=\"_blank\" rel=\"noopener\">Cliquez ici pour visualiser le contenu<\/a><\/p>\n<p class=\" wall-content\">\u00c0 Lyon, o\u00f9 Pop Mart s\u2019est \u00e9galement implant\u00e9 le 26\u00a0septembre, <a href=\"https:\/\/actu.fr\/auvergne-rhone-alpes\/lyon_69123\/lyon-grosse-file-d-attente-a-la-part-dieu-c-est-quoi-cette-nouvelle-boutique-qui-cartonne_63219259.html\" target=\"_blank\" rel=\"noopener\">les clients avaient d\u00fb patienter par centaines<\/a> avant de pouvoir passer \u00e0 la caisse. <strong>Une file d\u2019attente monstre<\/strong> s\u2019\u00e9tait form\u00e9e au rez-de-chauss\u00e9e du centre commercial Part-Dieu.<\/p>\n<p>Un buzz sur les r\u00e9seaux sociaux<\/p>\n<p class=\" wall-content\">Dans la cit\u00e9 phoc\u00e9enne, le public ne devrait pas bouder cette ouverture, surtout <strong>\u00e0 quelques semaines des f\u00eates de fin d\u2019ann\u00e9e<\/strong> et surtout pour les Labubus.<\/p>\n<p>Votre r\u00e9gion, votre actu !<\/p>\n<p>Recevez chaque jour les infos qui comptent pour vous.<\/p>\n<p>\t<a href=\"https:\/\/actu.fr\/newsletter\" class=\"ac-btn ac-btn--corner ac-btn--medium ac-btn--blue800\" target=\"_blank\" rel=\"noopener\">S&rsquo;incrire<\/a><\/p>\n<p class=\" wall-content\">Ces peluches, produites en quantit\u00e9s limit\u00e9es et g\u00e9n\u00e9ralement vendues dans des \u00ab\u2009bo\u00eetes myst\u00e8res\u2009\u00bb (l\u2019acheteur ignore quel mod\u00e8le sera \u00e0 l\u2019int\u00e9rieur), ont explos\u00e9 r\u00e9cemment \u00e0 la suite d\u2019<strong>un ph\u00e9nom\u00e8ne viral<\/strong> sur les r\u00e9seaux sociaux. Un v\u00e9ritable buzz aliment\u00e9 notamment par des stars, Madonna, Rihanna ou encore Brad Pitt en t\u00eate.<\/p>\n<p class=\" wall-content\"><a href=\"https:\/\/www.instagram.com\/p\/DN1LN8iZM7s\/embed\" title=\"Ouvrir le lien sur Instagram\" target=\"_blank\" rel=\"noopener\">Visualiser le contenu sur Instagram<\/a><\/p>\n<p class=\" wall-content\">Depuis, l\u2019engouement est tel que des contrefa\u00e7ons inondent m\u00eame le march\u00e9. Y compris \u00e0 Marseille. \u00c0 la fin de l\u2019\u00e9t\u00e9 2025, <strong>plusieurs centaines de faux articles<\/strong> avaient ainsi \u00e9t\u00e9 intercept\u00e9es \u00e0 l\u2019a\u00e9roport de Marignane, comme <a href=\"https:\/\/actu.fr\/provence-alpes-cote-d-azur\/marseille_13055\/marseille-les-douanes-tombent-sur-ces-contrefacons-qui-font-fureur-le-nouveau-trafic-a-la-mode_63114611.html\" target=\"_blank\" rel=\"noopener\">l\u2019avait r\u00e9v\u00e9l\u00e9 notre r\u00e9daction.<\/a><\/p>\n<p>Des produits Disney \u00e9galement sur les \u00e9tals<\/p>\n<p class=\" wall-content\">Le magasin Pop Mart de Marseille proposera \u00e9galement les autres essentiels de l\u2019enseigne. Elle commercialise aussi toute une gamme de figurines en lien avec <strong>des licences tr\u00e8s populaires<\/strong> comme Disney, avec Zootopie, Lilo &amp; Stitch ou encore Star Wars.<\/p>\n<p class=\" wall-content\">Un univers \u00ab\u2009kawaii\u2009\u00bb (mignon en japonais) qui fait d\u00e9cid\u00e9ment recette. Rue Saint-Ferr\u00e9ol, c\u2019est un concurrent sur ce segment, <strong>Miniso,<\/strong> qui a aussi ouvert au cours de l\u2019\u00e9t\u00e9.<\/p>\n<p class=\" wall-content\">Personnalisez votre actualit\u00e9 en ajoutant vos villes et m\u00e9dias en favori avec <a href=\"https:\/\/moncompte.actu.fr\" title=\"D\u00e9couvez Mon Actu\" rel=\"nofollow noopener\" data-trk=\"{&quot;cta&quot;:{&quot;action&quot;:&quot;https:\\\/\\\/moncompte.actu.fr&quot;,&quot;category&quot;:&quot;mon compte&quot;,&quot;from&quot;:&quot;article footer&quot;,&quot;name&quot;:&quot;Mon actu&quot;,&quot;type&quot;:&quot;cta&quot;}}\" target=\"_blank\">Mon Actu<\/a>.<\/p>\n<p>                    <script async src=\"\/\/www.instagram.com\/embed.js\"><\/script><\/p>\n","protected":false},"excerpt":{"rendered":"Par Fabien Binacchi Publi\u00e9 le 25 nov. 2025 \u00e0 17h52 C\u2019est une inauguration qui va faire du bruit.&hellip;\n","protected":false},"author":2,"featured_media":558956,"comment_status":"","ping_status":"","sticky":false,"template":"","format":"standard","meta":{"footnotes":""},"categories":[2814],"tags":[1111,11,215,1777,674,1011,27,1305,884,12,3147,882,25],"class_list":{"0":"post-558955","1":"post","2":"type-post","3":"status-publish","4":"format-standard","5":"has-post-thumbnail","7":"category-marseille","8":"tag-actu","9":"tag-actualites","10":"tag-commerce","11":"tag-eu","12":"tag-europe","13":"tag-fr","14":"tag-france","15":"tag-lifestyle","16":"tag-marseille","17":"tag-news","18":"tag-nouveaux-commerces","19":"tag-provence-alpes-cote-dazur","20":"tag-republique-francaise"},"share_on_mastodon":{"url":"https:\/\/pubeurope.com\/@fr\/115613609289509350","error":""},"_links":{"self":[{"href":"https:\/\/www.europesays.com\/fr\/wp-json\/wp\/v2\/posts\/558955","targetHints":{"allow":["GET"]}}],"collection":[{"href":"https:\/\/www.europesays.com\/fr\/wp-json\/wp\/v2\/posts"}],"about":[{"href":"https:\/\/www.europesays.com\/fr\/wp-json\/wp\/v2\/types\/post"}],"author":[{"embeddable":true,"href":"https:\/\/www.europesays.com\/fr\/wp-json\/wp\/v2\/users\/2"}],"replies":[{"embeddable":true,"href":"https:\/\/www.europesays.com\/fr\/wp-json\/wp\/v2\/comments?post=558955"}],"version-history":[{"count":0,"href":"https:\/\/www.europesays.com\/fr\/wp-json\/wp\/v2\/posts\/558955\/revisions"}],"wp:featuredmedia":[{"embeddable":true,"href":"https:\/\/www.europesays.com\/fr\/wp-json\/wp\/v2\/media\/558956"}],"wp:attachment":[{"href":"https:\/\/www.europesays.com\/fr\/wp-json\/wp\/v2\/media?parent=558955"}],"wp:term":[{"taxonomy":"category","embeddable":true,"href":"https:\/\/www.europesays.com\/fr\/wp-json\/wp\/v2\/categories?post=558955"},{"taxonomy":"post_tag","embeddable":true,"href":"https:\/\/www.europesays.com\/fr\/wp-json\/wp\/v2\/tags?post=558955"}],"curies":[{"name":"wp","href":"https:\/\/api.w.org\/{rel}","templated":true}]}}