{"id":558967,"date":"2025-11-26T02:27:19","date_gmt":"2025-11-26T02:27:19","guid":{"rendered":"https:\/\/www.europesays.com\/fr\/558967\/"},"modified":"2025-11-26T02:27:19","modified_gmt":"2025-11-26T02:27:19","slug":"trois-personnes-suspectees-despionnage-economique-et-dingerence-au-profit-de-la-russie-ecrouees","status":"publish","type":"post","link":"https:\/\/www.europesays.com\/fr\/558967\/","title":{"rendered":"trois personnes suspect\u00e9es d\u2019espionnage \u00e9conomique et d\u2019ing\u00e9rence au profit de la Russie \u00e9crou\u00e9es"},"content":{"rendered":"<p>\n    Ces trois individus ont \u00e9t\u00e9 mis en examen et \u00e9crou\u00e9s dans le cadre d\u2019une enqu\u00eate sur la fondatrice franco-russe d\u2019une association, SOS Donbass.<\/p>\n<p class=\"fig-paragraph\">Trois personnes ont \u00e9t\u00e9 mises en examen et \u00e9crou\u00e9es \u00e0\u00a0<a href=\"http:\/\/www.lefigaro.fr\/conjoncture\/a-paris-la-gare-de-lyon-va-se-refaire-une-beaute-jusqu-en-2029-20251125\" data-fig-type=\"NewsFlash\" data-gtm-custom-categorie=\"navigation\" data-gtm-custom-action=\"crossclick\" data-gtm-custom-label=\"Contextuel\" data-gtm-event=\"customEventSPE\" data-fig-domain=\"LEFIGARO\" target=\"_blank\" rel=\"noopener\">Paris<\/a>\u00a0dans le cadre d\u2019une double affaire\u00a0: espionnage \u00e9conomique au profit de\u00a0<a href=\"http:\/\/www.lefigaro.fr\/flash-actu\/pologne-deux-ukrainiens-au-service-de-moscou-soupconnes-du-sabotage-d-une-voie-ferree-20251118\" data-fig-type=\"NewsFlash\" data-gtm-custom-categorie=\"navigation\" data-gtm-custom-action=\"crossclick\" data-gtm-custom-label=\"Contextuel\" data-gtm-event=\"customEventSPE\" data-fig-domain=\"LEFIGARO\" target=\"_blank\" rel=\"noopener\">Moscou<\/a>\u00a0et ing\u00e9rence apr\u00e8s la d\u00e9couverte d\u2019affiches prorusses sur l\u2019Arc de Triomphe. L\u2019un des mis en examen, Vyacheslav P., un Russe de 40 ans, a \u00e9t\u00e9 reconnu par vid\u00e9osurveillance en train de coller d\u00e9but septembre ces affiches \u00e0 la gloire de la Russie, a pr\u00e9cis\u00e9 le parquet, interrog\u00e9 sur des informations d\u00e9voil\u00e9es par Le Parisien et Intelligence Online.<\/p>\n<p class=\"fig-paragraph\">Il en aurait ensuite rendu compte au t\u00e9l\u00e9phone \u00e0 la fondatrice de l\u2019association, une Franco-Russe de 40 ans soup\u00e7onn\u00e9e d\u2019avoir approch\u00e9 des cadres d\u2019entreprises fran\u00e7aises pour obtenir des renseignements \u00e9conomiques.<\/p>\n<p>                                    <a class=\"fig-a11y-skip a11y-hidden\" href=\"#fig-a11y-skip-main-inarticle\"><br \/>\n        Passer la publicit\u00e9<br \/>\n    <\/a><\/p>\n<p class=\"fig-paragraph\">Celle-ci, Anna M., n\u00e9e en Russie, \u00e9tait depuis au moins le d\u00e9but de l\u2019ann\u00e9e dans le radar de la Direction g\u00e9n\u00e9rale de la s\u00e9curit\u00e9 int\u00e9rieure (DGSI), qui avait d\u00e9tect\u00e9 \u00abdes agissements susceptibles de porter atteinte aux int\u00e9r\u00eats fondamentaux de la Nation\u00bb, et conduit \u00e0 l\u2019ouverture d\u2019une enqu\u00eate pr\u00e9liminaire.<\/p>\n<p>Un suspect \u00e9chappe \u00e0 la d\u00e9tention provisoire<\/p>\n<p class=\"fig-paragraph\">Un juge d\u2019instruction a ensuite \u00e9t\u00e9 d\u00e9sign\u00e9, en mars, enqu\u00eatant notamment pour \u00abintelligence avec une puissance \u00e9trang\u00e8re\u00bb, un d\u00e9lit puni de 10 ans d\u2019emprisonnement. La troisi\u00e8me personne \u00e9crou\u00e9e est un homme de 63 ans n\u00e9 en Seine-Saint-Denis, Vincent P.. Un quatri\u00e8me mis en examen, Bernard F., 58 ans, n\u00e9 \u00e0 Paris, a pu pour sa part \u00e9chapper \u00e0 la d\u00e9tention provisoire. Mais il a \u00e9t\u00e9 plac\u00e9 sous un strict contr\u00f4le judiciaire, qui l\u2019oblige \u00e0 pointer une fois par semaine au commissariat et remettre ses papiers d\u2019identit\u00e9, mais lui interdit aussi toute activit\u00e9 associative en lien avec \u00abla politique internationale de la France, la politique de la Russie ou l\u2019aide aux personnes en raison du conflit arm\u00e9 russo-ukrainien\u00bb.<\/p>\n<p class=\"fig-paragraph\">L\u2019association, qui servait selon les soup\u00e7ons de la DGSI de couverture \u00e0 ces activit\u00e9s d\u2019espionnage et de d\u00e9stabilisation, baptis\u00e9e SOS Donbass pour \u00abSud Ouest solidarit\u00e9 Donbass\u00bb, avait \u00e9t\u00e9 d\u00e9clar\u00e9e en septembre 2022 aupr\u00e8s de la pr\u00e9fecture des Pyr\u00e9n\u00e9es-Atlantiques. Elle se pr\u00e9sente comme une organisation d\u2019aide humanitaire aux civils de cette r\u00e9gion d\u2019Ukraine d\u00e9chir\u00e9e par la guerre.<\/p>\n","protected":false},"excerpt":{"rendered":"Ces trois individus ont \u00e9t\u00e9 mis en examen et \u00e9crou\u00e9s dans le cadre d\u2019une enqu\u00eate sur la fondatrice&hellip;\n","protected":false},"author":2,"featured_media":558968,"comment_status":"","ping_status":"","sticky":false,"template":"","format":"standard","meta":{"footnotes":""},"categories":[1888],"tags":[1111,1928,11,1927,4777,1777,674,1011,27,11696,12,1926,626,1925,25,132],"class_list":{"0":"post-558967","1":"post","2":"type-post","3":"status-publish","4":"format-standard","5":"has-post-thumbnail","7":"category-paris","8":"tag-actu","9":"tag-actu-paris","10":"tag-actualites","11":"tag-actualites-paris","12":"tag-espionnage","13":"tag-eu","14":"tag-europe","15":"tag-fr","16":"tag-france","17":"tag-ingerences-etrangeres","18":"tag-news","19":"tag-news-paris","20":"tag-paris","21":"tag-paris-news","22":"tag-republique-francaise","23":"tag-russie"},"share_on_mastodon":{"url":"https:\/\/pubeurope.com\/@fr\/115613639930047152","error":""},"_links":{"self":[{"href":"https:\/\/www.europesays.com\/fr\/wp-json\/wp\/v2\/posts\/558967","targetHints":{"allow":["GET"]}}],"collection":[{"href":"https:\/\/www.europesays.com\/fr\/wp-json\/wp\/v2\/posts"}],"about":[{"href":"https:\/\/www.europesays.com\/fr\/wp-json\/wp\/v2\/types\/post"}],"author":[{"embeddable":true,"href":"https:\/\/www.europesays.com\/fr\/wp-json\/wp\/v2\/users\/2"}],"replies":[{"embeddable":true,"href":"https:\/\/www.europesays.com\/fr\/wp-json\/wp\/v2\/comments?post=558967"}],"version-history":[{"count":0,"href":"https:\/\/www.europesays.com\/fr\/wp-json\/wp\/v2\/posts\/558967\/revisions"}],"wp:featuredmedia":[{"embeddable":true,"href":"https:\/\/www.europesays.com\/fr\/wp-json\/wp\/v2\/media\/558968"}],"wp:attachment":[{"href":"https:\/\/www.europesays.com\/fr\/wp-json\/wp\/v2\/media?parent=558967"}],"wp:term":[{"taxonomy":"category","embeddable":true,"href":"https:\/\/www.europesays.com\/fr\/wp-json\/wp\/v2\/categories?post=558967"},{"taxonomy":"post_tag","embeddable":true,"href":"https:\/\/www.europesays.com\/fr\/wp-json\/wp\/v2\/tags?post=558967"}],"curies":[{"name":"wp","href":"https:\/\/api.w.org\/{rel}","templated":true}]}}