{"id":558977,"date":"2025-11-26T02:33:11","date_gmt":"2025-11-26T02:33:11","guid":{"rendered":"https:\/\/www.europesays.com\/fr\/558977\/"},"modified":"2025-11-26T02:33:11","modified_gmt":"2025-11-26T02:33:11","slug":"une-menace-pour-la-securite-sanitaire-la-fronde-de-4-etats-americains-contre-ladministration-trump-sur-les-vaccins","status":"publish","type":"post","link":"https:\/\/www.europesays.com\/fr\/558977\/","title":{"rendered":"\u00ab\u00a0Une menace pour la s\u00e9curit\u00e9 sanitaire\u00a0\u00bb\u00a0: la fronde de 4 \u00c9tats am\u00e9ricains contre l\u2019administration Trump sur les vaccins"},"content":{"rendered":"<p class=\"paragraph text_align_left lp-f-body-02\">La Californie et trois autres \u00c9tats am\u00e9ricains ont d\u00e9nonc\u00e9 mardi la \u00ab d\u00e9sinformation dangereuse \u00bb de l\u2019administration Trump sugg\u00e9rant un lien entre les vaccins et l\u2019autisme, en soulignant qu\u2019elle \u00ab menace la s\u00e9curit\u00e9 sanitaire \u00bb des \u00c9tats-Unis.<\/p>\n<p class=\"paragraph text_align_left lp-f-body-02\">Depuis son retour au pouvoir, Donald Trump a nomm\u00e9 un ministre de la Sant\u00e9, Robert Kennedy Jr, connu pour ses positions antivaccins et ses croyances complotistes. Surnomm\u00e9 \u00ab RFK \u00bb, le septuag\u00e9naire a amorc\u00e9 une profonde refonte des agences sanitaires am\u00e9ricaines \u00e0 coups de limogeages massifs et de coupes budg\u00e9taires, et a promis d\u2019\u00e9tablir les causes de ce qu\u2019il qualifie d\u2019\u00ab \u00e9pid\u00e9mie \u00bb d\u2019autisme.<\/p>\n<p class=\"title-embed-dailymotion lp-color-text lp-f-subtitle-04\">Vid\u00e9oComment expliquer l&rsquo;\u00ab \u00e9pid\u00e9mie d\u2019autisme \u00bb aux \u00c9tats-Unis<\/p>\n<p class=\"paragraph text_align_left lp-f-body-02\">La semaine derni\u00e8re, les Centres pour le contr\u00f4le et la pr\u00e9vention des maladies (CDC), principale agence sanitaire des \u00c9tats-Unis, ont modifi\u00e9 leur site Internet pour se faire l\u2019\u00e9cho des th\u00e8ses du ministre. Le site du CDC \u00e9voque d\u00e9sormais un possible lien entre vaccins et autisme. Ce revirement a \u00e9t\u00e9 d\u00e9nonc\u00e9 par la communaut\u00e9 scientifique, avec certains sp\u00e9cialistes de l\u2019autisme accusant l\u2019administration Trump de revenir \u00ab au Moyen \u00c2ge \u00bb en m\u00e9prisant la science.<\/p>\n<p>\u00ab L\u2019absence de leadership f\u00e9d\u00e9ral \u00bb<\/p>\n<p class=\"paragraph text_align_left lp-f-body-02\">Un concert de critiques auxquels se joignent d\u00e9sormais la Californie, l\u2019Oregon, Hawa\u00ef et l\u2019\u00c9tat de Washington. Ces quatre \u00c9tats d\u00e9mocrates, qui ont form\u00e9 en septembre une \u00ab alliance sanitaire \u00bb pour proposer leurs propres directives, se disent \u00ab profond\u00e9ment pr\u00e9occup\u00e9s \u00bb par la d\u00e9rive des CDC et conseillent aux parents am\u00e9ricains de continuer \u00e0 vacciner leurs enfants.<\/p>\n<p class=\"paragraph text_align_left lp-f-body-02\">\u00ab L\u2019absence de leadership f\u00e9d\u00e9ral coh\u00e9rent et fond\u00e9 sur la science constitue une menace directe pour la s\u00e9curit\u00e9 sanitaire de notre nation \u00bb, estiment-ils, en rappelant que les cas de rougeole atteignent \u00ab des niveaux records sous l\u2019administration Trump depuis que l\u2019Am\u00e9rique a \u00e9radiqu\u00e9 la maladie en 2000 \u00bb.<\/p>\n<p class=\"paragraph text_align_left lp-f-body-02\">La fausse th\u00e9orie liant l\u2019autisme \u00e0 un vaccin infantile &#8211; celui contre la rougeole, les oreillons et la rub\u00e9ole (ROR) &#8211; provient d\u2019une \u00e9tude truqu\u00e9e publi\u00e9e en 1998, par la suite r\u00e9tract\u00e9e et maintes fois d\u00e9mentie. \u00ab Des recherches rigoureuses men\u00e9es sur des millions de personnes dans plusieurs pays sur des d\u00e9cennies fournissent des preuves de haute qualit\u00e9 que les vaccins ne sont pas li\u00e9s \u00e0 l\u2019autisme \u00bb, insiste le communiqu\u00e9.<\/p>\n<p class=\"paragraph text_align_left lp-f-body-02\">\u00ab Les Am\u00e9ricains m\u00e9ritent des conseils en mati\u00e8re de sant\u00e9 publique fond\u00e9s sur la science &#8211; pas des opinions \u00bb, ajoute le gouverneur de Californie, Gavin Newsom, cit\u00e9 dans ce communiqu\u00e9. \u00ab L\u2019Alliance (\u2026) continuera de suivre la science, et non de courir apr\u00e8s des conspirations et des id\u00e9es d\u00e9pass\u00e9es. \u00bb<\/p>\n","protected":false},"excerpt":{"rendered":"La Californie et trois autres \u00c9tats am\u00e9ricains ont d\u00e9nonc\u00e9 mardi la \u00ab d\u00e9sinformation dangereuse \u00bb de l\u2019administration Trump&hellip;\n","protected":false},"author":2,"featured_media":558978,"comment_status":"","ping_status":"","sticky":false,"template":"","format":"standard","meta":{"footnotes":""},"categories":[1589],"tags":[11,73,1866,14,12,104,1864,1865,1863,308],"class_list":{"0":"post-558977","1":"post","2":"type-post","3":"status-publish","4":"format-standard","5":"has-post-thumbnail","7":"category-etats-unis","8":"tag-actualites","9":"tag-etats-unis","10":"tag-etats-unis-damerique","11":"tag-international","12":"tag-news","13":"tag-societe","14":"tag-united-states","15":"tag-united-states-of-america","16":"tag-us","17":"tag-usa"},"share_on_mastodon":{"url":"https:\/\/pubeurope.com\/@fr\/115613663520312741","error":""},"_links":{"self":[{"href":"https:\/\/www.europesays.com\/fr\/wp-json\/wp\/v2\/posts\/558977","targetHints":{"allow":["GET"]}}],"collection":[{"href":"https:\/\/www.europesays.com\/fr\/wp-json\/wp\/v2\/posts"}],"about":[{"href":"https:\/\/www.europesays.com\/fr\/wp-json\/wp\/v2\/types\/post"}],"author":[{"embeddable":true,"href":"https:\/\/www.europesays.com\/fr\/wp-json\/wp\/v2\/users\/2"}],"replies":[{"embeddable":true,"href":"https:\/\/www.europesays.com\/fr\/wp-json\/wp\/v2\/comments?post=558977"}],"version-history":[{"count":0,"href":"https:\/\/www.europesays.com\/fr\/wp-json\/wp\/v2\/posts\/558977\/revisions"}],"wp:featuredmedia":[{"embeddable":true,"href":"https:\/\/www.europesays.com\/fr\/wp-json\/wp\/v2\/media\/558978"}],"wp:attachment":[{"href":"https:\/\/www.europesays.com\/fr\/wp-json\/wp\/v2\/media?parent=558977"}],"wp:term":[{"taxonomy":"category","embeddable":true,"href":"https:\/\/www.europesays.com\/fr\/wp-json\/wp\/v2\/categories?post=558977"},{"taxonomy":"post_tag","embeddable":true,"href":"https:\/\/www.europesays.com\/fr\/wp-json\/wp\/v2\/tags?post=558977"}],"curies":[{"name":"wp","href":"https:\/\/api.w.org\/{rel}","templated":true}]}}