{"id":558979,"date":"2025-11-26T02:34:16","date_gmt":"2025-11-26T02:34:16","guid":{"rendered":"https:\/\/www.europesays.com\/fr\/558979\/"},"modified":"2025-11-26T02:34:16","modified_gmt":"2025-11-26T02:34:16","slug":"karen-muradyan-est-nomme-attache-militaire-darmenie-au-royaume-uni","status":"publish","type":"post","link":"https:\/\/www.europesays.com\/fr\/558979\/","title":{"rendered":"Karen Muradyan est nomm\u00e9 attach\u00e9 militaire d&rsquo;Arm\u00e9nie au Royaume-Uni"},"content":{"rendered":"<p>Par d\u00e9cision du Premier ministre de la R\u00e9publique d\u2019Arm\u00e9nie, Nikol Pachinian, Karen Muradyan a \u00e9t\u00e9 nomm\u00e9e attach\u00e9e militaire de la R\u00e9publique d\u2019Arm\u00e9nie aupr\u00e8s de l\u2019ambassade de la R\u00e9publique d\u2019Arm\u00e9nie de Grande-Bretagne et d\u2019Irlande du Nord.<\/p>\n<p>Selon Armenpress, la d\u00e9cision a \u00e9t\u00e9 publi\u00e9e sur le site e-gov.am. Karen Muradyan a \u00e9t\u00e9 nomm\u00e9 pour un mandat de trois ans. Son lieu de r\u00e9sidence sera bas\u00e9 \u00e0 Londres.<\/p>\n<p>\u00a0<\/p>\n<p>Krikor Amirzayan<\/p>\n","protected":false},"excerpt":{"rendered":"Par d\u00e9cision du Premier ministre de la R\u00e9publique d\u2019Arm\u00e9nie, Nikol Pachinian, Karen Muradyan a \u00e9t\u00e9 nomm\u00e9e attach\u00e9e militaire&hellip;\n","protected":false},"author":2,"featured_media":558980,"comment_status":"","ping_status":"","sticky":false,"template":"","format":"standard","meta":{"footnotes":""},"categories":[1588],"tags":[11,5950,554,312,1777,674,5072,12,473,1853,1851,1850,1852],"class_list":{"0":"post-558979","1":"post","2":"type-post","3":"status-publish","4":"format-standard","5":"has-post-thumbnail","7":"category-royaume-uni","8":"tag-actualites","9":"tag-armenie","10":"tag-defense","11":"tag-diplomatie","12":"tag-eu","13":"tag-europe","14":"tag-grande-bretagne","15":"tag-news","16":"tag-royaume-uni","17":"tag-royaume-uni-de-grande-bretagne-et-dirlande-du-nord","18":"tag-uk","19":"tag-united-kingdom","20":"tag-united-kingdom-of-great-britain-and-northern-ireland"},"share_on_mastodon":{"url":"https:\/\/pubeurope.com\/@fr\/115613667410653928","error":""},"_links":{"self":[{"href":"https:\/\/www.europesays.com\/fr\/wp-json\/wp\/v2\/posts\/558979","targetHints":{"allow":["GET"]}}],"collection":[{"href":"https:\/\/www.europesays.com\/fr\/wp-json\/wp\/v2\/posts"}],"about":[{"href":"https:\/\/www.europesays.com\/fr\/wp-json\/wp\/v2\/types\/post"}],"author":[{"embeddable":true,"href":"https:\/\/www.europesays.com\/fr\/wp-json\/wp\/v2\/users\/2"}],"replies":[{"embeddable":true,"href":"https:\/\/www.europesays.com\/fr\/wp-json\/wp\/v2\/comments?post=558979"}],"version-history":[{"count":0,"href":"https:\/\/www.europesays.com\/fr\/wp-json\/wp\/v2\/posts\/558979\/revisions"}],"wp:featuredmedia":[{"embeddable":true,"href":"https:\/\/www.europesays.com\/fr\/wp-json\/wp\/v2\/media\/558980"}],"wp:attachment":[{"href":"https:\/\/www.europesays.com\/fr\/wp-json\/wp\/v2\/media?parent=558979"}],"wp:term":[{"taxonomy":"category","embeddable":true,"href":"https:\/\/www.europesays.com\/fr\/wp-json\/wp\/v2\/categories?post=558979"},{"taxonomy":"post_tag","embeddable":true,"href":"https:\/\/www.europesays.com\/fr\/wp-json\/wp\/v2\/tags?post=558979"}],"curies":[{"name":"wp","href":"https:\/\/api.w.org\/{rel}","templated":true}]}}