{"id":559009,"date":"2025-11-26T02:57:13","date_gmt":"2025-11-26T02:57:13","guid":{"rendered":"https:\/\/www.europesays.com\/fr\/559009\/"},"modified":"2025-11-26T02:57:13","modified_gmt":"2025-11-26T02:57:13","slug":"les-ondes-des-telephones-portables-ne-donnent-toujours-pas-le-cancer-mais-il-faudrait-rester-prudents","status":"publish","type":"post","link":"https:\/\/www.europesays.com\/fr\/559009\/","title":{"rendered":"Les ondes des t\u00e9l\u00e9phones portables ne donnent toujours pas le cancer&#8230; mais il faudrait rester \u00abprudents\u00bb"},"content":{"rendered":"<p>    L\u2019Anses s\u2019est pench\u00e9e sur de nombreuses \u00e9tudes \u00e9pid\u00e9miologiques ou de toxicologie s\u2019int\u00e9ressant \u00e0 la possible responsabilit\u00e9 des ondes \u00e9lectromagn\u00e9tiques dans l\u2019apparition de cancers.<br \/>\n                Xavier Lorenzo \/ Xavier Lorenzo &#8211; stock.adobe.com<\/p>\n<p>\n    Dans sa premi\u00e8re analyse sp\u00e9cifiquement cibl\u00e9e sur un lien \u00e9ventuel entre l\u2019exposition aux radiofr\u00e9quences et l\u2019apparition de tumeurs, l\u2019Anses estime qu\u2019il n\u2019y a pas de lien, mais invite n\u00e9anmoins \u00e0 un \u00ab\u00a0usage raisonn\u00e9\u00a0\u00bb de ces objets entr\u00e9s dans notre quotidien.<\/p>\n<p class=\"fig-paragraph\">Les ondes \u00e9lectromagn\u00e9tiques, et plus pr\u00e9cis\u00e9ment les\u00a0<a href=\"https:\/\/sante.lefigaro.fr\/mieux-etre\/environnement\/ondes-electromagnetiques\/etat-lieux\" target=\"_blank\" data-fig-type=\"Keyword\" rel=\"sponsored noopener\" data-gtm-custom-categorie=\"navigation\" data-gtm-custom-action=\"crossclick\" data-gtm-custom-label=\"Contextuel\" data-gtm-event=\"customEventSPE\" data-fig-domain=\"SANTE\">radiofr\u00e9quences<\/a>\u00a0utilis\u00e9es par la t\u00e9l\u00e9phonie mobile peuvent-elles provoquer des\u00a0<a href=\"https:\/\/sante.lefigaro.fr\/sante\/maladie\/cancer-presentation-generale\/comment-apparait-cancer\" target=\"_blank\" data-fig-type=\"Keyword\" rel=\"sponsored noopener\" data-gtm-custom-categorie=\"navigation\" data-gtm-custom-action=\"crossclick\" data-gtm-custom-label=\"Contextuel\" data-gtm-event=\"customEventSPE\" data-fig-domain=\"SANTE\">cancers<\/a>\u00a0? Une question \u00e0 laquelle la science a maintes fois r\u00e9pondu, mais qu\u2019elle continue \u00e0 investiguer inlassablement alors que la plupart d\u2019entre nous passons nos journ\u00e9es smartphone en main&#8230; Ces ondes donnent-elles le cancer, donc\u00a0? Non, r\u00e9pond une nouvelle fois l\u2019Anses dans un rapport publi\u00e9 ce mercredi matin. Ou plus exactement, l\u2019analyse men\u00e9e sur de tr\u00e8s nombreuses \u00e9tudes \u00e9pid\u00e9miologiques et de toxicologie \u00ab\u00a0ne met pas en \u00e9vidence de lien entre l\u2019exposition aux ondes radiofr\u00e9quences, principalement \u00e9mises par la t\u00e9l\u00e9phonie mobile, et l\u2019apparition de cancers\u00a0\u00bb. Ce qui n\u2019emp\u00eache pas l\u2019agence de s\u00e9curit\u00e9 sanitaire&#8230; de \u00ab\u00a0maintenir ses recommandations de prudence\u00a0\u00bb.<\/p>\n<p class=\"fig-paragraph\">Ce n\u2019est pas la premi\u00e8re fois que l\u2019Anses se penche sur ces ondes radiofr\u00e9quences devenues omnipr\u00e9sents. Les derni\u00e8res \u00e9valuations de l\u2019agence de sant\u00e9 publique remontent\u2026<\/p>\n<p class=\"fig-premium-paywall__infos\">\n        Cet article est r\u00e9serv\u00e9 aux abonn\u00e9s.        Il vous reste 82% \u00e0 d\u00e9couvrir.\n    <\/p>\n<p>                <img  data- alt=\"Le Figaro\" class=\"fig-img--complete fig-img\"\/><\/p>\n<p class=\"fig-premium-paywall__title\">Black Friday<\/p>\n<p class=\"fig-premium-paywall__subtitle\">-70% sur l&rsquo;abonnement num\u00e9rique<\/p>\n<p class=\"fig-premium-paywall__connect\">\n                D\u00e9j\u00e0 abonn\u00e9\u00a0?                <a class=\"fig-premium-paywall__connect-link\" href=\"https:\/\/connect.lefigaro.fr\/login?client=sante_web&amp;type=main&amp;redirect_uri=https%3A%2F%2Fsante.lefigaro.fr%2Fsocial%2Fsante-publique%2Fles-ondes-des-telephones-portables-ne-donnent-toujours-pas-le-cancer-mais-il-faudrait-rester-prudents-20251126\" data-js-gtm=\"{&quot;customCategorie&quot;: &quot;conversion&quot;, &quot;customAction&quot;: &quot;before_Landing_Connexion_paywall_auto&quot;, &quot;customLabel&quot;: &quot;c2FudGUubGVmaWdhcm8uZnJfXzFmMGM5NTA5LTAyMmQtNjQxYy04NmRmLWU3MzBlNThiMzFiY19fQXJ0aWNsZQ==_Les ondes des t\u00e9l\u00e9phones portables ne donnent toujours pas le cancer... mais il faudrait rester \u00abprudents\u00bb_166&quot;, &quot;customIDSPE&quot;: &quot;c2FudGUubGVmaWdhcm8uZnJfXzFmMGM5NTA5LTAyMmQtNjQxYy04NmRmLWU3MzBlNThiMzFiY19fQXJ0aWNsZQ==&quot;, &quot;event&quot;: &quot;customEventSPE&quot;}\" target=\"_blank\" rel=\"noopener\"><br \/>\n                    Connectez-vous<br \/>\n                <\/a>\n            <\/p>\n","protected":false},"excerpt":{"rendered":"L\u2019Anses s\u2019est pench\u00e9e sur de nombreuses \u00e9tudes \u00e9pid\u00e9miologiques ou de toxicologie s\u2019int\u00e9ressant \u00e0 la possible responsabilit\u00e9 des ondes&hellip;\n","protected":false},"author":2,"featured_media":559010,"comment_status":"","ping_status":"","sticky":false,"template":"","format":"standard","meta":{"footnotes":""},"categories":[10],"tags":[41338,1011,27,72,67620,71],"class_list":{"0":"post-559009","1":"post","2":"type-post","3":"status-publish","4":"format-standard","5":"has-post-thumbnail","7":"category-sante","8":"tag-cancer-presentation-generale","9":"tag-fr","10":"tag-france","11":"tag-health","12":"tag-ondes-electromagnetiques","13":"tag-sante"},"share_on_mastodon":{"url":"https:\/\/pubeurope.com\/@fr\/115613757973037618","error":""},"_links":{"self":[{"href":"https:\/\/www.europesays.com\/fr\/wp-json\/wp\/v2\/posts\/559009","targetHints":{"allow":["GET"]}}],"collection":[{"href":"https:\/\/www.europesays.com\/fr\/wp-json\/wp\/v2\/posts"}],"about":[{"href":"https:\/\/www.europesays.com\/fr\/wp-json\/wp\/v2\/types\/post"}],"author":[{"embeddable":true,"href":"https:\/\/www.europesays.com\/fr\/wp-json\/wp\/v2\/users\/2"}],"replies":[{"embeddable":true,"href":"https:\/\/www.europesays.com\/fr\/wp-json\/wp\/v2\/comments?post=559009"}],"version-history":[{"count":0,"href":"https:\/\/www.europesays.com\/fr\/wp-json\/wp\/v2\/posts\/559009\/revisions"}],"wp:featuredmedia":[{"embeddable":true,"href":"https:\/\/www.europesays.com\/fr\/wp-json\/wp\/v2\/media\/559010"}],"wp:attachment":[{"href":"https:\/\/www.europesays.com\/fr\/wp-json\/wp\/v2\/media?parent=559009"}],"wp:term":[{"taxonomy":"category","embeddable":true,"href":"https:\/\/www.europesays.com\/fr\/wp-json\/wp\/v2\/categories?post=559009"},{"taxonomy":"post_tag","embeddable":true,"href":"https:\/\/www.europesays.com\/fr\/wp-json\/wp\/v2\/tags?post=559009"}],"curies":[{"name":"wp","href":"https:\/\/api.w.org\/{rel}","templated":true}]}}