{"id":559023,"date":"2025-11-26T03:04:23","date_gmt":"2025-11-26T03:04:23","guid":{"rendered":"https:\/\/www.europesays.com\/fr\/559023\/"},"modified":"2025-11-26T03:04:23","modified_gmt":"2025-11-26T03:04:23","slug":"les-senateurs-veulent-aussi-faire-contribuer-les-retraites-aises","status":"publish","type":"post","link":"https:\/\/www.europesays.com\/fr\/559023\/","title":{"rendered":"les s\u00e9nateurs veulent aussi faire contribuer les retrait\u00e9s ais\u00e9s"},"content":{"rendered":"<p>C\u2019est l\u2019un des sujets les plus sensibles de l\u2019examen du budget 2026 : la r\u00e9forme de l\u2019abattement fiscal de 10% dont b\u00e9n\u00e9ficient les retrait\u00e9s en France, avec un plafonnement \u00e0 4399 euros par foyer. Une niche fiscale ancienne, mise en place en 1977 afin \u00ab d&rsquo;att\u00e9nuer la pression fiscale \u00bb sur les nouveaux retrait\u00e9s et soutenir leur niveau de vie par rapport aux actifs.<\/p>\n<p>Mais pour trouver des \u00e9conomies, le gouvernement tente de r\u00e9former cette niche embl\u00e9matique. Dans son PLF 2026 transmis \u00e0 l\u2019Assembl\u00e9e nationale, l\u2019ex\u00e9cutif a propos\u00e9 un forfait de 2 000 euros \u00ab applicable aux pensions de retraite per\u00e7ues par chaque membre du foyer fiscal \u00bb. Ce qui signifie que pour un couple de retrait\u00e9s, l\u2019abattement fiscal effectif pourrait atteindre 4 000 euros au total, soit 399 euros de moins par rapport \u00e0 la niche initiale.<\/p>\n","protected":false},"excerpt":{"rendered":"C\u2019est l\u2019un des sujets les plus sensibles de l\u2019examen du budget 2026 : la r\u00e9forme de l\u2019abattement fiscal&hellip;\n","protected":false},"author":2,"featured_media":559024,"comment_status":"","ping_status":"","sticky":false,"template":"","format":"standard","meta":{"footnotes":""},"categories":[2],"tags":[17,5734,11,67623,1003,67622,33,4560,1011,27,12,9910,29709,4925],"class_list":{"0":"post-559023","1":"post","2":"type-post","3":"status-publish","4":"format-standard","5":"has-post-thumbnail","7":"category-actualites","8":"tag-17","9":"tag-5734","10":"tag-actualites","11":"tag-aises","12":"tag-budget","13":"tag-contribuer","14":"tag-economie","15":"tag-faire","16":"tag-fr","17":"tag-france","18":"tag-news","19":"tag-retraites","20":"tag-senateurs","21":"tag-veulent"},"share_on_mastodon":{"url":"https:\/\/pubeurope.com\/@fr\/115613785488764904","error":""},"_links":{"self":[{"href":"https:\/\/www.europesays.com\/fr\/wp-json\/wp\/v2\/posts\/559023","targetHints":{"allow":["GET"]}}],"collection":[{"href":"https:\/\/www.europesays.com\/fr\/wp-json\/wp\/v2\/posts"}],"about":[{"href":"https:\/\/www.europesays.com\/fr\/wp-json\/wp\/v2\/types\/post"}],"author":[{"embeddable":true,"href":"https:\/\/www.europesays.com\/fr\/wp-json\/wp\/v2\/users\/2"}],"replies":[{"embeddable":true,"href":"https:\/\/www.europesays.com\/fr\/wp-json\/wp\/v2\/comments?post=559023"}],"version-history":[{"count":0,"href":"https:\/\/www.europesays.com\/fr\/wp-json\/wp\/v2\/posts\/559023\/revisions"}],"wp:featuredmedia":[{"embeddable":true,"href":"https:\/\/www.europesays.com\/fr\/wp-json\/wp\/v2\/media\/559024"}],"wp:attachment":[{"href":"https:\/\/www.europesays.com\/fr\/wp-json\/wp\/v2\/media?parent=559023"}],"wp:term":[{"taxonomy":"category","embeddable":true,"href":"https:\/\/www.europesays.com\/fr\/wp-json\/wp\/v2\/categories?post=559023"},{"taxonomy":"post_tag","embeddable":true,"href":"https:\/\/www.europesays.com\/fr\/wp-json\/wp\/v2\/tags?post=559023"}],"curies":[{"name":"wp","href":"https:\/\/api.w.org\/{rel}","templated":true}]}}