{"id":559025,"date":"2025-11-26T03:05:22","date_gmt":"2025-11-26T03:05:22","guid":{"rendered":"https:\/\/www.europesays.com\/fr\/559025\/"},"modified":"2025-11-26T03:05:22","modified_gmt":"2025-11-26T03:05:22","slug":"pourquoi-cest-une-bonne-nouvelle","status":"publish","type":"post","link":"https:\/\/www.europesays.com\/fr\/559025\/","title":{"rendered":"pourquoi c\u2019est une bonne nouvelle"},"content":{"rendered":"<p class=\"insetTitle\">144 places \u00e0 l\u2019int\u00e9rieur et bient\u00f4t une terrasse<\/p>\n<p>Ce restaurant est exploit\u00e9 par C\u00e9dric Arghittu. C\u2019est son neuvi\u00e8me (!) apr\u00e8s ceux d\u2019Auchan Villars, Andr\u00e9zieux-Bouth\u00e9on, Savigneux, Saint-\u00c9tienne Monthieu, Brives-Charensac (Haute-Loire), Feurs, Saint-\u00c9tienne Le Rond-Point et Firminy (<a href=\"https:\/\/www.leprogres.fr\/economie\/2025\/05\/22\/pour-son-premier-jour-d-ouverture-burger-king-a-fait-le-plein\" target=\"_blank\" rel=\"noopener\">ouvert en mai dernier<\/a>).<\/p>\n<p>\u00ab\u00a0Vu qu\u2019il n\u2019y a pas de drive, ce restaurant ne devrait pas \u00eatre le plus gros en termes de chiffre d\u2019affaires, mais on esp\u00e8re qu\u2019il ne sera pas le plus petit non plus\u00a0\u00bb, confie le franchis\u00e9, pour qui c\u2019est une premi\u00e8re d\u2019ouvrir dans un centre-ville.<\/p>\n<p>Le Burger King de la place du Peuple sera ouvert 7 jours sur 7, de 10\u00a0h\u00a030 \u00e0 22\u00a0h\u00a030. \u00ab\u00a0En \u00e9t\u00e9, on devrait fermer un peu plus tard le soir\u00a0\u00bb, pr\u00e9cise C\u00e9dric Arghittu.<\/p>\n<p>\u00c0 l\u2019int\u00e9rieur, l\u2019escalier et l\u2019ascenseur de Zara sont toujours l\u00e0. Car le restaurant se d\u00e9ploie sur deux niveaux, avec 144 places assises et huit bornes de commande. \u00ab\u00a0On propose le click &amp; collect, la livraison \u00e0 domicile et le service \u201cKing Table\u201d qui permet de passer directement commande \u00e0 table en scannant un QR code\u00a0\u00bb, indique le franchis\u00e9.<\/p>\n<p>Une terrasse de 44 places sera am\u00e9nag\u00e9e d\u2019ici quelques semaines devant le restaurant.<\/p>\n","protected":false},"excerpt":{"rendered":"144 places \u00e0 l\u2019int\u00e9rieur et bient\u00f4t une terrasse Ce restaurant est exploit\u00e9 par C\u00e9dric Arghittu. C\u2019est son neuvi\u00e8me&hellip;\n","protected":false},"author":2,"featured_media":559026,"comment_status":"","ping_status":"","sticky":false,"template":"","format":"standard","meta":{"footnotes":""},"categories":[9653],"tags":[1111,11,2430,4406,33,7539,1777,674,1011,27,3367,12,25,4001,7538],"class_list":{"0":"post-559025","1":"post","2":"type-post","3":"status-publish","4":"format-standard","5":"has-post-thumbnail","7":"category-saint-etienne","8":"tag-actu","9":"tag-actualites","10":"tag-auvergne-rhone-alpes","11":"tag-commerce-et-services","12":"tag-economie","13":"tag-edition-loire-sud","14":"tag-eu","15":"tag-europe","16":"tag-fr","17":"tag-france","18":"tag-loire","19":"tag-news","20":"tag-republique-francaise","21":"tag-saint-etienne","22":"tag-saint-etienne-ville"},"share_on_mastodon":{"url":"https:\/\/pubeurope.com\/@fr\/115613789330078746","error":""},"_links":{"self":[{"href":"https:\/\/www.europesays.com\/fr\/wp-json\/wp\/v2\/posts\/559025","targetHints":{"allow":["GET"]}}],"collection":[{"href":"https:\/\/www.europesays.com\/fr\/wp-json\/wp\/v2\/posts"}],"about":[{"href":"https:\/\/www.europesays.com\/fr\/wp-json\/wp\/v2\/types\/post"}],"author":[{"embeddable":true,"href":"https:\/\/www.europesays.com\/fr\/wp-json\/wp\/v2\/users\/2"}],"replies":[{"embeddable":true,"href":"https:\/\/www.europesays.com\/fr\/wp-json\/wp\/v2\/comments?post=559025"}],"version-history":[{"count":0,"href":"https:\/\/www.europesays.com\/fr\/wp-json\/wp\/v2\/posts\/559025\/revisions"}],"wp:featuredmedia":[{"embeddable":true,"href":"https:\/\/www.europesays.com\/fr\/wp-json\/wp\/v2\/media\/559026"}],"wp:attachment":[{"href":"https:\/\/www.europesays.com\/fr\/wp-json\/wp\/v2\/media?parent=559025"}],"wp:term":[{"taxonomy":"category","embeddable":true,"href":"https:\/\/www.europesays.com\/fr\/wp-json\/wp\/v2\/categories?post=559025"},{"taxonomy":"post_tag","embeddable":true,"href":"https:\/\/www.europesays.com\/fr\/wp-json\/wp\/v2\/tags?post=559025"}],"curies":[{"name":"wp","href":"https:\/\/api.w.org\/{rel}","templated":true}]}}