{"id":559038,"date":"2025-11-26T03:14:50","date_gmt":"2025-11-26T03:14:50","guid":{"rendered":"https:\/\/www.europesays.com\/fr\/559038\/"},"modified":"2025-11-26T03:14:50","modified_gmt":"2025-11-26T03:14:50","slug":"quel-avenir-pour-les-chapelles-funeraires-a-labandon-dans-les-cimetieres","status":"publish","type":"post","link":"https:\/\/www.europesays.com\/fr\/559038\/","title":{"rendered":"quel avenir pour les chapelles fun\u00e9raires \u00e0 l&rsquo;abandon dans les cimeti\u00e8res ?"},"content":{"rendered":"<p class=\"article__intro\">A Rouen, comme dans de nombreux cimeti\u00e8res de France, des chapelles fun\u00e9raires \u00e9rig\u00e9es au XIX si\u00e8cle sont \u00e0 l&rsquo;abandon. Un probl\u00e8me pour les communes car ce sont des propri\u00e9t\u00e9s priv\u00e9es.<\/p>\n<p>\n      La Quotidienne Soci\u00e9t\u00e9\n    <\/p>\n<p>\n      De la vie quotidienne aux grands enjeux, recevez tous les jours les sujets qui font la soci\u00e9t\u00e9 locale, comme la justice, l\u2019\u00e9ducation, la sant\u00e9 et la famille.\n    <\/p>\n<p>    France T\u00e9l\u00e9visions utilise votre adresse e-mail afin de vous envoyer la newsletter \u00ab\u00a0La Quotidienne Soci\u00e9t\u00e9\u00a0\u00bb. Vous pouvez vous d\u00e9sinscrire \u00e0 tout moment via le lien en bas de cette newsletter. <a target=\"_blank\" href=\"https:\/\/www.francetelevisions.fr\/groupe\/confidentialite\/politique-de-confidentialite\/politique-de-confidentialite-de-france-televisions-6503\" rel=\"noopener\">Notre politique de confidentialit\u00e9<\/a><\/p>\n<p>Elle monte ici trois fois par an. Josiane Hurard est l&rsquo;h\u00e9riti\u00e8re de l&rsquo;unique chapelle du cimeti\u00e8re d&rsquo;Orival (Seine-Maritime), pr\u00e8s de Rouen.<\/p>\n<p>Un monument fun\u00e9raire en pierre blanche, surplomb\u00e9 d&rsquo;un toit en zinc, nich\u00e9 au creux de la falaise avec une vue imprenable sur la Seine en contrebas. Soumise \u00e0 l\u2019humidit\u00e9, au gel et aux affres du temps, la chapelle est encore d\u00e9bout. Presque intacte.<\/p>\n<p>Cette s\u00e9pulture, Josiane Hurard l&rsquo;a toujours entretenue. Petite avec sa grand-m\u00e8re. Et aujourd&rsquo;hui encore \u00e0 82 ans. \u00ab\u00a0Je viens mettre des fleurs, changer le napperon\u00a0et faire ce petit m\u00e9nage\u00a0\u00bb explique-t-elle balayette \u00e0 la main.<\/p>\n<p><a data-article-figure=\"\" href=\"https:\/\/france3-regions.franceinfo.fr\/image\/yyNgP0XiZxqzgc0sGx8dGX1svFc\/1920x1080\/regions\/2025\/11\/23\/chapelle-peniche-69233ecd2f151616544524.jpg\" data-pswp-width=\"1920\" data-pswp-height=\"1080\" target=\"_blank\" rel=\"noopener\"><\/p>\n<p>          <img width=\"600\" height=\"400\" class=\"article-image lazy\" data-src=\"https:\/\/www.europesays.com\/fr\/wp-content\/uploads\/2025\/11\/chapelle-peniche-69233ecd2f151616544524.jpg\" alt=\"A Orival (Seine-Maritime), c'est l'unique chapelle du cimeti\u00e8re. Aujourd'hui, Josiane Hurard continue de l'entretenir.\" fetchpriority=\"high\" as=\"image\"\/><\/p>\n<p>\n            A Orival (Seine-Maritime), c&rsquo;est l&rsquo;unique chapelle du cimeti\u00e8re. Aujourd&rsquo;hui, Josiane Hurard continue de l&rsquo;entretenir.<br \/>\n                           \u2022<br \/>\n                                      \u00a9 FTV\n                      <\/p>\n<p><\/a><\/p>\n<p>Ici reposent son mari, ses parents et les anc\u00eatres de son grand-p\u00e8re. \u00ab\u00a0Ma grand-m\u00e8re, Madeleine, a \u00e9pous\u00e9 en seconde noce Roger Blay\u00a0\u00bb poursuit Josiane Hurard. \u00ab\u00a0Il est le dernier descendant d\u2019une famille d\u2019industriels d\u2019Elbeuf qui a fait fortune dans le textile\u00a0\u00bb.<\/p>\n<p><a data-article-figure=\"\" href=\"https:\/\/france3-regions.franceinfo.fr\/image\/W4-P6h1AfxSAEFYs8B5-hM9cll8\/1920x1080\/regions\/2025\/11\/23\/orival-dtail-69233f04763c4886141006.jpg\" data-pswp-width=\"1920\" data-pswp-height=\"1080\" target=\"_blank\" rel=\"noopener\"><\/p>\n<p>          <img width=\"600\" height=\"400\" class=\"article-image lazy\" data-src=\"https:\/\/www.europesays.com\/fr\/wp-content\/uploads\/2025\/11\/orival-dtail-69233f04763c4886141006.jpg\" alt=\"D\u00e9tails de l'int\u00e9rieur de la chapelle d'Orival (Seine-Maritime)\" fetchpriority=\"high\" as=\"image\"\/><\/p>\n<p>\n            D\u00e9tails de l&rsquo;int\u00e9rieur de la chapelle d&rsquo;Orival (Seine-Maritime)<br \/>\n                           \u2022<br \/>\n                                      \u00a9 FTV\n                      <\/p>\n<p><\/a><\/p>\n<p>La chapelle a \u00e9t\u00e9 b\u00e2tie en 1850. \u00ab\u00a017 personnes sont inhum\u00e9es ici\u00a0\u00bb d\u00e9taille Josiane Hurard, tenant dans sa main un plan des diff\u00e9rentes s\u00e9pultures. \u00ab\u00a0Comme il n&rsquo;y avait pas de place pour tout le monde, certains corps, certains ossements ont \u00e9t\u00e9 rassembl\u00e9s dans une m\u00eame bo\u00eete\u00a0\u00bb.<\/p>\n<p>Si l&rsquo;\u00e9difice est si bien conserv\u00e9, c&rsquo;est que Josiane Hurard y est tr\u00e8s attentive. R\u00e9cemment, elle a fait r\u00e9aliser d&rsquo;importants travaux. \u00ab\u00a0J\u2019en ai eu en tout pour environ 1200 euros. J&rsquo;ai fait intervenir un couvreur parce que la toiture n&rsquo;\u00e9tait plus \u00e9tanche. Et une entreprise a \u00e9galement fait un nettoyage des pierres et la peinture des portes\u00a0\u00bb<\/p>\n<blockquote class=\"ftvi_content_quote\">\n<p class=\"ftvi_citation_quote\">Cette chapelle fait partie de la famille. J&rsquo;esp\u00e8re qu&rsquo;apr\u00e8s moi, quelqu&rsquo;un prendra la suite.<\/p>\n<p>Josiane Hurard, propri\u00e9taire de l&rsquo;unique chapelle du cimeti\u00e8re d&rsquo;Orival<\/p><\/blockquote>\n<p>Voyez le reportage d&rsquo;Angele De Vecchi et Emmanuelle Partouche<\/p>\n<p>    dur\u00e9e de la vid\u00e9o : 00h03mn26s<\/p>\n<p>        <img decoding=\"async\" width=\"640\" height=\"426\" class=\"article-image not-lazy\" src=\"https:\/\/www.europesays.com\/fr\/wp-content\/uploads\/2025\/11\/b7d37c7e-af63-4aa2-8c50-85508be8ecaf.jpg\" alt=\"\" fetchpriority=\"high\"\/><\/p>\n<p>              Voir la video\u00a0(3 minutes 26 secondes).\u00a0<br \/>\n                  3 min 26 s<\/p>\n<p>\n          Dans beaucoup de cimeti\u00e8res en France, des milliers de chapelles \u00e9rig\u00e9es au milieu du XIX\u00e8me si\u00e8cle sont laiss\u00e9es \u00e0 l&rsquo;abandon. Les h\u00e9ritiers n&rsquo;entretiennent plus ces \u00e9difices historiques, soit parce qu&rsquo;ils ne vivent plus pr\u00e8s de la chapelle, soit parce qu&rsquo;ils ignorent leur existence.  Un probl\u00e8me pour les communes. Avec les interviews de : Josiane Hurard \/ Guillaume Gohon, guide-conf\u00e9rencier et charg\u00e9 de valorisation du patrimoine &#8211; M\u00e9tropole Rouen Normandie \/ Matthieu de Montchalin, adjoint aux Affaires fun\u00e9raires \u00e0 la ville de Rouen<\/p>\n<p>        \u2022<\/p>\n<p>              \u00a9FTV \/ Ang\u00e8le de Vecchi \/ Emmanuelle Partouche\n      <\/p>\n<p>Des chapelles tomb\u00e9es dans l\u2019oubli, que personne n&rsquo;entretient plus, il en existe des centaines de milliers dans les cimeti\u00e8res fran\u00e7ais. Impossible d&rsquo;en faire un inventaire pr\u00e9cis.<\/p>\n<p>Au Monumental, \u00e0 Rouen, cimeti\u00e8re class\u00e9 remarquable, ces silhouettes imposantes sont align\u00e9es le long de nombreuses all\u00e9es. Apparues au d\u00e9but du XIX\u00e8me si\u00e8cles, ces monuments fun\u00e9raires sont pour les notables un moyen d\u2019exposer au monde leur puissance et leur richesse, au-del\u00e0 de la mort.<\/p>\n<p><a data-article-figure=\"\" href=\"https:\/\/france3-regions.franceinfo.fr\/image\/gaWhYHOmiQOXyIXzADh0bC2_2k4\/1920x1080\/regions\/2025\/11\/23\/champas-elysee-69234081bc24a897339182.jpg\" data-pswp-width=\"1920\" data-pswp-height=\"1080\" target=\"_blank\" rel=\"noopener\"><\/p>\n<p>          <img width=\"600\" height=\"400\" class=\"article-image lazy\" data-src=\"https:\/\/www.europesays.com\/fr\/wp-content\/uploads\/2025\/11\/champas-elysee-69234081bc24a897339182.jpg\" alt=\"Sur cette all\u00e9e du cimeti\u00e8res monumental de Rouen, tr\u00f4nent les chapelles des plus grandes fortunes de la ville.\" fetchpriority=\"high\" as=\"image\"\/><\/p>\n<p>\n            Sur cette all\u00e9e du cimeti\u00e8res monumental de Rouen, tr\u00f4nent les chapelles des plus grandes fortunes de la ville.<br \/>\n                           \u2022<br \/>\n                                      \u00a9 FTV\n                      <\/p>\n<p><\/a><\/p>\n<p>Guillaume Gohon est charg\u00e9 de valorisation au service du patrimoine de la M\u00e9tropole Rouen Normandie. Le long d&rsquo;une des all\u00e9es, il nous fait d\u00e9couvrir les chapelles fun\u00e9raires \u00e9rig\u00e9es par les grands noms de Rouen. \u00ab\u00a0Ici, par exemple, il y a la famille Lafond, fondatrice du journal de Rouen, anc\u00eatre du Paris Normandie\u00a0\u00bb d\u00e9crit-il. \u00ab\u00a0La chapelle est install\u00e9e sur ce qu&rsquo;on appelle entre nous les Champs Elys\u00e9es. C&rsquo;est la zone la plus ch\u00e8re du cimeti\u00e8re\u00a0\u00bb<\/p>\n<blockquote class=\"ftvi_content_quote\">\n<p class=\"ftvi_citation_quote\">Plus les monuments sont grands, plus la fortune de celui qui a \u00e9t\u00e9 enterr\u00e9 est grande aussi. Les grands industriels, les m\u00e9decins, les professions lib\u00e9rales vont ainsi montrer leur r\u00e9ussite par un \u00e9difice monumental.<\/p>\n<p>Guillaume Gohon, charg\u00e9 de valorisation au service du patrimoine de la M\u00e9tropole Rouen Normandie.<\/p><\/blockquote>\n<p>Ces chapelles font leur apparition au d\u00e9but du XIX\u00e8me si\u00e8cle et prennent leur essor dans les ann\u00e9es 1840.<\/p>\n<p><a data-article-figure=\"\" href=\"https:\/\/france3-regions.franceinfo.fr\/image\/-8DeGeND_f67eaxW88iCtwcV9Ag\/1920x1080\/regions\/2025\/11\/23\/une-692340d082208907329997.jpg\" data-pswp-width=\"1920\" data-pswp-height=\"1080\" target=\"_blank\" rel=\"noopener\"><\/p>\n<p>          <img width=\"600\" height=\"400\" class=\"article-image lazy\" data-src=\"https:\/\/www.europesays.com\/fr\/wp-content\/uploads\/2025\/11\/une-692340d082208907329997.jpg\" alt=\"Une chapelle du cimeti\u00e8re Monumental de Rouen\" fetchpriority=\"high\" as=\"image\"\/><\/p>\n<p>\n            Une chapelle du cimeti\u00e8re Monumental de Rouen<br \/>\n                           \u2022<br \/>\n                                      \u00a9 FTV\n                      <\/p>\n<p><\/a><\/p>\n<p>Comme pour la construction d&rsquo;une maison, les familles les plus fortun\u00e9es font appel \u00e0 un architecte pour \u00e9riger \u00e0 leur go\u00fbt ces monuments fun\u00e9raires, adapter la porte ou le vitrail. On compare alors les chapelles comme on compare la fa\u00e7ade des maisons. Celles qui ont moins de ressources travaillent avec un entrepreneur sur catalogue.<\/p>\n<p><a data-article-figure=\"\" href=\"https:\/\/france3-regions.franceinfo.fr\/image\/3G_p_GsyUbbNpG5H4UeluXWCZyw\/1920x1080\/regions\/2025\/11\/23\/vitrail-beau-692341031d774985376370.jpg\" data-pswp-width=\"1920\" data-pswp-height=\"1080\" target=\"_blank\" rel=\"noopener\"><\/p>\n<p>          <img width=\"600\" height=\"400\" class=\"article-image lazy\" data-src=\"https:\/\/www.europesays.com\/fr\/wp-content\/uploads\/2025\/11\/vitrail-beau-692341031d774985376370.jpg\" alt=\"Vitrail d'une chapelle.\" fetchpriority=\"high\" as=\"image\"\/><\/p>\n<p>\n            Vitrail d&rsquo;une chapelle.<br \/>\n                           \u2022<br \/>\n                                      \u00a9 FTV\n                      <\/p>\n<p><\/a><\/p>\n<p>Symboles de richesses, elles sont aussi un lieu de confort pour les familles.<\/p>\n<blockquote class=\"ftvi_content_quote\">\n<p class=\"ftvi_citation_quote\">Il faut bien imaginer que les veuves notamment sont oblig\u00e9es d&rsquo;aller r\u00e9guli\u00e8rement sur la tombe de leur d\u00e9funt. Gr\u00e2ce \u00e0 ces monuments fun\u00e9raires, elles vont \u00eatre \u00e0 l&rsquo;abri de la pluie, du vent, du soleil. Elles vont pouvoir installer du mobilier, des chaises pour la pri\u00e8re. C&rsquo;est plus intime et plus confortable que de venir se recueillir sur une tombe.<\/p>\n<p>Guillaume Gohon, charg\u00e9 de valorisation au service du patrimoine de la M\u00e9tropole Rouen Normandie.<\/p><\/blockquote>\n<p>Malheureusement, ces grands industriels, ces grandes fortunes n&rsquo;imaginaient pas \u00e0 l&rsquo;\u00e9poque que leurs descendants auraient peut-\u00eatre chang\u00e9 de lieu de r\u00e9sidence, de niveau de vie. Ou pire qu&rsquo;il n&rsquo;y aurait pas d&rsquo;enfants.<\/p>\n<p><a data-article-figure=\"\" href=\"https:\/\/france3-regions.franceinfo.fr\/image\/a5IKGnz-ei-w5ydNejkprxO247I\/1920x1080\/regions\/2025\/11\/23\/vestiges-vie-passe-6923415865a70742534861.jpg\" data-pswp-width=\"1920\" data-pswp-height=\"1080\" target=\"_blank\" rel=\"noopener\"><\/p>\n<p>          <img width=\"600\" height=\"400\" class=\"article-image lazy\" data-src=\"https:\/\/www.europesays.com\/fr\/wp-content\/uploads\/2025\/11\/vestiges-vie-passe-6923415865a70742534861.jpg\" alt=\"Vestiges d'une vie pass\u00e9e - cimeti\u00e8re Monumental de Rouen\" fetchpriority=\"high\" as=\"image\"\/><\/p>\n<p>\n            Vestiges d&rsquo;une vie pass\u00e9e &#8211; cimeti\u00e8re Monumental de Rouen<br \/>\n                           \u2022<br \/>\n                                      \u00a9 FTV\n                      <\/p>\n<p><\/a><\/p>\n<p>R\u00e9sultat, aujourd&rsquo;hui, certaines d&rsquo;entre elles ne sont plus entretenues. La nature a repris ses droits. Les mat\u00e9riaux ont vieilli et se sont ab\u00eem\u00e9s. \u00ab\u00a0Le temps passant, la pierre devient poreuse, absorbe l&rsquo;humidit\u00e9. Elle finit pas se se d\u00e9liter\u00a0\u00bb poursuit Guillaume Gohon. \u00ab\u00a0Les portes se d\u00e9gondent et tombent. Souvent, si la toiture n&rsquo;est pas r\u00e9par\u00e9e, il suffit d&rsquo;une fissure pour que des graines s&rsquo;y d\u00e9posent, germent et qu&rsquo;un arbre pousse \u00e0 l&rsquo;int\u00e9rieur.\u00a0\u00bb<\/p>\n<p><a data-article-figure=\"\" href=\"https:\/\/france3-regions.franceinfo.fr\/image\/3_7drbZkf0gKKQ7NVkasln-Yiso\/1920x1080\/regions\/2025\/11\/23\/vitrail-casse-6923419f5ad06679317003.jpg\" data-pswp-width=\"1920\" data-pswp-height=\"1080\" target=\"_blank\" rel=\"noopener\"><\/p>\n<p>          <img width=\"600\" height=\"400\" class=\"article-image lazy\" data-src=\"https:\/\/www.europesays.com\/fr\/wp-content\/uploads\/2025\/11\/vitrail-casse-6923419f5ad06679317003.jpg\" alt=\"Un vitrail cass\u00e9 dans une chapelle du cimeti\u00e8re Monumental de Rouen\" fetchpriority=\"high\" as=\"image\"\/><\/p>\n<p>\n            Un vitrail cass\u00e9 dans une chapelle du cimeti\u00e8re Monumental de Rouen<br \/>\n                           \u2022<br \/>\n                                      \u00a9 FTV\n                      <\/p>\n<p><\/a><\/p>\n<p>Se pose alors la question de l&rsquo;avenir de ce patrimoine. Qui pour entretenir et r\u00e9parer ces vestiges du pass\u00e9 ? L\u00e9galement, ce travail revient aux propri\u00e9taires des chapelles. Mais avec les ann\u00e9es, leur trace a souvent \u00e9t\u00e9 perdue, laissant la ville de Rouen impuissante.<\/p>\n<p><a data-article-figure=\"\" href=\"https:\/\/france3-regions.franceinfo.fr\/image\/0OojEhDejyP_2evvietFUxZ4bSA\/1920x1080\/regions\/2025\/11\/23\/porte-rongee-huymiiate-692341c8a329a547892439.jpg\" data-pswp-width=\"1920\" data-pswp-height=\"1080\" target=\"_blank\" rel=\"noopener\"><\/p>\n<p>          <img width=\"600\" height=\"400\" class=\"article-image lazy\" data-src=\"https:\/\/www.europesays.com\/fr\/wp-content\/uploads\/2025\/11\/porte-rongee-huymiiate-692341c8a329a547892439.jpg\" alt=\"La porte d'une chapelle rong\u00e9e par l'humidit\u00e9 - cimeti\u00e8re Monumental de Rouen\" fetchpriority=\"high\" as=\"image\"\/><\/p>\n<p>\n            La porte d&rsquo;une chapelle rong\u00e9e par l&rsquo;humidit\u00e9 &#8211; cimeti\u00e8re Monumental de Rouen<br \/>\n                           \u2022<br \/>\n                                      \u00a9 FTV\n                      <\/p>\n<p><\/a><\/p>\n<blockquote class=\"ftvi_content_quote\">\n<p class=\"ftvi_citation_quote\">Si une chapelle menace de s&rsquo;effondrer sur le public dans une all\u00e9e, un arr\u00eat\u00e9 de p\u00e9ril peut \u00eatre pris. Tant que la concession est active, c&rsquo;est \u00e0 peu pr\u00e8s le seul cas de figure o\u00f9 la mairie peut intervenir. Il s&rsquo;agit d&rsquo;une propri\u00e9t\u00e9 priv\u00e9e.<\/p>\n<p>Matthieu de Montchalin, adjoint au maire de Rouen en charge des affaires fun\u00e9raires. <\/p><\/blockquote>\n<p>Une fois la concession \u00e9chue, la Ville de Rouen peut la reprendre si aucun descendant ne se manifeste. \u00a0\u00bb Mais dans le cas de nos chapelles, la mairie n\u2019aura pas les moyens d&rsquo;entretenir toutes celles qui vont mal \u00a0\u00bb pr\u00e9cise l&rsquo;\u00e9lu.<\/p>\n<p><a data-article-figure=\"\" href=\"https:\/\/france3-regions.franceinfo.fr\/image\/cwb-EIORX3KUDfyOFKq2Vc5mHe8\/1920x1080\/regions\/2025\/11\/23\/chapelle-fissure-6923423378fd7865695844.jpg\" data-pswp-width=\"1920\" data-pswp-height=\"1080\" target=\"_blank\" rel=\"noopener\"><\/p>\n<p>          <img width=\"600\" height=\"400\" class=\"article-image lazy\" data-src=\"https:\/\/www.europesays.com\/fr\/wp-content\/uploads\/2025\/11\/chapelle-fissure-6923423378fd7865695844.jpg\" alt=\"Une chapelle fissur\u00e9e par le temps qui passe et les conditions m\u00e9t\u00e9orologiques\" fetchpriority=\"high\" as=\"image\"\/><\/p>\n<p>\n            Une chapelle fissur\u00e9e par le temps qui passe et les conditions m\u00e9t\u00e9orologiques<br \/>\n                           \u2022<br \/>\n                                      \u00a9 FTV\n                      <\/p>\n<p><\/a><\/p>\n<p>Pour tenter de les sauver, la municipalit\u00e9 a donc lanc\u00e9 le dispositif \u00ab\u00a0Adopte une chapelle\u00a0\u00bb. Elle propose aux particuliers de racheter une concession \u00e0 un tarif normal, en \u00e9change de son entretien.<\/p>\n<p>\u00ab\u00a0Aujourd&rsquo;hui, nous avons eu plusieurs candidats. Mais tous ont recul\u00e9 devant le devis des travaux \u00e0 mener pour restaurer les chapelles\u00a0\u00bb d\u00e9plore Matthieu de Montchalin.<\/p>\n<p>La question de la pr\u00e9servation de ces monuments fun\u00e9raires reste enti\u00e8re. Car si elles restent une propri\u00e9t\u00e9 priv\u00e9, elles sont aussi un patrimoine commun qui fait le charme de nos cimeti\u00e8res.<\/p><\/p>\n","protected":false},"excerpt":{"rendered":"A Rouen, comme dans de nombreux cimeti\u00e8res de France, des chapelles fun\u00e9raires \u00e9rig\u00e9es au XIX si\u00e8cle sont \u00e0&hellip;\n","protected":false},"author":2,"featured_media":559039,"comment_status":"","ping_status":"","sticky":false,"template":"","format":"standard","meta":{"footnotes":""},"categories":[9587],"tags":[1111,11,1777,674,1011,27,12,5161,25,9590],"class_list":{"0":"post-559038","1":"post","2":"type-post","3":"status-publish","4":"format-standard","5":"has-post-thumbnail","7":"category-rouen","8":"tag-actu","9":"tag-actualites","10":"tag-eu","11":"tag-europe","12":"tag-fr","13":"tag-france","14":"tag-news","15":"tag-normandie","16":"tag-republique-francaise","17":"tag-rouen"},"share_on_mastodon":{"url":"https:\/\/pubeurope.com\/@fr\/115613829350711773","error":""},"_links":{"self":[{"href":"https:\/\/www.europesays.com\/fr\/wp-json\/wp\/v2\/posts\/559038","targetHints":{"allow":["GET"]}}],"collection":[{"href":"https:\/\/www.europesays.com\/fr\/wp-json\/wp\/v2\/posts"}],"about":[{"href":"https:\/\/www.europesays.com\/fr\/wp-json\/wp\/v2\/types\/post"}],"author":[{"embeddable":true,"href":"https:\/\/www.europesays.com\/fr\/wp-json\/wp\/v2\/users\/2"}],"replies":[{"embeddable":true,"href":"https:\/\/www.europesays.com\/fr\/wp-json\/wp\/v2\/comments?post=559038"}],"version-history":[{"count":0,"href":"https:\/\/www.europesays.com\/fr\/wp-json\/wp\/v2\/posts\/559038\/revisions"}],"wp:featuredmedia":[{"embeddable":true,"href":"https:\/\/www.europesays.com\/fr\/wp-json\/wp\/v2\/media\/559039"}],"wp:attachment":[{"href":"https:\/\/www.europesays.com\/fr\/wp-json\/wp\/v2\/media?parent=559038"}],"wp:term":[{"taxonomy":"category","embeddable":true,"href":"https:\/\/www.europesays.com\/fr\/wp-json\/wp\/v2\/categories?post=559038"},{"taxonomy":"post_tag","embeddable":true,"href":"https:\/\/www.europesays.com\/fr\/wp-json\/wp\/v2\/tags?post=559038"}],"curies":[{"name":"wp","href":"https:\/\/api.w.org\/{rel}","templated":true}]}}