{"id":559040,"date":"2025-11-26T03:18:17","date_gmt":"2025-11-26T03:18:17","guid":{"rendered":"https:\/\/www.europesays.com\/fr\/559040\/"},"modified":"2025-11-26T03:18:17","modified_gmt":"2025-11-26T03:18:17","slug":"grenoble-frappe-fort-un-pilier-de-lubb-debarque-en-urgence-pour-sauver-la-saison","status":"publish","type":"post","link":"https:\/\/www.europesays.com\/fr\/559040\/","title":{"rendered":"Grenoble frappe fort : un pilier de l\u2019UBB d\u00e9barque en urgence pour sauver la saison !"},"content":{"rendered":"<p>En manque de temps de jeu \u00e0 Bordeaux-B\u00e8gles, Louis Mary rejoint Grenoble en pr\u00eat. Un renfort strat\u00e9gique pour un FCG en qu\u00eate de relance en Pro D2.<\/p>\n<p>L\u2019Union Bordeaux-B\u00e8gles a d\u00e9cid\u00e9 de lib\u00e9rer son pilier gauche Louis Mary, tr\u00e8s peu utilis\u00e9 cette saison. Le joueur de 25 ans n\u2019a connu que deux entr\u00e9es en jeu, face \u00e0 Montauban puis \u00e0 Toulouse, et n\u2019\u00e9tait que le quatri\u00e8me choix dans la hi\u00e9rarchie derri\u00e8re Poirot, Boniface et Perchaud. Un contexte id\u00e9al pour un d\u00e9part temporaire afin de retrouver du rythme et du temps de jeu.<\/p>\n<p>Grenoble s\u2019est imm\u00e9diatement positionn\u00e9 pour r\u00e9cup\u00e9rer le joueur, frapp\u00e9 par la grave blessure d\u2019Eli Eglaine, victime d\u2019une rupture du ligament crois\u00e9 et indisponible jusqu\u2019\u00e0 la fin de la saison. Mary arrive donc pour densifier un pack is\u00e9rois qui avait besoin d\u2019un renfort fiable. Le pilier conna\u00eet d\u2019ailleurs la Pro D2, o\u00f9 il a \u00e9volu\u00e9 deux saisons avec l\u2019US Dax sous les ordres de Jeff Dubois\u2026 d\u00e9sormais entra\u00eeneur du FCG.<\/p>\n<p>Depuis son arriv\u00e9e le 10 octobre, Dubois a insuffl\u00e9 un nouveau souffle au triple finaliste sortant, m\u00eame si les r\u00e9sultats ne traduisent pas encore enti\u00e8rement les progr\u00e8s observ\u00e9s. \u00c0 l\u2019aube du troisi\u00e8me bloc, Grenoble pointe \u00e0 la 9e place, \u00e0 seulement cinq longueurs du top 6 et \u00e0 treize points de Colomiers, deuxi\u00e8me. Avec Mary en renfort, le FCG esp\u00e8re enfin enclencher la dynamique tant attendue.<\/p>\n","protected":false},"excerpt":{"rendered":"En manque de temps de jeu \u00e0 Bordeaux-B\u00e8gles, Louis Mary rejoint Grenoble en pr\u00eat. Un renfort strat\u00e9gique pour&hellip;\n","protected":false},"author":2,"featured_media":559041,"comment_status":"","ping_status":"","sticky":false,"template":"","format":"standard","meta":{"footnotes":""},"categories":[9566],"tags":[1111,11,2430,1777,674,1011,27,2731,12,25],"class_list":{"0":"post-559040","1":"post","2":"type-post","3":"status-publish","4":"format-standard","5":"has-post-thumbnail","7":"category-grenoble","8":"tag-actu","9":"tag-actualites","10":"tag-auvergne-rhone-alpes","11":"tag-eu","12":"tag-europe","13":"tag-fr","14":"tag-france","15":"tag-grenoble","16":"tag-news","17":"tag-republique-francaise"},"share_on_mastodon":{"url":"https:\/\/pubeurope.com\/@fr\/115613840544168248","error":""},"_links":{"self":[{"href":"https:\/\/www.europesays.com\/fr\/wp-json\/wp\/v2\/posts\/559040","targetHints":{"allow":["GET"]}}],"collection":[{"href":"https:\/\/www.europesays.com\/fr\/wp-json\/wp\/v2\/posts"}],"about":[{"href":"https:\/\/www.europesays.com\/fr\/wp-json\/wp\/v2\/types\/post"}],"author":[{"embeddable":true,"href":"https:\/\/www.europesays.com\/fr\/wp-json\/wp\/v2\/users\/2"}],"replies":[{"embeddable":true,"href":"https:\/\/www.europesays.com\/fr\/wp-json\/wp\/v2\/comments?post=559040"}],"version-history":[{"count":0,"href":"https:\/\/www.europesays.com\/fr\/wp-json\/wp\/v2\/posts\/559040\/revisions"}],"wp:featuredmedia":[{"embeddable":true,"href":"https:\/\/www.europesays.com\/fr\/wp-json\/wp\/v2\/media\/559041"}],"wp:attachment":[{"href":"https:\/\/www.europesays.com\/fr\/wp-json\/wp\/v2\/media?parent=559040"}],"wp:term":[{"taxonomy":"category","embeddable":true,"href":"https:\/\/www.europesays.com\/fr\/wp-json\/wp\/v2\/categories?post=559040"},{"taxonomy":"post_tag","embeddable":true,"href":"https:\/\/www.europesays.com\/fr\/wp-json\/wp\/v2\/tags?post=559040"}],"curies":[{"name":"wp","href":"https:\/\/api.w.org\/{rel}","templated":true}]}}