{"id":559050,"date":"2025-11-26T03:23:23","date_gmt":"2025-11-26T03:23:23","guid":{"rendered":"https:\/\/www.europesays.com\/fr\/559050\/"},"modified":"2025-11-26T03:23:23","modified_gmt":"2025-11-26T03:23:23","slug":"quand-sebastien-lecornu-tacle-eric-ciotti","status":"publish","type":"post","link":"https:\/\/www.europesays.com\/fr\/559050\/","title":{"rendered":"quand S\u00e9bastien Lecornu tacle \u00c9ric Ciotti"},"content":{"rendered":"<p><strong>Mardi \u00e0\u00a0l\u2019Assembl\u00e9e nationale, le Premier ministre S\u00e9bastien Lecornu a\u00a0vivement pris \u00e0\u00a0partie \u00c9ric Ciotti, pr\u00e9sident du groupe UDR alli\u00e9 au Rassemblement national, en l\u2019accusant d\u2019incoh\u00e9rences sur les imp\u00f4ts et le budget de l\u2019\u00c9tat.<\/strong><\/p>\n<p>Lors de la s\u00e9ance des questions au gouvernement, le chef du gouvernement a\u00a0\u00e9voqu\u00e9 un courrier dans lequel \u00c9ric Ciotti lui d\u00e9taille ses \u00ab\u00a0lignes rouges claires et non n\u00e9gociables\u00a0\u00bb, parmi lesquelles figure l\u2019exigence d\u2019\u00a0\u00ab\u00a0aucune augmentation des pr\u00e9l\u00e8vements obligatoires sur les particuliers comme les entreprises\u00a0\u00bb.<\/p>\n<p>\u00ab\u00a0N\u2019h\u00e9sitez pas \u00e0\u00a0en parler en intergroupe avec le groupe du Rassemblement national\u00a0\u00bb, a-t-il lanc\u00e9 avec ironie, en rappelant que le parti d\u2019extr\u00eame droite avait, selon lui, \u00ab\u00a0accompagn\u00e9 (\u2026) ce budget avec 35 milliards d\u2019euros suppl\u00e9mentaires d\u2019imp\u00f4ts pour les entreprises sur les m\u00e9nages\u00a0\u00bb.<\/p>\n<p>Poursuivant sa charge, le Premier ministre a\u00a0insist\u00e9 sur la n\u00e9cessit\u00e9 de mettre fin au double langage, d\u00e9clarant\u00a0: \u00ab\u00a0Stop avec le double discours. L\u2019absence de 49.3 va permettre la grande clarification\u00a0\u00bb, tout en fustigeant ceux qui, selon lui, disposent d\u2019une \u00e9quipe qui \u00ab\u00a0va d\u00eener avec les grands patrons pour les rassurer d\u2019un c\u00f4t\u00e9 pendant qu\u2019une autre \u00e9quipe ici augmente les imp\u00f4ts sur les particuliers et sur les entreprises\u00a0\u00bb.<\/p>\n<p>Il a\u00a0\u00e9galement estim\u00e9 qu\u2019\u00a0\u00ab\u00a0on ne peut pas promettre l\u2019ordre \u00e0\u00a0Nice\u00a0\u00bb, dont \u00c9ric Ciotti brigue la mairie, \u00ab\u00a0et le d\u00e9sordre \u00e0\u00a0Paris\u00a0\u00bb, pointant les contradictions qu\u2019il attribue \u00e0\u00a0cette alliance avec le Rassemblement national.<\/p>\n<p>Le chef du gouvernement a\u00a0en outre vis\u00e9 les propositions de \u00ab\u00a0contre-budget\u00a0\u00bb port\u00e9es par le chef de file des d\u00e9put\u00e9s UDR, assurant ne pas en avoir \u00ab\u00a0pas trouv\u00e9 trace dans les amendements\u00a0\u00bb de son groupe au projet de budget pour\u00a02026.<\/p>\n<p>Il s\u2019est enfin moqu\u00e9 du sigle UDR (Union des droites pour la R\u00e9publique), en soulignant sa proximit\u00e9 avec celui de l\u2019UDR (Union pour la d\u00e9fense de la R\u00e9publique) des partisans du g\u00e9n\u00e9ral de Gaulle en\u00a01968.<\/p>\n<p>Imp\u00f4ts, budget 2026 et alliances des droites au coeur de la bataille \u00e0\u00a0l\u2019Assembl\u00e9e nationale<\/p>\n<p>Rebondissant sur cette r\u00e9f\u00e9rence, S\u00e9bastien Lecornu a\u00a0jug\u00e9 qu\u2019il s\u2019agissait d\u2019\u00a0\u00ab\u00a0une id\u00e9e certainement pour vous r\u00e9clamer du gaullisme, ce qui ne manque pas de malice au regard de vos nouvelles alliances \u00e9lectorales\u00a0\u00bb, alors que le RN se r\u00e9f\u00e8re fr\u00e9quemment au gaullisme qu\u2019il a\u00a0pourtant longtemps combattu.<\/p>\n<p>\u00c9ric Ciotti d\u00e9non\u00e7ait pour sa part le rejet in\u00e9dit, par la quasi unanimit\u00e9 des d\u00e9put\u00e9s, du projet de budget de l\u2019\u00c9tat, qu\u2019il qualifiait de \u00ab\u00a0terrible symbole de l\u2019effondrement de votre pouvoir\u00a0\u00bb.<\/p>\n<p><a href=\"https:\/\/www.nice.fr\/noel-a-nice\/\" data-wpel-link=\"external\" target=\"_blank\" rel=\"external noopener noreferrer\"><img loading=\"lazy\" decoding=\"async\" width=\"300\" height=\"300\" src=\"https:\/\/www.europesays.com\/fr\/wp-content\/uploads\/2025\/11\/NoelNice_Coeur-Article-NicePresse-300x300-2.png\" alt=\"\" class=\"wp-image-260426\"\/><\/a><\/p>\n<p>Selon lui, \u00ab\u00a0dans n\u2019importe quelle d\u00e9mocratie respectueuse des institutions, un Premier ministre responsable aurait imm\u00e9diatement d\u00e9missionn\u00e9\u00a0\u00bb. \u00ab\u00a0Rien de tel qu\u2019un peu de finesse pour rafra\u00eechir l\u2019atmosph\u00e8re\u00a0\u00bb, lui a\u00a0r\u00e9pondu le Premier ministre, en l\u2019invitant \u00e0\u00a0d\u00e9fendre plut\u00f4t \u00ab\u00a0le principe m\u00eame d\u2019un exercice parlementaire\u00a0\u00bb.<\/p>\n<p>Le d\u00e9put\u00e9 RN Jean-Philippe Tanguy s\u2019est alors dit \u00ab\u00a0choqu\u00e9\u00a0\u00bb par les propos de M. Lecornu, tout comme \u00ab\u00a0l\u2019ensemble du groupe\u00a0\u00bb Rassemblement national, lors d\u2019une conf\u00e9rence de presse \u00e0\u00a0l\u2019Assembl\u00e9e.<\/p>\n<p>Il a\u00a0assur\u00e9 que \u00ab\u00a0M. Ciotti a\u00a0traduit son contre-budget (dans des amendements) comme nous avons traduit le n\u00f4tre\u00a0\u00bb, en revendiquant des baisses d\u2019imp\u00f4ts et de d\u00e9penses, alors que, d\u2019apr\u00e8s lui, \u00ab\u00a0les groupes macronistes n\u2019ont fait qu\u2019augmenter les imp\u00f4ts (\u2026) et les d\u00e9penses\u00a0\u00bb.<\/p>\n<p>Jean-Philippe Tanguy a\u00a0d\u00e9nonc\u00e9 le \u00ab\u00a0cynisme de la macronie\u00a0\u00bb, qui, selon lui, \u00ab\u00a0fait de grandes promesses sur le respect du Parlement\u00a0\u00bb mais \u00ab\u00a0sabote\u00a0\u00bb le budget par \u00ab\u00a0l\u2019absence organis\u00e9e\u00a0\u00bb de ses d\u00e9put\u00e9s au moment des\u00a0votes.<\/p>\n<p>Se fondant sur des calculs r\u00e9alis\u00e9s par son parti, il a\u00a0affirm\u00e9 que le RN avait \u00e9t\u00e9 le groupe le plus pr\u00e9sent dans l\u2019h\u00e9micycle durant les discussions budg\u00e9taires, avec en moyenne 60% de d\u00e9put\u00e9s participant aux votes, contre \u00ab\u00a0un tiers\u00a0\u00bb des d\u00e9put\u00e9s macronistes (EPR), Horizons et\u00a0MoDem.<\/p>\n<ul class=\"wp-block-list\">\n<li><strong>Ce qu\u2019il faut retenir\u00a0:<\/strong> S\u00e9bastien Lecornu a\u00a0publiquement mis en cause \u00c9ric Ciotti et ses alli\u00e9s du Rassemblement national sur la fiscalit\u00e9 et le budget 2026 \u00e0\u00a0l\u2019Assembl\u00e9e nationale. Le Premier ministre reproche \u00e0\u00a0l\u2019UDR et au RN un double discours sur les imp\u00f4ts et leurs propositions de contre-budget, tandis que ses adversaires d\u00e9noncent l\u2019effondrement du pouvoir et le rejet du budget de l\u2019\u00c9tat. Le d\u00e9put\u00e9 RN Jean-Philippe Tanguy d\u00e9fend la coh\u00e9rence de son camp, met en avant la pr\u00e9sence de son groupe dans l\u2019h\u00e9micycle et accuse les d\u00e9put\u00e9s de la majorit\u00e9 de \u00ab\u00a0saboter\u00a0\u00bb le travail parlementaire par leur absence.<\/li>\n<\/ul>\n<p class=\"has-small-font-size\">Avec AFP<\/p>\n","protected":false},"excerpt":{"rendered":"Mardi \u00e0\u00a0l\u2019Assembl\u00e9e nationale, le Premier ministre S\u00e9bastien Lecornu a\u00a0vivement pris \u00e0\u00a0partie \u00c9ric Ciotti, pr\u00e9sident du groupe UDR alli\u00e9&hellip;\n","protected":false},"author":2,"featured_media":559051,"comment_status":"","ping_status":"","sticky":false,"template":"","format":"standard","meta":{"footnotes":""},"categories":[2819],"tags":[1111,11,1777,674,1011,27,12,2401,882,25],"class_list":{"0":"post-559050","1":"post","2":"type-post","3":"status-publish","4":"format-standard","5":"has-post-thumbnail","7":"category-nice","8":"tag-actu","9":"tag-actualites","10":"tag-eu","11":"tag-europe","12":"tag-fr","13":"tag-france","14":"tag-news","15":"tag-nice","16":"tag-provence-alpes-cote-dazur","17":"tag-republique-francaise"},"share_on_mastodon":{"url":"https:\/\/pubeurope.com\/@fr\/115613860300478921","error":""},"_links":{"self":[{"href":"https:\/\/www.europesays.com\/fr\/wp-json\/wp\/v2\/posts\/559050","targetHints":{"allow":["GET"]}}],"collection":[{"href":"https:\/\/www.europesays.com\/fr\/wp-json\/wp\/v2\/posts"}],"about":[{"href":"https:\/\/www.europesays.com\/fr\/wp-json\/wp\/v2\/types\/post"}],"author":[{"embeddable":true,"href":"https:\/\/www.europesays.com\/fr\/wp-json\/wp\/v2\/users\/2"}],"replies":[{"embeddable":true,"href":"https:\/\/www.europesays.com\/fr\/wp-json\/wp\/v2\/comments?post=559050"}],"version-history":[{"count":0,"href":"https:\/\/www.europesays.com\/fr\/wp-json\/wp\/v2\/posts\/559050\/revisions"}],"wp:featuredmedia":[{"embeddable":true,"href":"https:\/\/www.europesays.com\/fr\/wp-json\/wp\/v2\/media\/559051"}],"wp:attachment":[{"href":"https:\/\/www.europesays.com\/fr\/wp-json\/wp\/v2\/media?parent=559050"}],"wp:term":[{"taxonomy":"category","embeddable":true,"href":"https:\/\/www.europesays.com\/fr\/wp-json\/wp\/v2\/categories?post=559050"},{"taxonomy":"post_tag","embeddable":true,"href":"https:\/\/www.europesays.com\/fr\/wp-json\/wp\/v2\/tags?post=559050"}],"curies":[{"name":"wp","href":"https:\/\/api.w.org\/{rel}","templated":true}]}}