{"id":559052,"date":"2025-11-26T03:24:48","date_gmt":"2025-11-26T03:24:48","guid":{"rendered":"https:\/\/www.europesays.com\/fr\/559052\/"},"modified":"2025-11-26T03:24:48","modified_gmt":"2025-11-26T03:24:48","slug":"roquebrune-renverse-nice-et-file-au-final-four","status":"publish","type":"post","link":"https:\/\/www.europesays.com\/fr\/559052\/","title":{"rendered":"Roquebrune renverse Nice et file au final four"},"content":{"rendered":"<p class=\"fs-5 \">Alors que les Roquebrunoises caracolent en t\u00eate de leur championnat de Pr\u00e9-nationale avec huit succ\u00e8s en autant de rencontres, la Coupe Sud \u00e9tait au programme ce week-end avec une opposition \u00e0 l\u2019ext\u00e9rieur face au CTB Nice qui \u00e9volue en Pr\u00e9-r\u00e9gion, soit deux divisions d\u2019\u00e9cart.<\/p>\n<p class=\"fs-5 \">Au d\u00e9part du match, les Ni\u00e7oises \u00e9taient cr\u00e9dit\u00e9es de 14 points d\u2019avance, un matelas qui a fondu comme neige au soleil au terme du QT1 o\u00f9 RCM Basket avait quasiment combl\u00e9 son retard (10\u2019, 18-15).<\/p>\n<p class=\"fs-5 \">La p\u00e9riode suivante, des plus \u00e9quilibr\u00e9es, ne permettait \u00e0 aucune formation de prendre l\u2019avantage (20\u2019, 29-29).<\/p>\n<p class=\"fs-5 \">C\u2019est en deuxi\u00e8me mi-temps que les Rouge et Jaune allaient passer enfin devant gr\u00e2ce, une fois de plus, \u00e0 Noufe, meilleure scoreuse du match avec 19 pts.<\/p>\n<p class=\"fs-5 \">Roquebrune pliait le QT3 avec une petite avance (30\u2019, 35-42) que l\u2019\u00e9quipe allait conserver jusqu\u2019au terme de la rencontre : score final 41-50.<\/p>\n<p class=\"fs-5 \">Cons\u00e9quences de ce succ\u00e8s : les Roquebrunoises joueront un final four les 13 et 14 d\u00e9cembre, probablement \u00e0 Fos, et seront cr\u00e9dit\u00e9es d\u2019un point de plus au championnat.<\/p>\n<p class=\"fs-5 \">La bonne affaire !<\/p>\n<p class=\"fs-5 \">Samedi \u00e0 Nice, gymnase du Parc Imp\u00e9rial, Club Tennis et Basket Nice (Pr\u00e9 r\u00e9gion) \/ RCM Basket (Pr\u00e9 Nationale), 41-50 (18-15, 11-14, 6-13, 6-8). Arbitres : S.Rebiai et J.Droziere. CTB Nice : Frenois 4, Andreasik Savenco 5, Tameldou, 4, Miralles 5, Sardo 6, Calatayud (cap) 3, Lefebvre, Lopez. Entr : D.Sarkis. RCM Basket : Bahlouli, Martinez 4, Testa 7, Orengo 2, Noufe (cap) 19, Wane 8, Martin, Kiangebeni 10, Chambaud, Benfetoum. Entr : C.Lecocq.<\/p>\n","protected":false},"excerpt":{"rendered":"Alors que les Roquebrunoises caracolent en t\u00eate de leur championnat de Pr\u00e9-nationale avec huit succ\u00e8s en autant de&hellip;\n","protected":false},"author":2,"featured_media":559053,"comment_status":"","ping_status":"","sticky":false,"template":"","format":"standard","meta":{"footnotes":""},"categories":[2819],"tags":[1111,11,1777,674,1011,27,12,2401,882,25],"class_list":{"0":"post-559052","1":"post","2":"type-post","3":"status-publish","4":"format-standard","5":"has-post-thumbnail","7":"category-nice","8":"tag-actu","9":"tag-actualites","10":"tag-eu","11":"tag-europe","12":"tag-fr","13":"tag-france","14":"tag-news","15":"tag-nice","16":"tag-provence-alpes-cote-dazur","17":"tag-republique-francaise"},"share_on_mastodon":{"url":"https:\/\/pubeurope.com\/@fr\/115613868001521916","error":""},"_links":{"self":[{"href":"https:\/\/www.europesays.com\/fr\/wp-json\/wp\/v2\/posts\/559052","targetHints":{"allow":["GET"]}}],"collection":[{"href":"https:\/\/www.europesays.com\/fr\/wp-json\/wp\/v2\/posts"}],"about":[{"href":"https:\/\/www.europesays.com\/fr\/wp-json\/wp\/v2\/types\/post"}],"author":[{"embeddable":true,"href":"https:\/\/www.europesays.com\/fr\/wp-json\/wp\/v2\/users\/2"}],"replies":[{"embeddable":true,"href":"https:\/\/www.europesays.com\/fr\/wp-json\/wp\/v2\/comments?post=559052"}],"version-history":[{"count":0,"href":"https:\/\/www.europesays.com\/fr\/wp-json\/wp\/v2\/posts\/559052\/revisions"}],"wp:featuredmedia":[{"embeddable":true,"href":"https:\/\/www.europesays.com\/fr\/wp-json\/wp\/v2\/media\/559053"}],"wp:attachment":[{"href":"https:\/\/www.europesays.com\/fr\/wp-json\/wp\/v2\/media?parent=559052"}],"wp:term":[{"taxonomy":"category","embeddable":true,"href":"https:\/\/www.europesays.com\/fr\/wp-json\/wp\/v2\/categories?post=559052"},{"taxonomy":"post_tag","embeddable":true,"href":"https:\/\/www.europesays.com\/fr\/wp-json\/wp\/v2\/tags?post=559052"}],"curies":[{"name":"wp","href":"https:\/\/api.w.org\/{rel}","templated":true}]}}