{"id":559054,"date":"2025-11-26T03:25:11","date_gmt":"2025-11-26T03:25:11","guid":{"rendered":"https:\/\/www.europesays.com\/fr\/559054\/"},"modified":"2025-11-26T03:25:11","modified_gmt":"2025-11-26T03:25:11","slug":"les-pompiers-alertes-pour-un-coup-de-couteau-une-femme-est-decedee-dans-le-vignoble-de-nantes-3","status":"publish","type":"post","link":"https:\/\/www.europesays.com\/fr\/559054\/","title":{"rendered":"Les pompiers alert\u00e9s pour un coup de couteau\u00a0: une femme est d\u00e9c\u00e9d\u00e9e dans le vignoble de Nantes"},"content":{"rendered":"<p>Une femme, qui serait \u00e2g\u00e9e de 53\u00a0ans, est d\u00e9c\u00e9d\u00e9e violemment, ce mardi soir 25\u00a0novembre. \u00c0 20\u00a0h\u00a036, le centre op\u00e9rationnel d\u00e9partemental d\u2019incendie et de secours de Loire-Atlantique a \u00e9t\u00e9 <a href=\"https:\/\/www.ouest-france.fr\/societe\/faits-divers\/\" target=\"_self\" rel=\"noopener\">alert\u00e9 de blessures graves<\/a> dont a \u00e9t\u00e9 victime une femme, \u00e0 Saint-Colomban (Loire-Atlantique), commune du Vignoble de Nantes situ\u00e9e \u00e0 une trentaine de kilom\u00e8tres au sud de Nantes. Elle pourrait avoir \u00e9t\u00e9 poignard\u00e9e.<\/p>\n<p>Le drame s\u2019est produit dans une impasse, au lieu-dit Haut-Roquette, un hameau situ\u00e9 aux abords de la d\u00e9partentale 70, la route reliant Saint-Colomban \u00e0 Saint-Philbert-de-Bouaine.<\/p>\n<p>Tentatives de r\u00e9animation<\/p>\n<p>En arr\u00eat cardio-ventilatoire, la femme d\u00e9couverte dans un \u00e9tat critique n\u2019a pu \u00eatre sauv\u00e9e, malgr\u00e9 les tentatives de r\u00e9animation prodigu\u00e9es par les pompiers et l\u2019\u00e9quipe m\u00e9dicale d\u2019urgence du Smur. Treize pompiers ont \u00e9t\u00e9 mobilis\u00e9s sur les lieux. Sur place aussi, les gendarmes commen\u00e7aient \u00e0 d\u00e9rouler un ruban, afin de d\u00e9limiter la zone des faits.<\/p>\n<p>Sollicit\u00e9 par Ouest-France, le maire Patrick Bertain \u00e9tait en r\u00e9union lorsqu\u2019il a \u00e9t\u00e9 pr\u00e9venu par un membre de son \u00e9quipe, l\u2019\u00e9lu de permanence cette semaine. Il avait \u00e9t\u00e9 inform\u00e9 de la mort violente d\u2019une femme et de l\u2019endroit o\u00f9 les faits s\u2019\u00e9taient d\u00e9roul\u00e9s, mais n\u2019a pas souhait\u00e9 commenter.<\/p>\n<p>\u00a0<\/p>\n","protected":false},"excerpt":{"rendered":"Une femme, qui serait \u00e2g\u00e9e de 53\u00a0ans, est d\u00e9c\u00e9d\u00e9e violemment, ce mardi soir 25\u00a0novembre. \u00c0 20\u00a0h\u00a036, le centre&hellip;\n","protected":false},"author":2,"featured_media":558826,"comment_status":"","ping_status":"","sticky":false,"template":"","format":"standard","meta":{"footnotes":""},"categories":[2818],"tags":[1111,11,52822,3952,5264,38444,1777,674,1294,1011,27,766,12,2636,1311,25,6689,4714,9693],"class_list":{"0":"post-559054","1":"post","2":"type-post","3":"status-publish","4":"format-standard","5":"has-post-thumbnail","7":"category-nantes","8":"tag-actu","9":"tag-actualites","10":"tag-alertes","11":"tag-coup","12":"tag-couteau","13":"tag-decedee","14":"tag-eu","15":"tag-europe","16":"tag-femme","17":"tag-fr","18":"tag-france","19":"tag-nantes","20":"tag-news","21":"tag-pays-de-la-loire","22":"tag-pompiers","23":"tag-republique-francaise","24":"tag-roche","25":"tag-vignoble","26":"tag-yon"},"share_on_mastodon":{"url":"https:\/\/pubeurope.com\/@fr\/115613868073380454","error":""},"_links":{"self":[{"href":"https:\/\/www.europesays.com\/fr\/wp-json\/wp\/v2\/posts\/559054","targetHints":{"allow":["GET"]}}],"collection":[{"href":"https:\/\/www.europesays.com\/fr\/wp-json\/wp\/v2\/posts"}],"about":[{"href":"https:\/\/www.europesays.com\/fr\/wp-json\/wp\/v2\/types\/post"}],"author":[{"embeddable":true,"href":"https:\/\/www.europesays.com\/fr\/wp-json\/wp\/v2\/users\/2"}],"replies":[{"embeddable":true,"href":"https:\/\/www.europesays.com\/fr\/wp-json\/wp\/v2\/comments?post=559054"}],"version-history":[{"count":0,"href":"https:\/\/www.europesays.com\/fr\/wp-json\/wp\/v2\/posts\/559054\/revisions"}],"wp:featuredmedia":[{"embeddable":true,"href":"https:\/\/www.europesays.com\/fr\/wp-json\/wp\/v2\/media\/558826"}],"wp:attachment":[{"href":"https:\/\/www.europesays.com\/fr\/wp-json\/wp\/v2\/media?parent=559054"}],"wp:term":[{"taxonomy":"category","embeddable":true,"href":"https:\/\/www.europesays.com\/fr\/wp-json\/wp\/v2\/categories?post=559054"},{"taxonomy":"post_tag","embeddable":true,"href":"https:\/\/www.europesays.com\/fr\/wp-json\/wp\/v2\/tags?post=559054"}],"curies":[{"name":"wp","href":"https:\/\/api.w.org\/{rel}","templated":true}]}}