{"id":559057,"date":"2025-11-26T03:27:17","date_gmt":"2025-11-26T03:27:17","guid":{"rendered":"https:\/\/www.europesays.com\/fr\/559057\/"},"modified":"2025-11-26T03:27:17","modified_gmt":"2025-11-26T03:27:17","slug":"bordeaux-distinguee-pour-ses-mobilites-douces-et-sa-politique-de-sante","status":"publish","type":"post","link":"https:\/\/www.europesays.com\/fr\/559057\/","title":{"rendered":"Bordeaux distingu\u00e9e pour ses mobilit\u00e9s douces et sa politique de sant\u00e9"},"content":{"rendered":"<p>Bordeaux vient d\u2019encha\u00eener trois distinctions majeures qui confirment la dynamique engag\u00e9e depuis plusieurs ann\u00e9es en mati\u00e8re de mobilit\u00e9s douces, de s\u00e9curit\u00e9 routi\u00e8re et de pr\u00e9vention en sant\u00e9 publique. Trois signaux qui, mis bout \u00e0 bout, dessinent une m\u00eame orientation\u00a0: celle d\u2019une ville qui cherche \u00e0 rendre l\u2019espace urbain plus s\u00fbr, plus apais\u00e9 et plus favorable au bien-\u00eatre de ses habitants.<\/p>\n<p>Selon le <a href=\"https:\/\/copenhagenizeindex.eu\/\" class=\"spip_out\" rel=\"external noopener\" target=\"_blank\">Copenhagenize Index 2025<\/a>, r\u00e9f\u00e9rence internationale en mati\u00e8re de cyclabilit\u00e9, Bordeaux se hisse \u00e0 la 9\u1d49 place mondiale et devient la premi\u00e8re ville de r\u00e9gion fran\u00e7aise du classement, juste derri\u00e8re Paris. Le palmar\u00e8s prend en compte treize indicateurs r\u00e9partis en trois cat\u00e9gories\u00a0: qualit\u00e9 des infrastructures cyclables, usages et part modale, engagement politique et image du v\u00e9lo. La progression bordelaise s\u2019appuie autant sur les am\u00e9nagements r\u00e9alis\u00e9s que sur la croissance des usages et la place des femmes dans les d\u00e9placements \u00e0 v\u00e9lo.<\/p>\n<p>La Ville obtient \u00e9galement 4 c\u0153urs au label national \u00ab\u00a0Ville Prudente\u00a0\u00bb, d\u00e9cern\u00e9 par la Pr\u00e9vention routi\u00e8re. Ce niveau, parmi les plus \u00e9lev\u00e9s, r\u00e9compense les communes particuli\u00e8rement engag\u00e9es dans la r\u00e9duction des accidents et la s\u00e9curisation des mobilit\u00e9s du quotidien. Bordeaux devient ainsi la premi\u00e8re ville de Nouvelle-Aquitaine \u00e0 atteindre ce rang, un r\u00e9sultat prononc\u00e9 \u00e0 l\u2019issue d\u2019un audit complet comprenant questionnaire, visite de terrain et entretien avec les \u00e9quipes municipales.<\/p>\n<p>Enfin, la Ville est laur\u00e9ate du Troph\u00e9e \u201cCollectivit\u00e9s et pr\u00e9vention des cancers\u201d 2025 de l\u2019Institut National du Cancer, pour une politique transversale m\u00ealant lutte contre la s\u00e9dentarit\u00e9, qualit\u00e9 de l\u2019air, mieux-manger, \u00e9ducation aux mobilit\u00e9s actives ou encore r\u00e9duction des perturbateurs endocriniens aupr\u00e8s des enfants. Cette r\u00e9compense souligne un travail de fond d\u00e9j\u00e0 visible dans plusieurs programmes municipaux.<\/p>\n","protected":false},"excerpt":{"rendered":"Bordeaux vient d\u2019encha\u00eener trois distinctions majeures qui confirment la dynamique engag\u00e9e depuis plusieurs ann\u00e9es en mati\u00e8re de mobilit\u00e9s&hellip;\n","protected":false},"author":2,"featured_media":559058,"comment_status":"","ping_status":"","sticky":false,"template":"","format":"standard","meta":{"footnotes":""},"categories":[2817],"tags":[1111,11,1997,1777,674,1011,27,12,2219,25],"class_list":{"0":"post-559057","1":"post","2":"type-post","3":"status-publish","4":"format-standard","5":"has-post-thumbnail","7":"category-bordeaux","8":"tag-actu","9":"tag-actualites","10":"tag-bordeaux","11":"tag-eu","12":"tag-europe","13":"tag-fr","14":"tag-france","15":"tag-news","16":"tag-nouvelle-aquitaine","17":"tag-republique-francaise"},"share_on_mastodon":{"url":"https:\/\/pubeurope.com\/@fr\/115613875836587846","error":""},"_links":{"self":[{"href":"https:\/\/www.europesays.com\/fr\/wp-json\/wp\/v2\/posts\/559057","targetHints":{"allow":["GET"]}}],"collection":[{"href":"https:\/\/www.europesays.com\/fr\/wp-json\/wp\/v2\/posts"}],"about":[{"href":"https:\/\/www.europesays.com\/fr\/wp-json\/wp\/v2\/types\/post"}],"author":[{"embeddable":true,"href":"https:\/\/www.europesays.com\/fr\/wp-json\/wp\/v2\/users\/2"}],"replies":[{"embeddable":true,"href":"https:\/\/www.europesays.com\/fr\/wp-json\/wp\/v2\/comments?post=559057"}],"version-history":[{"count":0,"href":"https:\/\/www.europesays.com\/fr\/wp-json\/wp\/v2\/posts\/559057\/revisions"}],"wp:featuredmedia":[{"embeddable":true,"href":"https:\/\/www.europesays.com\/fr\/wp-json\/wp\/v2\/media\/559058"}],"wp:attachment":[{"href":"https:\/\/www.europesays.com\/fr\/wp-json\/wp\/v2\/media?parent=559057"}],"wp:term":[{"taxonomy":"category","embeddable":true,"href":"https:\/\/www.europesays.com\/fr\/wp-json\/wp\/v2\/categories?post=559057"},{"taxonomy":"post_tag","embeddable":true,"href":"https:\/\/www.europesays.com\/fr\/wp-json\/wp\/v2\/tags?post=559057"}],"curies":[{"name":"wp","href":"https:\/\/api.w.org\/{rel}","templated":true}]}}