{"id":559065,"date":"2025-11-26T03:33:19","date_gmt":"2025-11-26T03:33:19","guid":{"rendered":"https:\/\/www.europesays.com\/fr\/559065\/"},"modified":"2025-11-26T03:33:19","modified_gmt":"2025-11-26T03:33:19","slug":"les-meilleurs-studios-de-pilates-a-lille","status":"publish","type":"post","link":"https:\/\/www.europesays.com\/fr\/559065\/","title":{"rendered":"Les meilleurs studios de Pilates \u00e0 Lille"},"content":{"rendered":"<p><b>FLAM\u2019 Studio\u00a0: Le Pilates nouvelle g\u00e9n\u00e9ration, version \u201cmusic powered\u201d<\/b><\/p>\n<p>Chez <b>FLAM\u2019<\/b>, oublie ce que tu pensais du Pilates. La discipline prend des airs de training \u00e9lectrisant\u00a0: lumi\u00e8re ma\u00eetris\u00e9e, playlist calibr\u00e9e par Betical, ambiance qui ressemble plus \u00e0 un club \u00e9l\u00e9gant qu\u2019\u00e0 une salle de sport. Les coachs misent sur un Pilates ultra pr\u00e9cis, rythm\u00e9, styl\u00e9\u00a0: parfait pour celles et ceux qui aiment transpirer en musique. Certaines sessions sont plus douces, d\u2019autres bien intenses, mais toutes partagent cette \u00e9nergie signature qui f\u00e9d\u00e8re une vraie communaut\u00e9. Le studio est canon, la DA fait son effet, et l\u2019esprit est inclusif\u00a0: on vient pour sculpter, oui, mais surtout pour s\u2019amuser.<\/p>\n<blockquote class=\"instagram-media\" data-instgrm-permalink=\"https:\/\/www.instagram.com\/p\/DOL-0zkjDz5\/?utm_source=ig_embed&amp;utm_campaign=loading\" data-instgrm-version=\"14\" style=\"background: #FFF; border: 0; border-radius: 3px; box-shadow: 0 0 1px 0 rgba(0,0,0,0.5),0 1px 10px 0 rgba(0,0,0,0.15); margin: 1px; max-width: 540px; min-width: 326px; padding: 0; width: calc(100% - 2px);\">\n<\/blockquote>\n<p>Flam&rsquo; Studio &#8211; Studio Pilates &#8211; Pilates Reformer Lille Centre<\/p>\n<li class=\"opening-hours\">Lundi &#8211; samedi : 9:00 &#8211; 20:30<\/li>\n<li class=\"opening-hours\">Dimanche : 9:00 &#8211; 14:00<\/li>\n<p><b>Aloya Studio\u00a0: Le lieu feel good o\u00f9 sport, cantine healthy et beaut\u00e9 se rencontrent<\/b><\/p>\n<p>\u00c0 <a href=\"https:\/\/www.lebonbon.fr\/lille\/lifestyle\/aloya-concept-sport-healthy-food-feel-good-lille\/\" target=\"_blank\" rel=\"noopener\"><b>Aloya<\/b><\/a>, le Pilates s\u2019inscrit dans un univers cocooning pens\u00e9 pour prendre soin de soi de la t\u00eate aux pieds. Les cours sont pr\u00e9cis, accessibles, dans un cadre cosy (serviettes, Dyson, produits haut de gamme de chez <a href=\"https:\/\/www.lebonbon.fr\/lille\/lifestyle\/adresses-lille-bien-etre\/\" target=\"_blank\" rel=\"noopener\">Seasonly<\/a>, tout y est). Mais l\u2019exp\u00e9rience ne s\u2019arr\u00eate pas l\u00e0\u00a0: avant ou apr\u00e8s sa s\u00e9ance, on peut d\u00e9briefer autour d\u2019un bowl maison, siroter un matcha latte d\u00e9licieux ou m\u00eame passer entre les mains d\u2019Ana\u00efs pour un brushing. Le studio est pens\u00e9 comme une parenth\u00e8se feel good\u00a0: que tu viennes pour transpirer, manger ou te reconnecter doucement, tu trouveras toujours ton moment.<\/p>\n<blockquote class=\"instagram-media\" data-instgrm-permalink=\"https:\/\/www.instagram.com\/p\/DNvmHH-VH1r\/?utm_source=ig_embed&amp;utm_campaign=loading\" data-instgrm-version=\"14\" style=\"background: #FFF; border: 0; border-radius: 3px; box-shadow: 0 0 1px 0 rgba(0,0,0,0.5),0 1px 10px 0 rgba(0,0,0,0.15); margin: 1px; max-width: 540px; min-width: 326px; padding: 0; width: calc(100% - 2px);\">\n<\/blockquote>\n<p>Aloya Studio<\/p>\n<li class=\"address info\">815, avenue de la R\u00e9publique Marcq-en-Bar\u0153ul<\/li>\n<li class=\"opening-hours\">Lundi &#8211; mardi : 7:30 &#8211; 21:00<\/li>\n<li class=\"opening-hours\">Mercredi &#8211; jeudi : 9:00 &#8211; 21:00<\/li>\n<li class=\"opening-hours\">Vendredi : 7:30 &#8211; 20:00<\/li>\n<li class=\"opening-hours\">Samedi : 9:00 &#8211; 12:30<\/li>\n<li class=\"opening-hours close\">Dimanche : Ferm\u00e9<\/li>\n<p><b>Soluna Studio\u00a0: La safe place Pilates Reformer \u00e0 10 minutes de Lille<\/b><\/p>\n<p>Chez <b>Soluna<\/b>, tout respire la douceur et la pr\u00e9cision. Le studio poss\u00e8de huit Reformers Balance Body, avec des cours en petits groupes bien encadr\u00e9s par Manon et Margot, deux coachs aussi passionn\u00e9es que bienveillantes. L\u2019ambiance est apaisante, le lieu impeccable, et beaucoup parlent d\u2019un vrai \u201cavant\/apr\u00e8s\u201d dans leur rapport au sport.<br \/>On adore\u00a0: la possibilit\u00e9 de d\u00e9guster un matcha latte apr\u00e8s la s\u00e9ance, les conseils personnalis\u00e9s, et cette sensation d\u2019\u00eatre r\u00e9ellement accompagn\u00e9e dans sa progression. Un studio qui coche toutes les cases\u00a0: performance, s\u00e9r\u00e9nit\u00e9, et une vibe \u201csafe place\u201d qu\u2019on retrouve rarement ailleurs.<\/p>\n<blockquote class=\"instagram-media\" data-instgrm-permalink=\"https:\/\/www.instagram.com\/p\/DNhwXHWoHsH\/?utm_source=ig_embed&amp;utm_campaign=loading\" data-instgrm-version=\"14\" style=\"background: #FFF; border: 0; border-radius: 3px; box-shadow: 0 0 1px 0 rgba(0,0,0,0.5),0 1px 10px 0 rgba(0,0,0,0.15); margin: 1px; max-width: 540px; min-width: 326px; padding: 0; width: calc(100% - 2px);\">\n<\/blockquote>\n<p>Soluna Studio<\/p>\n<li class=\"address info\">158, rue Pasteur Marquette-lez-Lille<\/li>\n<li class=\"opening-hours\">Lundi &#8211; mercredi : 9:00 &#8211; 14:00, 16:30 &#8211; 21:00<\/li>\n<li class=\"opening-hours\">Mardi : 7:30 &#8211; 14:00, 16:30 &#8211; 21:00<\/li>\n<li class=\"opening-hours\">Jeudi : 17:00 &#8211; 20:30<\/li>\n<li class=\"opening-hours\">Vendredi : 9:00 &#8211; 14:00, 16:30 &#8211; 20:00<\/li>\n<li class=\"opening-hours\">Samedi : 9:00 &#8211; 13:00<\/li>\n<li class=\"opening-hours close\">Dimanche : Ferm\u00e9<\/li>\n<p><b>Villa Yoga\u00a0: Le Pilates version slow, dans un cadre apaisant<\/b><\/p>\n<p>Si tu cherches un Pilates doux, align\u00e9, accessible \u00e0 tous et connect\u00e9 au bien-\u00eatre, <a href=\"https:\/\/www.lebonbon.fr\/lille\/lifestyle\/adresses-lille-bien-etre\/\" target=\"_blank\" rel=\"noopener\"><b>Villa Yoga<\/b><\/a> est une p\u00e9pite. Le lieu est magnifique\u00a0: bois clair, plantes, lumi\u00e8re douce, terrasse qui donne envie d\u2019y passer des heures.<br \/>C\u00f4t\u00e9 cours, on retrouve plusieurs pratiques Pilates\u00a0: stretching, swiss ball, pr\u00e9natal\u2026 le tout dans une ambiance zen o\u00f9 l\u2019\u00e9coute et la bienveillance sont au centre.<br \/>Apr\u00e8s la s\u00e9ance, on peut bruncher sain et gourmand, boire un jus frais ou se poser au salon de th\u00e9. C\u2019est l\u2019endroit parfait pour ralentir, respirer et faire le plein d\u2019\u00e9nergie.<\/p>\n<blockquote class=\"instagram-media\" data-instgrm-permalink=\"https:\/\/www.instagram.com\/p\/C_BLP7PsHnh\/?utm_source=ig_embed&amp;utm_campaign=loading\" data-instgrm-version=\"14\" style=\"background: #FFF; border: 0; border-radius: 3px; box-shadow: 0 0 1px 0 rgba(0,0,0,0.5),0 1px 10px 0 rgba(0,0,0,0.15); margin: 1px; max-width: 540px; min-width: 326px; padding: 0; width: calc(100% - 2px);\">\n<\/blockquote>\n<p>Villa Yoga<\/p>\n<li class=\"opening-hours\">Dimanche &#8211; samedi : 9:00 &#8211; 12:30<\/li>\n<li class=\"opening-hours\">Lundi &#8211; mercredi : 9:00 &#8211; 21:00<\/li>\n<li class=\"opening-hours\">Mardi &#8211; jeudi : 7:30 &#8211; 21:00<\/li>\n<li class=\"opening-hours\">Vendredi : 8:30 &#8211; 20:00<\/li>\n<p><b>\u00d4 Centre\u00a0: Le studio historique et ultra bienveillant de Lille<\/b><\/p>\n<p>Ouvert depuis bient\u00f4t 17 ans, <b>\u00d4 Centre<\/b> fait partie des adresses incontournables de la m\u00e9tropole.<br \/>C\u00e9cile et Philippe y enseignent un Pilates tapis et machines d\u2019une qualit\u00e9 rare, avec une approche tr\u00e8s personnalis\u00e9e, bas\u00e9e sur l\u2019\u00e9coute, la posture et la conscience du mouvement.<br \/>Le lieu est calme, lumineux, entour\u00e9 de verdure\u00a0: un vrai \u00e9crin en plein centre-ville. Beaucoup de fid\u00e8les y reviennent depuis des ann\u00e9es pour l\u2019\u00e9nergie des coachs, leur pr\u00e9cision et leur capacit\u00e9 \u00e0 adapter chaque s\u00e9ance aux besoins du moment. Un Pilates profond, humain, qui fait du bien au corps comme \u00e0 l\u2019esprit.<\/p>\n<blockquote class=\"instagram-media\" data-instgrm-permalink=\"https:\/\/www.instagram.com\/reel\/DOVPqC0DAf5\/?utm_source=ig_embed&amp;utm_campaign=loading\" data-instgrm-version=\"14\" style=\"background: #FFF; border: 0; border-radius: 3px; box-shadow: 0 0 1px 0 rgba(0,0,0,0.5),0 1px 10px 0 rgba(0,0,0,0.15); margin: 1px; max-width: 540px; min-width: 326px; padding: 0; width: calc(100% - 2px);\">\n<\/blockquote>\n<p>\u00d4 Centre<\/p>\n<li class=\"opening-hours\">Lundi &#8211; vendredi : 9:00 &#8211; 21:30<\/li>\n<li class=\"opening-hours\">Jeudi : 7:00 &#8211; 21:30<\/li>\n<li class=\"opening-hours\">Samedi : 9:00 &#8211; 11:00<\/li>\n<li class=\"opening-hours\">Dimanche : 10:15 &#8211; 11:45<\/li>\n<p><b>Sculpt Studio (Mouscron)\u00a0: Le temple du Reformer chic et pr\u00e9cis<\/b><\/p>\n<p>\u00c0 deux pas de la fronti\u00e8re, <b>Sculpt Studio<\/b> est l\u2019adresse \u00e9l\u00e9gante pour celles et ceux qui veulent un Reformer exigeant, raffin\u00e9 et hyper qualitatif. Marion, instructrice form\u00e9e Balanced Body, propose des cours fluides, pr\u00e9cis, ultra p\u00e9dagogiques\u00a0: parfaits pour renforcer sa posture et sculpter en profondeur. Les s\u00e9ances en petit comit\u00e9 permettent une correction parfaite, et l\u2019ambiance est douce, propre, inspirante. Un vrai coup de c\u0153ur pour les amoureux du Pilates pointu, qui veulent des r\u00e9sultats visibles et une pratique haut de gamme.<\/p>\n<blockquote class=\"instagram-media\" data-instgrm-permalink=\"https:\/\/www.instagram.com\/p\/DOvVAa3DUMG\/?utm_source=ig_embed&amp;utm_campaign=loading\" data-instgrm-version=\"14\" style=\"background: #FFF; border: 0; border-radius: 3px; box-shadow: 0 0 1px 0 rgba(0,0,0,0.5),0 1px 10px 0 rgba(0,0,0,0.15); margin: 1px; max-width: 540px; min-width: 326px; padding: 0; width: calc(100% - 2px);\">\n<\/blockquote>\n<p>Sculpt Studio<\/p>\n<li class=\"address info\">158, rue du Dragon Mouscron<\/li>\n<li class=\"opening-hours\">Lundi : 13:00 &#8211; 18:30<\/li>\n<li class=\"opening-hours\">Mardi : 8:00 &#8211; 19:30<\/li>\n<li class=\"opening-hours\">Mercredi : 7:30 &#8211; 19:00<\/li>\n<li class=\"opening-hours\">Jeudi : 9:00 &#8211; 18:30<\/li>\n<li class=\"opening-hours\">Vendredi : 8:00 &#8211; 18:00<\/li>\n<li class=\"opening-hours\">Samedi : 9:00 &#8211; 13:00<\/li>\n<li class=\"opening-hours close\">Dimanche : Ferm\u00e9<\/li>\n<p><b>Healthilona\u00a0: Le petit cocon Pilates &amp; massages qui recentre tout<\/b><\/p>\n<p>Dans un studio \u00e0 taille humaine, <b>Healthilona<\/b> propose un Pilates Reformer en mini-groupes (4 pers. max) qui permet une attention quasi individuelle. Alessandra est une prof solaire, extr\u00eamement attentive, qui prend le temps d\u2019expliquer chaque mouvement, de corriger, d\u2019adapter, de rassurer.<br \/>Chaque s\u00e9ance ressemble \u00e0 un moment suspendu, o\u00f9 on se reconnecte vraiment \u00e0 soi. L\u2019ambiance est chaleureuse, jamais jugeante, et beaucoup parlent d\u2019un mieux-\u00eatre imm\u00e9diat apr\u00e8s les cours. Une p\u00e9pite.<\/p>\n<blockquote class=\"instagram-media\" data-instgrm-permalink=\"https:\/\/www.instagram.com\/reel\/C8xPUVJsCLw\/?utm_source=ig_embed&amp;utm_campaign=loading\" data-instgrm-version=\"14\" style=\"background: #FFF; border: 0; border-radius: 3px; box-shadow: 0 0 1px 0 rgba(0,0,0,0.5),0 1px 10px 0 rgba(0,0,0,0.15); margin: 1px; max-width: 540px; min-width: 326px; padding: 0; width: calc(100% - 2px);\">\n<\/blockquote>\n<p>Healthilona Studio | Pilates Reformer &amp; Massages Renata Fran\u00e7a Et Mad\u00e9roth\u00e9rapie \u00c0 Lille<\/p>\n<li class=\"address info\">168, avenue de la R\u00e9publique La Madeleine<\/li>\n<li class=\"opening-hours\">Lundi &#8211; vendredi : 7:30 &#8211; 19:00<\/li>\n<li class=\"opening-hours\">Samedi : 8:30 &#8211; 19:00<\/li>\n<li class=\"opening-hours close\">Dimanche : Ferm\u00e9<\/li>\n<p><b>Studio Sola\u00a0: Le Pilates Reformer styl\u00e9 du sud de Lille<\/b><\/p>\n<p>\u00c0 Wattignies, <b>Studio Sola<\/b> apporte enfin une belle adresse bien-\u00eatre au sud de Lille.<br \/>On y d\u00e9couvre des cours de Pilates Reformer en petits groupes, propos\u00e9s dans un studio \u00e9l\u00e9gant o\u00f9 chaque d\u00e9tail a \u00e9t\u00e9 pens\u00e9\u00a0: accueil chaleureux, machines impeccables, d\u00e9co apaisante. Sophie, la fondatrice, est douce, p\u00e9dagogue et extr\u00eamement attentive, ce qui rend les cours accessibles m\u00eame aux d\u00e9butants. Une super adresse pour se remettre au sport en douceur\u2026 et sans se sentir intimid\u00e9e.<\/p>\n<blockquote class=\"instagram-media\" data-instgrm-permalink=\"https:\/\/www.instagram.com\/p\/DMAVrHnsUdG\/?utm_source=ig_embed&amp;utm_campaign=loading\" data-instgrm-version=\"14\" style=\"background: #FFF; border: 0; border-radius: 3px; box-shadow: 0 0 1px 0 rgba(0,0,0,0.5),0 1px 10px 0 rgba(0,0,0,0.15); margin: 1px; max-width: 540px; min-width: 326px; padding: 0; width: calc(100% - 2px);\">\n<\/blockquote>\n<p>Studio Sola<\/p>\n<li class=\"address info\">36, rue Philippe de Girard Wattignies<\/li>\n<li class=\"opening-hours\">Lundi &#8211; vendredi : 7:00 &#8211; 21:00<\/li>\n<li class=\"opening-hours\">Samedi &#8211; dimanche : 9:00 &#8211; 21:00<\/li>\n<p>    <script async src=\"\/\/www.instagram.com\/embed.js\"><\/script><\/p>\n","protected":false},"excerpt":{"rendered":"FLAM\u2019 Studio\u00a0: Le Pilates nouvelle g\u00e9n\u00e9ration, version \u201cmusic powered\u201d Chez FLAM\u2019, oublie ce que tu pensais du Pilates.&hellip;\n","protected":false},"author":2,"featured_media":559066,"comment_status":"","ping_status":"","sticky":false,"template":"","format":"standard","meta":{"footnotes":""},"categories":[2815],"tags":[1111,11,1777,674,1011,27,811,1307,12,25],"class_list":{"0":"post-559065","1":"post","2":"type-post","3":"status-publish","4":"format-standard","5":"has-post-thumbnail","7":"category-lille","8":"tag-actu","9":"tag-actualites","10":"tag-eu","11":"tag-europe","12":"tag-fr","13":"tag-france","14":"tag-hauts-de-france","15":"tag-lille","16":"tag-news","17":"tag-republique-francaise"},"share_on_mastodon":{"url":"https:\/\/pubeurope.com\/@fr\/115613899453026154","error":""},"_links":{"self":[{"href":"https:\/\/www.europesays.com\/fr\/wp-json\/wp\/v2\/posts\/559065","targetHints":{"allow":["GET"]}}],"collection":[{"href":"https:\/\/www.europesays.com\/fr\/wp-json\/wp\/v2\/posts"}],"about":[{"href":"https:\/\/www.europesays.com\/fr\/wp-json\/wp\/v2\/types\/post"}],"author":[{"embeddable":true,"href":"https:\/\/www.europesays.com\/fr\/wp-json\/wp\/v2\/users\/2"}],"replies":[{"embeddable":true,"href":"https:\/\/www.europesays.com\/fr\/wp-json\/wp\/v2\/comments?post=559065"}],"version-history":[{"count":0,"href":"https:\/\/www.europesays.com\/fr\/wp-json\/wp\/v2\/posts\/559065\/revisions"}],"wp:featuredmedia":[{"embeddable":true,"href":"https:\/\/www.europesays.com\/fr\/wp-json\/wp\/v2\/media\/559066"}],"wp:attachment":[{"href":"https:\/\/www.europesays.com\/fr\/wp-json\/wp\/v2\/media?parent=559065"}],"wp:term":[{"taxonomy":"category","embeddable":true,"href":"https:\/\/www.europesays.com\/fr\/wp-json\/wp\/v2\/categories?post=559065"},{"taxonomy":"post_tag","embeddable":true,"href":"https:\/\/www.europesays.com\/fr\/wp-json\/wp\/v2\/tags?post=559065"}],"curies":[{"name":"wp","href":"https:\/\/api.w.org\/{rel}","templated":true}]}}