{"id":559080,"date":"2025-11-26T03:43:19","date_gmt":"2025-11-26T03:43:19","guid":{"rendered":"https:\/\/www.europesays.com\/fr\/559080\/"},"modified":"2025-11-26T03:43:19","modified_gmt":"2025-11-26T03:43:19","slug":"la-guerre-de-sapin-entre-ces-prestigieux-lycees-brutalement-interrompue-par-la-police","status":"publish","type":"post","link":"https:\/\/www.europesays.com\/fr\/559080\/","title":{"rendered":"la \u00ab\u00a0guerre de sapin\u00a0\u00bb entre ces prestigieux lyc\u00e9es brutalement interrompue par la police"},"content":{"rendered":"<p>                    Par<br \/>\n        <strong><br \/>\n            <a href=\"https:\/\/actu.fr\/auteur\/antoine-blanchet\" title=\"Consulter tous les articles de Antoine Blanchet\" target=\"_blank\" rel=\"noopener\">Antoine Blanchet<\/a><br \/>\n                    <\/strong><\/p>\n<p>        Publi\u00e9 le<\/p>\n<p>            25 nov. 2025 \u00e0 17h52        <\/p>\n<p>L\u2019odeur de conif\u00e8re a laiss\u00e9 place \u00e0 celle du gaz lacrymog\u00e8ne. Jeudi 20 novembre 2025, la traditionnelle<strong> \u00ab\u00a0guerre des sapins\u00a0\u00bb<\/strong>, qui voient s\u2019affronter des \u00e9l\u00e8ves des lyc\u00e9es Louis Le Grand, Henri IV et Saint-Louis <a href=\"https:\/\/actu.fr\/ile-de-france\/paris_75056\/photos-pied-pantheon-memorial-grandes-femmes-grave-dans-bois_26187143.html\" target=\"_blank\" rel=\"noopener\">Place du Panth\u00e9on<\/a> \u00e0 <a href=\"https:\/\/actu.fr\/paris\/\" target=\"_blank\" rel=\"noopener\">Paris<\/a> s\u2019est transform\u00e9e en pugilat apr\u00e8s une intervention de la police, nous indique le rectorat, confirmant une information de <a href=\"https:\/\/www.marianne.net\/societe\/la-bac-s-invite-a-la-guerre-des-sapins-entre-les-lycees-louis-le-grand-et-henri-iv\" target=\"_blank\" rel=\"noopener\">Marianne<\/a>. Plusieurs \u00e9l\u00e8ves ont \u00e9t\u00e9 bless\u00e9s par les gaz lacrymog\u00e8nes et un agent bless\u00e9 au visage. Un \u00e9tudiant a par ailleurs \u00e9t\u00e9 plac\u00e9 en garde \u00e0 vue.\u00a0<\/p>\n<p>\u00ab\u00a0Le gaz \u00e9tait tr\u00e8s puissant\u00a0\u00bb\u00a0<\/p>\n<p class=\" wall-content\">Toute cette affaire commence par une tradition pluris\u00e9culaire. Chaque ann\u00e9e, une \u00ab\u00a0bataille\u00a0\u00bb s\u2019engage entre les diff\u00e9rents lyc\u00e9es proches du Panth\u00e9on. Des sapins sont <strong>dispos\u00e9s sur la place du Panth\u00e9on<\/strong>, et les \u00e9l\u00e8ves des classes pr\u00e9paratoires doivent en d\u00e9rober le plus possible. L\u2019\u00e9v\u00e8nement est pilot\u00e9 par la mairie du 5e arrondissement et les \u00e9tablissements bellig\u00e9rants.\u00a0<\/p>\n<p class=\" wall-content\">Mais cette ann\u00e9e, la bonne ambiance est partie en fum\u00e9e. En cause : une intervention d\u2019un \u00e9quipage de la <strong>brigade anticriminalit\u00e9<\/strong>. Dans des circonstances qui restent \u00e0 \u00e9claircir, les agents ont fait usage de leurs bonbonnes lacrymog\u00e8nes. \u00ab\u00a0Le gaz \u00e9tait tr\u00e8s puissant. Toute la zone a \u00e9t\u00e9 envahie, touchant m\u00eame ceux qui n\u2019\u00e9taient pas au c\u0153ur de l\u2019action\u00a0\u00bb, t\u00e9moigne une \u00e9tudiante aupr\u00e8s de nos confr\u00e8res du <a href=\"https:\/\/www.leparisien.fr\/faits-divers\/paris-la-traditionnelle-guerre-des-sapins-devant-le-pantheon-vire-au-clash-avec-la-police-25-11-2025-2TMDX4EJTFADHJFGXOX7HPR3UM.php\" target=\"_blank\" rel=\"noopener\">Parisien<\/a>.\u00a0<\/p>\n<p>Un policier frapp\u00e9 au visage<\/p>\n<p class=\" wall-content\">Tr\u00e8s vite, le chaos r\u00e8gne sur la place iconique du quartier latin. \u00ab\u00a0Tous ceux qui en avaient besoin ont \u00e9t\u00e9 pris en charge par une infirmi\u00e8re scolaire au sein de leur \u00e9tablissement. Quatre d\u2019entre eux ont \u00e9t\u00e9 orient\u00e9s aux urgences ophtalmiques par principe de pr\u00e9caution. Ils \u00e9taient en cours le lendemain\u00a0\u00bb, pr\u00e9cise le rectorat. L\u2019histoire ne s\u2019arr\u00eate pas l\u00e0. Une violente altercation a aussi \u00e9clat\u00e9 entre un \u00e9l\u00e8ve et les policiers. Ce dernier <strong>a frapp\u00e9 un des agents au visage avant de prendre la fuite<\/strong>. Rattrap\u00e9, il a \u00e9t\u00e9 plac\u00e9 en garde \u00e0 vue.\u00a0<\/p>\n<p class=\" wall-content\">Personnalisez votre actualit\u00e9 en ajoutant vos villes et m\u00e9dias en favori avec <a href=\"https:\/\/moncompte.actu.fr\" title=\"D\u00e9couvez Mon Actu\" rel=\"nofollow noopener\" data-trk=\"{&quot;cta&quot;:{&quot;action&quot;:&quot;https:\\\/\\\/moncompte.actu.fr&quot;,&quot;category&quot;:&quot;mon compte&quot;,&quot;from&quot;:&quot;article footer&quot;,&quot;name&quot;:&quot;Mon actu&quot;,&quot;type&quot;:&quot;cta&quot;}}\" target=\"_blank\">Mon Actu<\/a>.<\/p>\n","protected":false},"excerpt":{"rendered":"Par Antoine Blanchet Publi\u00e9 le 25 nov. 2025 \u00e0 17h52 L\u2019odeur de conif\u00e8re a laiss\u00e9 place \u00e0 celle&hellip;\n","protected":false},"author":2,"featured_media":559081,"comment_status":"","ping_status":"","sticky":false,"template":"","format":"standard","meta":{"footnotes":""},"categories":[1888],"tags":[11,1777,674,118,1011,27,67627,12,626,1072,25],"class_list":{"0":"post-559080","1":"post","2":"type-post","3":"status-publish","4":"format-standard","5":"has-post-thumbnail","7":"category-paris","8":"tag-actualites","9":"tag-eu","10":"tag-europe","11":"tag-faits-divers","12":"tag-fr","13":"tag-france","14":"tag-henri-iv","15":"tag-news","16":"tag-paris","17":"tag-police","18":"tag-republique-francaise"},"share_on_mastodon":{"url":"https:\/\/pubeurope.com\/@fr\/115613938692645107","error":""},"_links":{"self":[{"href":"https:\/\/www.europesays.com\/fr\/wp-json\/wp\/v2\/posts\/559080","targetHints":{"allow":["GET"]}}],"collection":[{"href":"https:\/\/www.europesays.com\/fr\/wp-json\/wp\/v2\/posts"}],"about":[{"href":"https:\/\/www.europesays.com\/fr\/wp-json\/wp\/v2\/types\/post"}],"author":[{"embeddable":true,"href":"https:\/\/www.europesays.com\/fr\/wp-json\/wp\/v2\/users\/2"}],"replies":[{"embeddable":true,"href":"https:\/\/www.europesays.com\/fr\/wp-json\/wp\/v2\/comments?post=559080"}],"version-history":[{"count":0,"href":"https:\/\/www.europesays.com\/fr\/wp-json\/wp\/v2\/posts\/559080\/revisions"}],"wp:featuredmedia":[{"embeddable":true,"href":"https:\/\/www.europesays.com\/fr\/wp-json\/wp\/v2\/media\/559081"}],"wp:attachment":[{"href":"https:\/\/www.europesays.com\/fr\/wp-json\/wp\/v2\/media?parent=559080"}],"wp:term":[{"taxonomy":"category","embeddable":true,"href":"https:\/\/www.europesays.com\/fr\/wp-json\/wp\/v2\/categories?post=559080"},{"taxonomy":"post_tag","embeddable":true,"href":"https:\/\/www.europesays.com\/fr\/wp-json\/wp\/v2\/tags?post=559080"}],"curies":[{"name":"wp","href":"https:\/\/api.w.org\/{rel}","templated":true}]}}