{"id":559091,"date":"2025-11-26T03:49:22","date_gmt":"2025-11-26T03:49:22","guid":{"rendered":"https:\/\/www.europesays.com\/fr\/559091\/"},"modified":"2025-11-26T03:49:22","modified_gmt":"2025-11-26T03:49:22","slug":"ils-ratent-leur-vol-sintroduisent-sur-le-tarmac-et-courent-apres-lavion","status":"publish","type":"post","link":"https:\/\/www.europesays.com\/fr\/559091\/","title":{"rendered":"Ils ratent leur vol, s\u2019introduisent sur le tarmac et courent apr\u00e8s l\u2019avion"},"content":{"rendered":"<p>Deux passagers ont \u00e9t\u00e9 arr\u00eat\u00e9s ce vendredi soir \u00e0 <a href=\"https:\/\/www.20minutes.fr\/dossier\/aeroport\" class=\"c-link c-link--is-underlined\" target=\"_blank\" rel=\"noopener\">l\u2019a\u00e9roport<\/a> de Bonn &#8211; Cologne (<a href=\"https:\/\/www.20minutes.fr\/dossier\/allemagne\" class=\"c-link c-link--is-underlined\" target=\"_blank\" rel=\"noopener\">Allemagne<\/a>). La police a \u00e9t\u00e9 appel\u00e9e par le personnel qui a stopp\u00e9 les deux individus alors qu\u2019ils couraient sur le tarmac, une zone strictement interdite au public. Une plainte pour violation de domicile visant les intrus a d\u2019ailleurs \u00e9t\u00e9 d\u00e9pos\u00e9e, rapporte <a href=\"https:\/\/www.20min.ch\/story\/flughafen-koeln-bonn-wizz-air-passagiere-rennen-ueber-rollfeld-zu-flugzeug-103456484\" target=\"_blank\" class=\"c-link c-link--is-underlined\" rel=\"noopener\">20 Minuten<\/a>.<\/p>\n<p>Pour acc\u00e9der \u00e0 ce secteur de l\u2019a\u00e9roport, les deux hommes avaient cass\u00e9 la vitre d\u2019un interrupteur d\u2019urgence permettant l\u2019ouverture d\u2019une porte donnant sur le tarmac. S\u2019ils \u00e9taient aussi d\u00e9sireux de se rendre sur les pistes, c\u2019est qu\u2019ils avaient rat\u00e9 l\u2019embarquement de leur vol \u00e0 destination de Bucarest (Roumanie) et avaient l\u2019intention de p\u00e9n\u00e9trer dans <a href=\"https:\/\/www.20minutes.fr\/dossier\/avion\" class=\"c-link c-link--is-underlined\" target=\"_blank\" rel=\"noopener\">l\u2019avion<\/a> par l\u2019ext\u00e9rieur.<\/p>\n<p>Les intrus arrivent jusqu\u2019\u00e0 l\u2019avion<\/p>\n<p>C\u2019est d\u2019ailleurs vers l\u2019appareil, un Airbus A321 de la compagnie a\u00e9rienne low-cost Wizz, que les ressortissants roumains couraient lorsqu\u2019ils ont \u00e9t\u00e9 stopp\u00e9s par des employ\u00e9s. Ils avaient toutefois r\u00e9ussi \u00e0 atteindre l\u2019avion. A ce moment-l\u00e0, les portes avaient d\u00e9j\u00e0 \u00e9t\u00e9 referm\u00e9es et l\u2019escalier mobile enlev\u00e9. Une vid\u00e9o de la course folle des voyageurs film\u00e9e par un t\u00e9moin de la sc\u00e8ne a \u00e9t\u00e9 mise en ligne sur les r\u00e9seaux sociaux.<\/p>\n<\/p>\n<p>Les images ont notamment \u00e9t\u00e9 publi\u00e9es sur une page Facebook sp\u00e9cialis\u00e9e dans les coulisses du transport a\u00e9rien dont le responsable n\u2019a pas h\u00e9sit\u00e9 \u00e0 fustiger les deux passagers. \u00ab\u00a0A quel point il faut \u00eatre stupide pour faire \u00e7a et r\u00e9ellement penser que \u00e7a va marcher\u00a0\u00bb, peut-on ainsi lire sur la publication, qui explique par ailleurs qu\u2019un tel comportement peut entra\u00eener une arrestation ou \u00ab\u00a0pire, l\u2019aspiration par un moteur\u00a0\u00bb.<\/p>\n","protected":false},"excerpt":{"rendered":"Deux passagers ont \u00e9t\u00e9 arr\u00eat\u00e9s ce vendredi soir \u00e0 l\u2019a\u00e9roport de Bonn &#8211; Cologne (Allemagne). La police a&hellip;\n","protected":false},"author":2,"featured_media":559092,"comment_status":"","ping_status":"","sticky":false,"template":"","format":"standard","meta":{"footnotes":""},"categories":[1587],"tags":[11,663,672,37,1804,1805,1803,58,1777,674,118,1801,12,1802,896,133],"class_list":{"0":"post-559091","1":"post","2":"type-post","3":"status-publish","4":"format-standard","5":"has-post-thumbnail","7":"category-allemagne","8":"tag-actualites","9":"tag-aeroport","10":"tag-allemagne","11":"tag-avion","12":"tag-bundesrepublik-deutschland","13":"tag-de","14":"tag-deutschland","15":"tag-divertissement","16":"tag-eu","17":"tag-europe","18":"tag-faits-divers","19":"tag-germany","20":"tag-news","21":"tag-republique-federale-dallemagne","22":"tag-tas-vu","23":"tag-video"},"share_on_mastodon":{"url":"https:\/\/pubeurope.com\/@fr\/115613962439392679","error":""},"_links":{"self":[{"href":"https:\/\/www.europesays.com\/fr\/wp-json\/wp\/v2\/posts\/559091","targetHints":{"allow":["GET"]}}],"collection":[{"href":"https:\/\/www.europesays.com\/fr\/wp-json\/wp\/v2\/posts"}],"about":[{"href":"https:\/\/www.europesays.com\/fr\/wp-json\/wp\/v2\/types\/post"}],"author":[{"embeddable":true,"href":"https:\/\/www.europesays.com\/fr\/wp-json\/wp\/v2\/users\/2"}],"replies":[{"embeddable":true,"href":"https:\/\/www.europesays.com\/fr\/wp-json\/wp\/v2\/comments?post=559091"}],"version-history":[{"count":0,"href":"https:\/\/www.europesays.com\/fr\/wp-json\/wp\/v2\/posts\/559091\/revisions"}],"wp:featuredmedia":[{"embeddable":true,"href":"https:\/\/www.europesays.com\/fr\/wp-json\/wp\/v2\/media\/559092"}],"wp:attachment":[{"href":"https:\/\/www.europesays.com\/fr\/wp-json\/wp\/v2\/media?parent=559091"}],"wp:term":[{"taxonomy":"category","embeddable":true,"href":"https:\/\/www.europesays.com\/fr\/wp-json\/wp\/v2\/categories?post=559091"},{"taxonomy":"post_tag","embeddable":true,"href":"https:\/\/www.europesays.com\/fr\/wp-json\/wp\/v2\/tags?post=559091"}],"curies":[{"name":"wp","href":"https:\/\/api.w.org\/{rel}","templated":true}]}}