{"id":559095,"date":"2025-11-26T03:52:17","date_gmt":"2025-11-26T03:52:17","guid":{"rendered":"https:\/\/www.europesays.com\/fr\/559095\/"},"modified":"2025-11-26T03:52:17","modified_gmt":"2025-11-26T03:52:17","slug":"les-deputes-europeens-plaident-pour-un-schengen-militaire-face-a-la-menace-russe","status":"publish","type":"post","link":"https:\/\/www.europesays.com\/fr\/559095\/","title":{"rendered":"Les d\u00e9put\u00e9s europ\u00e9ens plaident pour un Schengen militaire face \u00e0 la menace russe"},"content":{"rendered":"<p>\t\t<img width=\"640\" height=\"480\" src=\"data:image\/svg+xml,%3Csvg%20xmlns=\" http:=\"\" class=\"post-thumbnail__img wp-post-image\" alt=\"\" decoding=\"async\" fetchpriority=\"high\" data-lazy- data-lazy- data-lazy-src=\"https:\/\/www.europesays.com\/fr\/wp-content\/uploads\/2025\/11\/AdobeStock_104919449.jpg\"\/>\t<\/p>\n<p style=\"font-weight: 400;\"><strong>Les commissions des transports et de la d\u00e9fense du Parlement europ\u00e9en ont adopt\u00e9 ce lundi un projet de r\u00e9solution appelant \u00e0 renforcer la mobilit\u00e9 militaire au sein de l\u2019UE. Les d\u00e9put\u00e9s estiment qu\u2019il est indispensable de pouvoir d\u00e9placer rapidement troupes, \u00e9quipements et ressources \u00e0 travers les fronti\u00e8res europ\u00e9ennes pour faire face \u00e0 une \u00e9ventuelle agression russe.<\/strong><\/p>\n<p>Des progr\u00e8s r\u00e9els, mais des obstacles persistants<\/p>\n<p style=\"font-weight: 400;\">Malgr\u00e9 les avanc\u00e9es r\u00e9alis\u00e9es ces derni\u00e8res ann\u00e9es, de nombreux obstacles administratifs, financiers et infrastructurels continuent de ralentir les d\u00e9placements militaires. Ces contraintes peuvent allonger les d\u00e9lais de transfert de mat\u00e9riel \u00e0 plus d\u2019un mois, ce qui limite fortement la r\u00e9activit\u00e9 des forces europ\u00e9ennes en cas de crise.<\/p>\n<p style=\"font-weight: 400;\">Pour surmonter ces freins, les d\u00e9put\u00e9s appellent \u00e0 la cr\u00e9ation d\u2019un v\u00e9ritable \u00ab espace Schengen militaire \u00bb. Ils demandent que les \u00c9tats membres intensifient les investissements dans les infrastructures de transport, notamment le long des corridors de mobilit\u00e9 existants, et qu\u2019ils renforcent l\u2019usage des solutions num\u00e9riques afin d\u2019acc\u00e9l\u00e9rer les autorisations transfrontali\u00e8res. Ils souhaitent \u00e9galement la mise en place d\u2019un groupe de travail d\u00e9di\u00e9, appuy\u00e9 par un coordinateur europ\u00e9en charg\u00e9 de rationaliser les diff\u00e9rentes initiatives. La Commission est invit\u00e9e \u00e0 proposer une feuille de route pour structurer ce nouveau cadre, ainsi qu\u2019un guichet unique num\u00e9rique permettant de centraliser les demandes d\u2019autorisations de circulation pour les \u00e9quipements militaires.<\/p>\n<p>Un financement \u00e0 la hauteur des besoins<\/p>\n<p style=\"font-weight: 400;\">Les d\u00e9put\u00e9s saluent la proposition de porter le budget consacr\u00e9 \u00e0 la mobilit\u00e9 militaire \u00e0 plus de 17 milliards d\u2019euros dans le prochain cadre financier pluriannuel et appellent les \u00c9tats membres \u00e0 ne pas r\u00e9duire cette enveloppe, comme cela avait \u00e9t\u00e9 le cas pour la p\u00e9riode 2021-2027. Ils soulignent que la modernisation de centaines d\u2019infrastructures critiques, ainsi que la mise en service compl\u00e8te des quatre corridors militaires europ\u00e9ens, n\u00e9cessiterait un effort financier d\u2019au moins 100 milliards d\u2019euros. Ils demandent par ailleurs une simplification des proc\u00e9dures d\u2019acc\u00e8s aux financements pour les projets \u00e0 double usage, qui r\u00e9pondent \u00e0 la fois \u00e0 des besoins civils et militaires.<\/p>\n<p><img loading=\"lazy\" decoding=\"async\" class=\"size-full wp-image-3685 aligncenter\" src=\"data:image\/svg+xml,%3Csvg%20xmlns=\" http:=\"\" alt=\"\" width=\"580\" height=\"435\" data-lazy-src=\"https:\/\/www.europesays.com\/fr\/wp-content\/uploads\/2025\/11\/Militaire.jpg\"\/><\/p>\n<p>Une coop\u00e9ration \u00e9troite avec l\u2019OTAN<\/p>\n<p style=\"font-weight: 400;\">La mobilit\u00e9 militaire s\u2019inscrit au c\u0153ur de la coop\u00e9ration entre l\u2019Union europ\u00e9enne et l\u2019OTAN. Le texte adopt\u00e9 rappelle qu\u2019elle est essentielle pour garantir la circulation rapide des forces alli\u00e9es, qu\u2019il s\u2019agisse de p\u00e9riodes de paix, de crise ou de conflit. Les d\u00e9put\u00e9s encouragent la tenue d\u2019exercices conjoints r\u00e9guliers et de tests de r\u00e9sistance destin\u00e9s \u00e0 identifier et supprimer les obstacles encore existants. Ils invitent enfin l\u2019UE \u00e0 suivre l\u2019exemple de l\u2019OTAN en s\u2019assurant que les troupes de r\u00e9action rapide puissent franchir les fronti\u00e8res europ\u00e9ennes en trois jours en temps de paix et en vingt-quatre heures en situation de crise.<\/p>\n<p>\u00c7a peut (aussi) vous int\u00e9resser<br \/>\n                         <a href=\"https:\/\/www.trm24.fr\/author\/admin4011\/\" class=\"url\" title=\"Sarah Attal\" target=\"_blank\" rel=\"noopener\"> <img loading=\"lazy\" width=\"250\" height=\"250\" decoding=\"async\" src=\"data:image\/svg+xml,%3Csvg%20xmlns=\" http:=\"\" class=\"photo\" alt=\"Sarah Attal\" data-lazy-src=\"https:\/\/www.europesays.com\/fr\/wp-content\/uploads\/2025\/06\/adobestock-296301426.jpg\"\/><\/a>  <a href=\"https:\/\/www.trm24.fr\/author\/admin4011\/\" class=\"url\" title=\"Sarah Attal\" target=\"_blank\" rel=\"noopener\"><img loading=\"lazy\" width=\"250\" height=\"250\" decoding=\"async\" src=\"data:image\/svg+xml,%3Csvg%20xmlns=\" http:=\"\" class=\"photo\" alt=\"Sarah Attal\" data-lazy-src=\"https:\/\/www.europesays.com\/fr\/wp-content\/uploads\/2025\/06\/adobestock-296301426.jpg\"\/><\/a>Les derniers articles par Sarah Attal (<a href=\"https:\/\/www.trm24.fr\/author\/admin4011\/\" target=\"_blank\" rel=\"noopener\">tout voir<\/a>)  \t\t\t<\/p>\n","protected":false},"excerpt":{"rendered":"Les commissions des transports et de la d\u00e9fense du Parlement europ\u00e9en ont adopt\u00e9 ce lundi un projet de&hellip;\n","protected":false},"author":2,"featured_media":559096,"comment_status":"","ping_status":"","sticky":false,"template":"","format":"standard","meta":{"footnotes":""},"categories":[1586],"tags":[11,1777,674,1779,1011,27,12,25,1778,364],"class_list":{"0":"post-559095","1":"post","2":"type-post","3":"status-publish","4":"format-standard","5":"has-post-thumbnail","7":"category-europe","8":"tag-actualites","9":"tag-eu","10":"tag-europe","11":"tag-european-union","12":"tag-fr","13":"tag-france","14":"tag-news","15":"tag-republique-francaise","16":"tag-ue","17":"tag-union-europeenne"},"share_on_mastodon":{"url":"https:\/\/pubeurope.com\/@fr\/115613974142742156","error":""},"_links":{"self":[{"href":"https:\/\/www.europesays.com\/fr\/wp-json\/wp\/v2\/posts\/559095","targetHints":{"allow":["GET"]}}],"collection":[{"href":"https:\/\/www.europesays.com\/fr\/wp-json\/wp\/v2\/posts"}],"about":[{"href":"https:\/\/www.europesays.com\/fr\/wp-json\/wp\/v2\/types\/post"}],"author":[{"embeddable":true,"href":"https:\/\/www.europesays.com\/fr\/wp-json\/wp\/v2\/users\/2"}],"replies":[{"embeddable":true,"href":"https:\/\/www.europesays.com\/fr\/wp-json\/wp\/v2\/comments?post=559095"}],"version-history":[{"count":0,"href":"https:\/\/www.europesays.com\/fr\/wp-json\/wp\/v2\/posts\/559095\/revisions"}],"wp:featuredmedia":[{"embeddable":true,"href":"https:\/\/www.europesays.com\/fr\/wp-json\/wp\/v2\/media\/559096"}],"wp:attachment":[{"href":"https:\/\/www.europesays.com\/fr\/wp-json\/wp\/v2\/media?parent=559095"}],"wp:term":[{"taxonomy":"category","embeddable":true,"href":"https:\/\/www.europesays.com\/fr\/wp-json\/wp\/v2\/categories?post=559095"},{"taxonomy":"post_tag","embeddable":true,"href":"https:\/\/www.europesays.com\/fr\/wp-json\/wp\/v2\/tags?post=559095"}],"curies":[{"name":"wp","href":"https:\/\/api.w.org\/{rel}","templated":true}]}}