{"id":559099,"date":"2025-11-26T03:54:12","date_gmt":"2025-11-26T03:54:12","guid":{"rendered":"https:\/\/www.europesays.com\/fr\/559099\/"},"modified":"2025-11-26T03:54:12","modified_gmt":"2025-11-26T03:54:12","slug":"pourquoi-celui-de-la-glacerie-nest-pas-concerne","status":"publish","type":"post","link":"https:\/\/www.europesays.com\/fr\/559099\/","title":{"rendered":"pourquoi celui de La Glacerie n\u2019est pas concern\u00e9"},"content":{"rendered":"<p>                    Par<br \/>\n        <strong><br \/>\n            <a href=\"https:\/\/actu.fr\/auteur\/thibault-delafosse\" title=\"Consulter tous les articles de Thibaud Delafosse\" target=\"_blank\" rel=\"noopener\">Thibaud Delafosse<\/a><br \/>\n                    <\/strong><\/p>\n<p>        Publi\u00e9 le<\/p>\n<p>            25 nov. 2025 \u00e0 18h32        <\/p>\n<p>C\u2019est un v\u00e9ritable coup de tonnerre qui a \u00e9clat\u00e9 le <b>mardi 25\u00a0novembre 2025<\/b> dans l\u2019univers de la <b>grande distribution<\/b>. Auchan <a href=\"https:\/\/actu.fr\/economie\/bientot-la-fin-d-auchan-en-france-ses-300-magasins-changent-d-enseigne-voici-ce-qu-ils-deviendront_63484437.html\" target=\"_blank\" rel=\"noopener\">a en effet annonc\u00e9<\/a> qu\u2019il <b>exploiterait ses 294 supermarch\u00e9s fran\u00e7ais <\/b>en franchise sous\u00a0<b>banni\u00e8re Intermarch\u00e9 et Netto<\/b>.<\/p>\n<p class=\" wall-content\">\u00ab\u2009Soumis \u00e0 l\u2019approbation des <b>autorit\u00e9s de la concurrence<\/b> et la consultation des <b>instances repr\u00e9sentatives<\/b> du <b>personnel<\/b>, ce <b>projet <\/b>pourrait \u00eatre effectif<b> fin 2026<\/b>\u2009\u00bb, se projette le <a href=\"https:\/\/www.mousquetaires.com\/\" target=\"_blank\" rel=\"noopener\">Groupement Les Mousquetaires<\/a>, qui se fixe pour objectif d\u2019atteindre 20\u2009% de parts de march\u00e9 en <b>France <\/b>d\u2019ici <b>\u00e0<\/b> <b>2028<\/b>.<\/p>\n<p>\u00ab\u2009Une avanc\u00e9e importante\u2009\u00bb<\/p>\n<p class=\" wall-content\">Concr\u00e8tement, m\u00eame si l\u2019identit\u00e9 sera celle d\u2019Intermarch\u00e9, Auchan conservera le <b>fonds de commerce<\/b> et <b>l\u2019immobilier<\/b>. Les <b>salari\u00e9s<\/b>, aussi, resteraient salari\u00e9s d\u2019Auchan. En revanche, Intermarch\u00e9 livrera les marchandises, s\u2019occupera de la <b>politique commerciale<\/b> et approvisionnera les <b>magasins<\/b>. \u00ab\u2009Cette nouvelle \u00e9tape marquera une <b>avanc\u00e9e importante<\/b> pour notre <b>d\u00e9veloppement <\/b>et renforcera nos enseignes sur les <b>formats de proximit\u00e9<\/b>\u2009\u00bb, se r\u00e9jouit Thierry Cotillard, <b>pr\u00e9sident <\/b>de la structure, dans un communiqu\u00e9.<\/p>\n<p class=\" wall-content\">Tous ces changements ne seront pas effectifs dans l\u2019\u00e9tablissement de <b>La Glacerie<\/b> (commune d\u00e9l\u00e9gu\u00e9e de <a href=\"https:\/\/actu.fr\/normandie\/cherbourg-en-cotentin_50129\/\" target=\"_blank\" rel=\"noopener\">Cherbourg-en-Cotentin<\/a>, Manche). Et pour cause\u2009: il s\u2019agit d\u2019un hypermarch\u00e9 Auchan, un format qui n\u2019est pour l\u2019heure pas concern\u00e9 par la mutation.<\/p>\n<p>Depuis 1990<\/p>\n<p class=\" wall-content\">Comme le rappelle l\u2019<a href=\"https:\/\/www.insee.fr\/fr\/statistiques\/1281004#:~:text=Au%20sein%20de%20l&#039;alimentaire,de%20moins%20de%20120%20m%C2%B2.\" target=\"_blank\" rel=\"noopener\">Insee<\/a>, la diff\u00e9rence entre un hypermarch\u00e9 et un supermarch\u00e9 r\u00e9side <b>dans sa taille<\/b>. Le premier cit\u00e9 poss\u00e8de une surface sup\u00e9rieure \u00e0 2\u2009500\u00a0m2, le second entre 400 et 2\u2009500\u00a0m2.<\/p>\n<p class=\" wall-content\">La <b>grande surface glac\u00e9rienne<\/b>, <a href=\"https:\/\/actu.fr\/normandie\/cherbourg-en-cotentin_50129\/la-glacerie-louverture-lhypermarche-de-galerie-cetait-y-30-ans-deja_27646735.html\" target=\"_blank\" rel=\"noopener\">inaugur\u00e9e en janvier 1990<\/a> apr\u00e8s un bref passage sous la banni\u00e8re Euromarch\u00e9, est particuli\u00e8rement bien install\u00e9e dans le <b>paysage local<\/b>. Les lettres rouges ainsi que le petit oiseau rouge et vert sont incontournables pour <b>les automobilistes <\/b>arrivant de la <a href=\"https:\/\/actu.fr\/tag\/route-nationale-13-rn13\" target=\"_blank\" rel=\"noopener\">RN13<\/a>, tout comme <b>l\u2019immense parking<\/b> bien utile aux <b>clients<\/b>.<\/p>\n<p>Vid\u00e9os : en ce moment sur Actu<\/p>\n<p class=\" wall-content\">Auchan avait \u00e9t\u00e9 secou\u00e9 au d\u00e9but du <b>mois de novembre\u00a02024<\/b> par <a href=\"https:\/\/actu.fr\/economie\/auchan-le-groupe-compte-supprimer-pres-de-2400-postes-et-fermer-une-dizaine-de-supermarches_61824342.html\" target=\"_blank\" rel=\"noopener\">l\u2019annonce d\u2019un vaste plan social<\/a> mena\u00e7ant pr\u00e8s de <b>2\u2009400 emplois,<\/b> dont <a href=\"https:\/\/actu.fr\/normandie\/cherbourg-en-cotentin_50129\/plan-social-chez-auchan-que-deviennent-les-neuf-salaries-concernes-a-la-glacerie_62838688.html\" target=\"_blank\" rel=\"noopener\">neuf \u00e0 La Glacerie<\/a>. Un plan finalement invalid\u00e9 en <b>septembre <\/b>par le <b>tribunal administratif <\/b>de <a href=\"https:\/\/actu.fr\/lille\/\" target=\"_blank\" rel=\"noopener\">Lille<\/a>, avant que le distributeur ne fasse appel.<\/p>\n<p class=\" wall-content\">Outre l\u2019hypermarch\u00e9 cotentinois, plusieurs supermarch\u00e9s de <b>Normandie <\/b>vont muer dans quelques mois en Intermarch\u00e9 ou Netto. Trois sont situ\u00e9s dans le <b>Calvados<\/b>, quatre dans l\u2019<b>Eure<\/b> et autant en <b>Seine-Maritime<\/b>.<\/p>\n<p>Votre r\u00e9gion, votre actu !<\/p>\n<p>Recevez chaque jour les infos qui comptent pour vous.<\/p>\n<p>\t<a href=\"https:\/\/actu.fr\/newsletter\" class=\"ac-btn ac-btn--corner ac-btn--medium ac-btn--blue800\" target=\"_blank\" rel=\"noopener\">S&rsquo;incrire<\/a><\/p>\n<p class=\" wall-content\">Cette transformation n\u2019affectera certainement pas les habitudes des <b>consommateurs<\/b>, toujours guid\u00e9s vers \u00ab\u2009le choix, le bon\u2009\u00bb, dixit le <b>slogan <\/b>d\u2019Auchan.<\/p>\n<p class=\" wall-content\">Personnalisez votre actualit\u00e9 en ajoutant vos villes et m\u00e9dias en favori avec <a href=\"https:\/\/moncompte.actu.fr\" title=\"D\u00e9couvez Mon Actu\" rel=\"nofollow noopener\" data-trk=\"{&quot;cta&quot;:{&quot;action&quot;:&quot;https:\\\/\\\/moncompte.actu.fr&quot;,&quot;category&quot;:&quot;mon compte&quot;,&quot;from&quot;:&quot;article footer&quot;,&quot;name&quot;:&quot;Mon actu&quot;,&quot;type&quot;:&quot;cta&quot;}}\" target=\"_blank\">Mon Actu<\/a>.<\/p>\n","protected":false},"excerpt":{"rendered":"Par Thibaud Delafosse Publi\u00e9 le 25 nov. 2025 \u00e0 18h32 C\u2019est un v\u00e9ritable coup de tonnerre qui a&hellip;\n","protected":false},"author":2,"featured_media":559100,"comment_status":"","ping_status":"","sticky":false,"template":"","format":"standard","meta":{"footnotes":""},"categories":[2],"tags":[11,14474,3168,33,1011,27,37360,12,25],"class_list":{"0":"post-559099","1":"post","2":"type-post","3":"status-publish","4":"format-standard","5":"has-post-thumbnail","7":"category-actualites","8":"tag-actualites","9":"tag-auchan","10":"tag-cotentin","11":"tag-economie","12":"tag-fr","13":"tag-france","14":"tag-la-glacerie","15":"tag-news","16":"tag-republique-francaise"},"share_on_mastodon":{"url":"https:\/\/pubeurope.com\/@fr\/115613981979564841","error":""},"_links":{"self":[{"href":"https:\/\/www.europesays.com\/fr\/wp-json\/wp\/v2\/posts\/559099","targetHints":{"allow":["GET"]}}],"collection":[{"href":"https:\/\/www.europesays.com\/fr\/wp-json\/wp\/v2\/posts"}],"about":[{"href":"https:\/\/www.europesays.com\/fr\/wp-json\/wp\/v2\/types\/post"}],"author":[{"embeddable":true,"href":"https:\/\/www.europesays.com\/fr\/wp-json\/wp\/v2\/users\/2"}],"replies":[{"embeddable":true,"href":"https:\/\/www.europesays.com\/fr\/wp-json\/wp\/v2\/comments?post=559099"}],"version-history":[{"count":0,"href":"https:\/\/www.europesays.com\/fr\/wp-json\/wp\/v2\/posts\/559099\/revisions"}],"wp:featuredmedia":[{"embeddable":true,"href":"https:\/\/www.europesays.com\/fr\/wp-json\/wp\/v2\/media\/559100"}],"wp:attachment":[{"href":"https:\/\/www.europesays.com\/fr\/wp-json\/wp\/v2\/media?parent=559099"}],"wp:term":[{"taxonomy":"category","embeddable":true,"href":"https:\/\/www.europesays.com\/fr\/wp-json\/wp\/v2\/categories?post=559099"},{"taxonomy":"post_tag","embeddable":true,"href":"https:\/\/www.europesays.com\/fr\/wp-json\/wp\/v2\/tags?post=559099"}],"curies":[{"name":"wp","href":"https:\/\/api.w.org\/{rel}","templated":true}]}}