{"id":559103,"date":"2025-11-26T03:58:27","date_gmt":"2025-11-26T03:58:27","guid":{"rendered":"https:\/\/www.europesays.com\/fr\/559103\/"},"modified":"2025-11-26T03:58:27","modified_gmt":"2025-11-26T03:58:27","slug":"xv-de-france-que-sest-il-vraiment-passe-sur-la-blessure-dollivon-et-a-t-il-ete-mis-en-danger","status":"publish","type":"post","link":"https:\/\/www.europesays.com\/fr\/559103\/","title":{"rendered":"XV de France. Que s&rsquo;est-il vraiment pass\u00e9 sur la blessure d&rsquo;Ollivon et a-t-il \u00e9t\u00e9 mis en danger\u00a0?"},"content":{"rendered":"<p>                    Par<br \/>\n        <strong><br \/>\n            <a href=\"https:\/\/actu.fr\/auteur\/emilie-dudonfournier\" title=\"Consulter tous les articles de Emilie Dudon-Fournier\" target=\"_blank\" rel=\"noopener\">Emilie Dudon-Fournier<\/a><br \/>\n                    <\/strong><\/p>\n<p>        Publi\u00e9 le<\/p>\n<p>            25 nov. 2025 \u00e0 12h42        <\/p>\n<p>L\u2019image a fait le tour des r\u00e9seaux depuis 3 jours :<strong> <a href=\"https:\/\/actu.fr\/tag\/charles-ollivon\" target=\"_blank\" rel=\"noopener\">Charles Ollivon<\/a> est en tribunes, l\u2019oeil gauche tum\u00e9fi\u00e9.<\/strong> Et les commentaires vont bon train concernant le fait que le 3e ligne du <a href=\"https:\/\/actu.fr\/rugby\/xv-de-france\" target=\"_blank\" rel=\"noopener\">XV de France<\/a> n\u2019ait pas \u00e9t\u00e9 sorti d\u00e8s sa premi\u00e8re blessure. Y a-t-il vraiment eu manquement, et de la part de qui ? Que s\u2019est-il pass\u00e9 avec le TMO et les m\u00e9decins du match ? Les infos d\u2019<a href=\"https:\/\/actu.fr\/rugby\/\" target=\"_blank\" rel=\"noopener\">Actu Rugby<\/a>.<\/p>\n<p class=\" wall-content\">Concr\u00e8tement, voil\u00e0 les faits : \u00e0 la 6e minute de jeu, le Toulonnais subit un choc avec le num\u00e9ro 8 australien Harry Wilson. Le jeu se poursuit tandis qu\u2019<strong>il met pr\u00e8s de 10 secondes \u00e0 se relever, mettant genou \u00e0 terre apr\u00e8s une premi\u00e8re tentative.<\/strong> Il reprend ensuite sa place, s\u2019impliquant dans un maul. Imm\u00e9diatement, au moment de l\u2019action, l\u2019arbitre, Luke Pearce, indique \u00ab\u00a0all chest\u00a0\u00bb, ce qui signifie qu\u2019il s\u2019agit seulement un contact \u00e0 la \u00ab\u00a0poitrine\u00a0\u00bb selon lui. Charles Ollivon va le voir et lui demande des explications. L\u2019Anglais lui r\u00e9pond qu\u2019il \u00e9change avec son TMO, le Sud-Africain Marius van der Westhuizen, sur le sujet.<\/p>\n<p>    <img decoding=\"async\" loading=\"lazy\" src=\"https:\/\/www.europesays.com\/fr\/wp-content\/uploads\/2025\/11\/1764129506_841_ollivonchirurgieduvisage.gif\" alt=\"On sent qu'on va s'en prendre plein la gueule.\" width=\"520\" height=\"292\"\/><br \/>\n    Le contact entre Wilson et Ollivon. (\u00a9TF1)<\/p>\n<p class=\" wall-content\"><strong>Les images bien visionn\u00e9es par le TMO et le pourquoi de sa d\u00e9cision<\/strong><\/p>\n<p class=\" wall-content\">Ce qui est fait. Le TMO a bien visionn\u00e9 la s\u00e9quence sous plusieurs angles et estim\u00e9 qu\u2019il n\u2019y avait \u00ab\u00a0pas de contact clair \u00e0 la t\u00eate\u00a0\u00bb. Si on voit la t\u00eate touch\u00e9e sur le images, il a selon nos informations<strong>\u00a0consid\u00e9r\u00e9 que le choc avait d\u2019abord eu lieu \u00e0 la poitrine puis \u00e9tait remont\u00e9.<\/strong> Apr\u00e8s avoir donn\u00e9 une p\u00e9nalit\u00e9 aux Australiens qui tapent en touche, M. Pearce confirme au Fran\u00e7ais que c\u2019est un contact \u00e0 poitrine qui est retenu. Il n\u2019y a donc aucune raison, sur le plan arbitral, de sanctionner le 3e ligne australien et d\u2019engager un protocole commotion, le prot\u00e8ge-dents du joueur n\u2019ayant pas bip\u00e9 manifestement. Pour rappel, <strong>un arbitre \u00e9value la r\u00e8gle et pas la blessure<\/strong>.<\/p>\n<p class=\" wall-content\">A ce moment-l\u00e0, Oscar J\u00e9gou commence \u00e0 s\u2019\u00e9chauffer. Mais Charles Ollivon garde sa place et continue de jouer pendant 9 minutes. On voit qu\u2019il est <strong>hagard<\/strong>, sur un saut en touche notamment. Il sort finalement \u00e0 la 15e minute, apr\u00e8s avoir pris un nouveau choc, accidentel : sur un d\u00e9blayage australien, il se cogne avec Maxime Lucu. <strong>C\u2019est ce 2e choc qui lui occasionne l\u2019impressionnant cocard qu\u2019il affichera apr\u00e8s.\u00a0<\/strong> Le Toulonnais passe ensuite le protocole commotion, qu\u2019il ne r\u00e9ussit pas.<\/p>\n<p>    <img   decoding=\"async\" loading=\"lazy\" src=\"https:\/\/www.europesays.com\/fr\/wp-content\/uploads\/2025\/11\/ollivon-cocard-xv-de-france-960x640.jpg\" alt=\"Un sacr\u00e9 cocard pour Charles Ollivon \u00e0 l'\u0153il gauche.\" width=\"960\" height=\"640\"\/><br \/>\n    Charles Ollivon est apparu en tribunes l\u2019\u0153il gauche tum\u00e9fi\u00e9. (\u00a9TF1)<\/p>\n<p class=\" wall-content\"><strong>La responsabilit\u00e9 de qui ?<\/strong><\/p>\n<p class=\" wall-content\">Pour rappel, une commotion c\u00e9r\u00e9brale est \u00ab\u00a0une blessure invisible caus\u00e9e par un coup direct \u00e0 la t\u00eate ou par un impact sur toute autre partie du corps qui transmet une force impulsive \u00e0 la t\u00eate\u00a0\u00bb. Charles Ollivon aurait-il d\u00fb \u00eatre sorti d\u00e8s son premier choc ? Il semble clairement que oui. Qui, alors, aurait pu (d\u00fb) prendre cette d\u00e9cision ? <strong>Le staff tricolore<\/strong>, qui avait identifi\u00e9 le probl\u00e8me en faisant s\u2019\u00e9chauffer J\u00e9gou.<strong> L\u2019arbitre<\/strong> qui, malgr\u00e9 la d\u00e9cision du TMO, peut d\u00e9clencher le protocole HIA s\u2019il constate des signes de commotion (d\u00e9sorientation, trouble de l\u2019\u00e9quilibre, perte de connaissance, mouvement incontr\u00f4l\u00e9 ou apr\u00e8s un fort impact). Contact\u00e9, le patron des arbitres mondiaux Jo\u00ebl Jutge n\u2019a pas souhait\u00e9 r\u00e9pondre \u00e0 nos questions.<\/p>\n<p>Votre r\u00e9gion, votre actu !<\/p>\n<p>Recevez chaque jour les infos qui comptent pour vous.<\/p>\n<p>\t<a href=\"https:\/\/actu.fr\/newsletter\" class=\"ac-btn ac-btn--corner ac-btn--medium ac-btn--blue800\" target=\"_blank\" rel=\"noopener\">S&rsquo;incrire<\/a><\/p>\n<p class=\" wall-content\">Mais aussi et surtout <strong>les m\u00e9decins pr\u00e9sents,<\/strong> bien s\u00fbr. 6 m\u00e9decins sont d\u00e9ploy\u00e9s sur les matchs internationaux : 2 docteurs ind\u00e9pendants nomm\u00e9s par la FFR, 2 urgentistes et les staffs m\u00e9dicaux de chaque \u00e9quipe. Nous avons tent\u00e9 de joindre la F\u00e9d\u00e9ration pour contacter le m\u00e9decin ind\u00e9pendant qui officiait, sans succ\u00e8s.<\/p>\n<p class=\" wall-content\"><strong>Ses co\u00e9quipiers<\/strong> auraient \u00e9galement pu signaler qu\u2019il y avait un probl\u00e8me, ayant vu ce qu\u2019il se passait ainsi qu\u2019en t\u00e9moignait Maxime Lucu sur TF1 \u00e0 la fin de la rencontre : \u00ab C\u2019est toujours \u00e0 l\u2019appr\u00e9ciation de la r\u00e8gle et du contact. Charles Ollivon ne se sentait pas bien d\u00e8s qu\u2019il a re\u00e7u le choc. Il en a fait part \u00e0 l\u2019arbitre. <strong>Il \u00e9tait KO pendant 5 minutes<\/strong>. Quand on voit qu\u2019il sort bless\u00e9 et qu\u2019il est KO, il y a des doutes derri\u00e8re \u00bb.<\/p>\n<p><strong>Les commotions c\u00e9r\u00e9brales, un sujet pris tr\u00e8s s\u00e9rieux par les instances du rugby<\/strong><\/p>\n<p class=\" wall-content\">S\u2019il s\u2019av\u00e8re que le premier choc est bien une commotion c\u00e9r\u00e9brale, ainsi que tendent \u00e0 le montrer les images, les t\u00e9moignages et le comportement du joueur de 32 ans durant les minutes suivantes, il<strong> s\u2019est trouv\u00e9 en r\u00e9el danger en \u00e9tant rest\u00e9 sur le terrain<\/strong>. Car, si le Toulonnais a communiqu\u00e9 depuis sur les r\u00e9seaux sociaux en rassurant tout le monde, subir un 2e choc alors qu\u2019on est d\u00e9j\u00e0 commotionn\u00e9 peut avoir des cons\u00e9quences tr\u00e8s graves. Selon le r\u00e8glement, il a d\u00fb voir un\u00a0neurologue deux heures apr\u00e8s le match puis sous 48 heures, pour suivre les \u00e9ventuelles avanc\u00e9es de la l\u00e9sion.\u00a0<\/p>\n<p class=\" wall-content\"><a href=\"https:\/\/www.instagram.com\/p\/DRaV5RdDboe\/embed\" title=\"Ouvrir le lien sur Instagram\" target=\"_blank\" rel=\"noopener\">Visualiser le contenu sur Instagram<\/a><\/p>\n<p class=\" wall-content\">Les commotions sont en tout cas <strong>un sujet pris tr\u00e8s au s\u00e9rieux<\/strong> depuis des ann\u00e9es par les instances dirigeantes du rugby, au niveau national via les F\u00e9d\u00e9rations, et international via World Rugby. Des protocoles commotion ont \u00e9t\u00e9 mis en place, le ph\u00e9nom\u00e8ne est scrut\u00e9 \u00e0 la vid\u00e9o (beaucoup de cartons rouges ont \u00e9t\u00e9 distribu\u00e9s pendant ces tests pour contact \u00e0 la t\u00eate, \u00e0 l\u2019image de <a href=\"https:\/\/actu.fr\/sports\/rugby\/xv-de-france\/france-afrique-du-sud-sale-geste-sur-thomas-ramos-carton-rouge-direct-pour-lood-de-jager_63414400.html\" target=\"_blank\" rel=\"noopener\">celui de De Jager sur Ramos<\/a>), un prot\u00e8ge-dents connect\u00e9 est d\u00e9sormais fourni aux joueurs pour s\u2019allumer et obliger \u00e0 la sortie du joueur en cas de choc.<\/p>\n<p class=\" wall-content\">En France, <strong>une enveloppe d\u20191 million d\u2019euros est d\u00e9bloqu\u00e9e chaque saison<\/strong> pour soutenir ces d\u00e9marches. \u00a0\u00ab\u00a0Dans le rugby professionnel, on a pratiquement une commotion tous les deux matchs\u00a0\u00bb, expliquait Olivier Capel, pr\u00e9sident du comit\u00e9 m\u00e9dical de la F\u00e9d\u00e9ration fran\u00e7aise de rugby, sur <a href=\"https:\/\/rmcsport.bfmtv.com\/sports-de-combat\/mma\/le-rugby-plus-dangereux-que-le-mma-pour-le-cerveau-comment-les-deux-disciplines-font-face-au-fleau-des-commotions-cerebrales_AN-202511140030.html\" target=\"_blank\" rel=\"noopener\">RMC<\/a>\u00a0 il y a quelques semaines.<\/p>\n<p class=\" wall-content\">Il y pr\u00e9cisait : \u00ab\u00a0Nous, <strong>on plaide pour diminuer la ligne de plaquage,<\/strong> un jeu beaucoup plus en s\u00e9curit\u00e9, peut-\u00eatre avec plus d\u2019\u00e9vitements aussi, et qui sera tout aussi joli \u00e0 regarder. On a certaines divisions en France qui plaquent plus bas que les \u00e9paules, et on s\u2019est aper\u00e7u qu\u2019il y avait pratiquement une baisse de 50% des l\u00e9sions \u00e0 la t\u00eate et au cou quand on plaque plus bas.\u00a0\u00bb La mesure est en cours d\u2019\u00e9tude par World Rugby et l\u2019abaissement de la ligne de plaquage pourrait \u00eatre appliqu\u00e9 pour les prochains championnats du monde U20, selon RMC.<\/p>\n<p>Des chiffres qui \u00e9voluent<\/p>\n<p class=\" wall-content\">Interrog\u00e9 sur les commotions lors d\u2019un entretien accord\u00e9 \u00e0 <a href=\"https:\/\/actu.fr\/rugby\/\" target=\"_blank\" rel=\"noopener\">Actu Rugby <\/a>en octobre dernier, le pr\u00e9sident de la commission m\u00e9dicale de la LNR, assurait qu\u2019une forte prise de conscience a eu lieu. \u00ab\u00a0Quand on a commenc\u00e9 \u00e0 parler de commotions c\u00e9r\u00e9brales, les gens nous regardaient bizarrement. <strong>Avant, c\u2019\u00e9tait un coup d\u2019\u00e9ponge sur la t\u00eate, on repart. \u00c7a, \u00e7a a compl\u00e8tement \u00e9volu\u00e9 et ce n\u2019est plus du tout le cas.<\/strong> Aujourd\u2019hui, sur le terrain, si un joueur voit que son copain ne va pas bien, il va voir le coach, le m\u00e9decin, et dit qu\u2019il faut le sortir. C\u2019est quelque chose qu\u2019on voit \u00e0 chaque journ\u00e9e. C\u2019est une prise de conscience globale, l\u2019arbitre peut le voir aussi\u00a0\u00bb.<\/p>\n<p class=\" wall-content\">Pour le Dr Dusfour, joueurs et entra\u00eeneurs \u00ab\u00a0ont compris : <strong>ils savent que leur corps est leur outil de travail, alors il font attention.<\/strong> Par exemple, lors du Grand Chelem dans le Tournoi des 5 Nations 1977, ce sont les m\u00eames 15 joueurs qui ont fait tous les matchs, et qui \u00e9taient dans des \u00e9tats extr\u00eamement difficiles. Jacques Fouroux avait fini dans un \u00e9tat catastrophique. Ce serait un truc inimaginable aujourd\u2019hui\u00a0\u00bb.<\/p>\n<p class=\" wall-content\">Alors que pr\u00e8s d\u2019<strong>1 sportif sur 2<\/strong> qui est commotionn\u00e9 dans n\u2019importe quel sport continue de pratiquer alors qu\u2019il devrait sortir, ce chiffre a \u00e9t\u00e9 abaiss\u00e9 \u00e0 15% dans le rugby professionnel gr\u00e2ce au protocole commotion. Charles Ollivon faisait donc partie de cette minorit\u00e9, au vu et su de tout le monde.<\/p>\n<p class=\" wall-content\">Personnalisez votre actualit\u00e9 en ajoutant vos villes et m\u00e9dias en favori avec <a href=\"https:\/\/moncompte.actu.fr\" title=\"D\u00e9couvez Mon Actu\" rel=\"nofollow noopener\" data-trk=\"{&quot;cta&quot;:{&quot;action&quot;:&quot;https:\\\/\\\/moncompte.actu.fr&quot;,&quot;category&quot;:&quot;mon compte&quot;,&quot;from&quot;:&quot;article footer&quot;,&quot;name&quot;:&quot;Mon actu&quot;,&quot;type&quot;:&quot;cta&quot;}}\" target=\"_blank\">Mon Actu<\/a>.<\/p>\n<p>                    <script async src=\"\/\/www.instagram.com\/embed.js\"><\/script><\/p>\n","protected":false},"excerpt":{"rendered":"Par Emilie Dudon-Fournier Publi\u00e9 le 25 nov. 2025 \u00e0 12h42 L\u2019image a fait le tour des r\u00e9seaux depuis&hellip;\n","protected":false},"author":2,"featured_media":559104,"comment_status":"","ping_status":"","sticky":false,"template":"","format":"standard","meta":{"footnotes":""},"categories":[1416],"tags":[1011,27,479,1468,71,60,513],"class_list":{"0":"post-559103","1":"post","2":"type-post","3":"status-publish","4":"format-standard","5":"has-post-thumbnail","7":"category-rugby","8":"tag-fr","9":"tag-france","10":"tag-rugby","11":"tag-rugby-football","12":"tag-sante","13":"tag-sports","14":"tag-xv-de-france"},"share_on_mastodon":{"url":"https:\/\/pubeurope.com\/@fr\/115613998601482632","error":""},"_links":{"self":[{"href":"https:\/\/www.europesays.com\/fr\/wp-json\/wp\/v2\/posts\/559103","targetHints":{"allow":["GET"]}}],"collection":[{"href":"https:\/\/www.europesays.com\/fr\/wp-json\/wp\/v2\/posts"}],"about":[{"href":"https:\/\/www.europesays.com\/fr\/wp-json\/wp\/v2\/types\/post"}],"author":[{"embeddable":true,"href":"https:\/\/www.europesays.com\/fr\/wp-json\/wp\/v2\/users\/2"}],"replies":[{"embeddable":true,"href":"https:\/\/www.europesays.com\/fr\/wp-json\/wp\/v2\/comments?post=559103"}],"version-history":[{"count":0,"href":"https:\/\/www.europesays.com\/fr\/wp-json\/wp\/v2\/posts\/559103\/revisions"}],"wp:featuredmedia":[{"embeddable":true,"href":"https:\/\/www.europesays.com\/fr\/wp-json\/wp\/v2\/media\/559104"}],"wp:attachment":[{"href":"https:\/\/www.europesays.com\/fr\/wp-json\/wp\/v2\/media?parent=559103"}],"wp:term":[{"taxonomy":"category","embeddable":true,"href":"https:\/\/www.europesays.com\/fr\/wp-json\/wp\/v2\/categories?post=559103"},{"taxonomy":"post_tag","embeddable":true,"href":"https:\/\/www.europesays.com\/fr\/wp-json\/wp\/v2\/tags?post=559103"}],"curies":[{"name":"wp","href":"https:\/\/api.w.org\/{rel}","templated":true}]}}