{"id":559105,"date":"2025-11-26T03:59:20","date_gmt":"2025-11-26T03:59:20","guid":{"rendered":"https:\/\/www.europesays.com\/fr\/559105\/"},"modified":"2025-11-26T03:59:20","modified_gmt":"2025-11-26T03:59:20","slug":"atp-nadal-sans-rien-enlever-au-merite-de-sinner-et-alcaraz-qui-veulent-bien-faire-les-choses-je-pense-que-federer-djokovic-et-moi-avons-contribue-a-faire-croire-aux-nouvelles-generations-quil","status":"publish","type":"post","link":"https:\/\/www.europesays.com\/fr\/559105\/","title":{"rendered":"ATP > Nadal : \u00ab\u00a0Sans rien enlever au m\u00e9rite de Sinner et Alcaraz, qui veulent bien faire les choses, je pense que Federer, Djokovic et moi avons contribu\u00e9 \u00e0 faire croire aux nouvelles g\u00e9n\u00e9rations qu&rsquo;il est possible d&rsquo;\u00eatre un concurrent f\u00e9roce sans pour autant d\u00e9tester son adversaire\u00a0\u00bb"},"content":{"rendered":"<p>Lors de son passage dans l\u2019\u00e9mission \u00ab\u202fUniverso Valdano\u202f\u00bb sur la cha\u00eene espa\u00adgnole\u00a0Movistar+, dont les propos sont relay\u00e9s par <a href=\"https:\/\/www.puntodebreak.com\/2025\/11\/24\/nadal-lleve-carrera-limite-intente-apurar-opciones-no-habia\" data-wpel-link=\"external\" target=\"_blank\" rel=\"nofollow external noopener\">Punto de Break<\/a>, Rafael Nadal a notam\u00adment <a href=\"https:\/\/www.welovetennis.fr\/atp\/rafael-nadal-met-les-choses-au-clair-il-y-a-des-gens-qui-pensent-que-jaurais-du-arreter-ma-carriere-plus-tot-que-la-fin-navait-pas-de-sens-pour-moi-cela-avait-un-sens-et-je-nai-aucun-mauv\" data-wpel-link=\"internal\" target=\"_blank\" rel=\"noopener\">mis les choses au clair sur sa fin de carri\u00e8re<\/a> et \u00e9gale\u00adment discut\u00e9 de sa rela\u00adtion avec Roger Federer et Novak Djokovic.\u00a0<\/p>\n<p><strong>\u00ab\u202fOn passe par des phases. Quand on est plus jeune, on vit tout de mani\u00e8re plus intense. Avec les ann\u00e9es, les choses s\u2019apaisent. Nous pouvons aller d\u00eener ensemble sans aucun probl\u00e8me. C\u2019est quelque chose dont on peut \u00eatre fier. Nous avons concouru pour les choses les plus impor\u00adtantes, mais la riva\u00adlit\u00e9 est rest\u00e9e sur le terrain et les rela\u00adtions person\u00adnelles ont toujours \u00e9t\u00e9 marqu\u00e9es par le respect, l\u2019ad\u00admi\u00adra\u00adtion et m\u00eame une certaine amiti\u00e9 envers nos rivaux. Sans rien enlever au m\u00e9rite de Sinner et Alcaraz, qui veulent bien faire les choses, je pense que nous (le Big 3) avons contribu\u00e9 \u00e0 faire croire aux nouvelles g\u00e9n\u00e9\u00adra\u00adtions qu\u2019il est possible d\u2019\u00eatre un concur\u00adrent f\u00e9roce sans pour autant d\u00e9tester son adver\u00adsaire. On peut avoir une rela\u00adtion qui n\u2019est pas amicale, mais opti\u00admale. C\u2019est un bel h\u00e9ri\u00adtage que nous laissons.\u202f\u00bb<\/strong><\/p>\n<p class=\"post-published-date\" style=\"color: silver; font-size: 75%; text-align: left;\">Publi\u00e9 le mardi 25 novembre 2025 \u00e0 12:47<\/p>\n","protected":false},"excerpt":{"rendered":"Lors de son passage dans l\u2019\u00e9mission \u00ab\u202fUniverso Valdano\u202f\u00bb sur la cha\u00eene espa\u00adgnole\u00a0Movistar+, dont les propos sont relay\u00e9s par&hellip;\n","protected":false},"author":2,"featured_media":173220,"comment_status":"","ping_status":"","sticky":false,"template":"","format":"standard","meta":{"footnotes":""},"categories":[1415],"tags":[1744,105,2199,1011,27,1960,2127,60,1467],"class_list":{"0":"post-559105","1":"post","2":"type-post","3":"status-publish","4":"format-standard","5":"has-post-thumbnail","7":"category-tennis","8":"tag-alcaraz","9":"tag-djokovic","10":"tag-federer","11":"tag-fr","12":"tag-france","13":"tag-nadal","14":"tag-sinner","15":"tag-sports","16":"tag-tennis"},"share_on_mastodon":{"url":"https:\/\/pubeurope.com\/@fr\/115614001597337981","error":""},"_links":{"self":[{"href":"https:\/\/www.europesays.com\/fr\/wp-json\/wp\/v2\/posts\/559105","targetHints":{"allow":["GET"]}}],"collection":[{"href":"https:\/\/www.europesays.com\/fr\/wp-json\/wp\/v2\/posts"}],"about":[{"href":"https:\/\/www.europesays.com\/fr\/wp-json\/wp\/v2\/types\/post"}],"author":[{"embeddable":true,"href":"https:\/\/www.europesays.com\/fr\/wp-json\/wp\/v2\/users\/2"}],"replies":[{"embeddable":true,"href":"https:\/\/www.europesays.com\/fr\/wp-json\/wp\/v2\/comments?post=559105"}],"version-history":[{"count":0,"href":"https:\/\/www.europesays.com\/fr\/wp-json\/wp\/v2\/posts\/559105\/revisions"}],"wp:featuredmedia":[{"embeddable":true,"href":"https:\/\/www.europesays.com\/fr\/wp-json\/wp\/v2\/media\/173220"}],"wp:attachment":[{"href":"https:\/\/www.europesays.com\/fr\/wp-json\/wp\/v2\/media?parent=559105"}],"wp:term":[{"taxonomy":"category","embeddable":true,"href":"https:\/\/www.europesays.com\/fr\/wp-json\/wp\/v2\/categories?post=559105"},{"taxonomy":"post_tag","embeddable":true,"href":"https:\/\/www.europesays.com\/fr\/wp-json\/wp\/v2\/tags?post=559105"}],"curies":[{"name":"wp","href":"https:\/\/api.w.org\/{rel}","templated":true}]}}