{"id":559106,"date":"2025-11-26T04:03:13","date_gmt":"2025-11-26T04:03:13","guid":{"rendered":"https:\/\/www.europesays.com\/fr\/559106\/"},"modified":"2025-11-26T04:03:13","modified_gmt":"2025-11-26T04:03:13","slug":"a-24-ans-ce-coureur-raccroche-apres-avoir-perdu-lamour-du-sport-sports","status":"publish","type":"post","link":"https:\/\/www.europesays.com\/fr\/559106\/","title":{"rendered":"A 24 ans, ce coureur raccroche apr\u00e8s avoir \u00ab perdu l&rsquo;amour du sport \u00bb : Sports"},"content":{"rendered":"<p class=\"date\">\n                                                            Thomas Siniecki, Media365 : publi\u00e9 le mardi 25 novembre 2025 \u00e0 17h29\n                                                    <\/p>\n<p>Lars Boven n&rsquo;a pas envie de perdre de temps. Sa d\u00e9cision est prise et semble irr\u00e9vocable, c&rsquo;est termin\u00e9.<\/p>\n<p>On voit de plus en plus souvent, malheureusement, les coureurs exprimer leur mal-\u00eatre en fin de carri\u00e8re, <a href=\"https:\/\/sports.orange.fr\/cyclisme\/article\/ce-coureur-francais-qui-arrete-car-il-ne-voulait-plus-souffrir-comme-ca-exclu-CNT000002l5PUg.html\" target=\"_blank\" rel=\"noopener\">au bout du rouleau \u00e0 tel point qu&rsquo;ils finissent par franchir le pas et arr\u00eater leur vie de cycliste professionnel<\/a>. Lars Boven, lui, n&rsquo;a pas attendu. D\u00e8s ses 24 ans, apr\u00e8s seulement deux ann\u00e9es chez Alpecin &#8211; Deceuninck (dont une seule en pro), il quitte le peloton : \u00ab\u00a0Ces deux saisons ont \u00e9t\u00e9 pleines de moments difficiles et j&rsquo;ai perdu l&rsquo;amour du sport, qui est n\u00e9cessaire pour concourir \u00e0 un haut niveau.\u00a0\u00bb Auparavant, la formation du rouleur n\u00e9erlandais s&rsquo;\u00e9tait d\u00e9roul\u00e9e chez Jumbo &#8211; Visma (de 2020 \u00e0 2023) o\u00f9 son p\u00e8re Jan, ancien coureur estampill\u00e9 Rabobank, est un des directeurs sportifs historiques.<\/p>\n<p>Boven : \u00ab\u00a0\u00c7a me fait un peu peur, mais c&rsquo;est aussi tr\u00e8s stimulant\u00a0\u00bb<\/p>\n<p>Lars Boven ne fait pas mention de l&rsquo;incertitude grandissante chez Alpecin &#8211; Deceuninck, mais il arrivait en fin de contrat et n&rsquo;\u00e9tait pas sp\u00e9cialement favori pour \u00eatre reconduit, ce qui a \u00e9videmment d\u00fb finir de le d\u00e9cider. Si la saison 2025, marqu\u00e9e notamment par <a href=\"https:\/\/sports.orange.fr\/cyclisme\/article\/criterium-du-dauphine-e8-martinez-s-impose-pogacar-vainqueur-au-general-CNT000002jb5Q0.html\" target=\"_blank\" rel=\"noopener\">une participation au Crit\u00e9rium du Dauphin\u00e9<\/a>, a \u00e9t\u00e9 effectivement difficile pour lui, l&rsquo;ann\u00e9e 2024 avait \u00e9t\u00e9 plus prometteuse avec une troisi\u00e8me place d&rsquo;\u00e9tape sur le Tour Down Under en janvier (en Australie).<\/p>\n<p>\u00ab\u00a0L&rsquo;id\u00e9e me trottait dans la t\u00eate depuis un certain temps, mais le coup tr\u00e8s dur, \u00e7a a \u00e9t\u00e9 de r\u00e9aliser que je ne prenais plus de plaisir \u00e0 faire du v\u00e9lo.\u00a0\u00bb Pour l&rsquo;avenir, le troisi\u00e8me de Paris-Roubaix juniors en 2019 (\u00e9galement champion des Pays-Bas du contre-la-montre dans cette cat\u00e9gorie, la m\u00eame ann\u00e9e, ainsi que vice-champion d&rsquo;Europe) n&rsquo;a encore aucune id\u00e9e : \u00ab\u00a0J&rsquo;aime toujours le cyclisme, donc je ferai peut-\u00eatre quelques courses de gravel. Pour le reste, je n&rsquo;ai pas encore d&rsquo;autres id\u00e9es. Ce qui me fait un peu peur, mais c&rsquo;est aussi tr\u00e8s stimulant.\u00a0\u00bb Pas certain que papa parvienne \u00e0 le convaincre d&rsquo;int\u00e9grer l&rsquo;encadrement des coureurs, mais au besoin, \u00e7a pourra toujours faire une porte de sortie.<\/p>\n","protected":false},"excerpt":{"rendered":"Thomas Siniecki, Media365 : publi\u00e9 le mardi 25 novembre 2025 \u00e0 17h29 Lars Boven n&rsquo;a pas envie de&hellip;\n","protected":false},"author":2,"featured_media":559107,"comment_status":"","ping_status":"","sticky":false,"template":"","format":"standard","meta":{"footnotes":""},"categories":[1411],"tags":[1154,207,1011,27,60],"class_list":{"0":"post-559106","1":"post","2":"type-post","3":"status-publish","4":"format-standard","5":"has-post-thumbnail","7":"category-cyclisme","8":"tag-cycling","9":"tag-cyclisme","10":"tag-fr","11":"tag-france","12":"tag-sports"},"share_on_mastodon":{"url":"https:\/\/pubeurope.com\/@fr\/115614017382569136","error":""},"_links":{"self":[{"href":"https:\/\/www.europesays.com\/fr\/wp-json\/wp\/v2\/posts\/559106","targetHints":{"allow":["GET"]}}],"collection":[{"href":"https:\/\/www.europesays.com\/fr\/wp-json\/wp\/v2\/posts"}],"about":[{"href":"https:\/\/www.europesays.com\/fr\/wp-json\/wp\/v2\/types\/post"}],"author":[{"embeddable":true,"href":"https:\/\/www.europesays.com\/fr\/wp-json\/wp\/v2\/users\/2"}],"replies":[{"embeddable":true,"href":"https:\/\/www.europesays.com\/fr\/wp-json\/wp\/v2\/comments?post=559106"}],"version-history":[{"count":0,"href":"https:\/\/www.europesays.com\/fr\/wp-json\/wp\/v2\/posts\/559106\/revisions"}],"wp:featuredmedia":[{"embeddable":true,"href":"https:\/\/www.europesays.com\/fr\/wp-json\/wp\/v2\/media\/559107"}],"wp:attachment":[{"href":"https:\/\/www.europesays.com\/fr\/wp-json\/wp\/v2\/media?parent=559106"}],"wp:term":[{"taxonomy":"category","embeddable":true,"href":"https:\/\/www.europesays.com\/fr\/wp-json\/wp\/v2\/categories?post=559106"},{"taxonomy":"post_tag","embeddable":true,"href":"https:\/\/www.europesays.com\/fr\/wp-json\/wp\/v2\/tags?post=559106"}],"curies":[{"name":"wp","href":"https:\/\/api.w.org\/{rel}","templated":true}]}}