{"id":559108,"date":"2025-11-26T04:04:12","date_gmt":"2025-11-26T04:04:12","guid":{"rendered":"https:\/\/www.europesays.com\/fr\/559108\/"},"modified":"2025-11-26T04:04:12","modified_gmt":"2025-11-26T04:04:12","slug":"balerdi-a-gagne-son-respect","status":"publish","type":"post","link":"https:\/\/www.europesays.com\/fr\/559108\/","title":{"rendered":"Balerdi a gagn\u00e9 son respect"},"content":{"rendered":"<p><b>L&rsquo;OM a sorti le gros match au meilleur des moments, et Leonardo Balerdi aussi. La victoire face \u00e0 Newcastle va faire un bien fou au d\u00e9fenseur argentin. <\/b><\/p>\n<p>Dos au mur avant cette rencontre, <a href=\"https:\/\/www.foot01.com\/marseille\" target=\"_self\" rel=\"noopener\">l\u2019OM<\/a> ne pouvait pas plus mal entamer son match face \u00e0 Newcastle. Une mauvaise relance quasiment sur l\u2019engagement, une grosse faute de Leonardo Balerdi pour offrir un coup-franc \u00e0 Newcastle. Sur celui-ci, le club anglais manque d\u2019ouvrir le score mais Hojbjerg sauve sur sa ligne, et \u00e0 peine deux minutes tard, les Magpies trouvent finalement l\u2019ouverture.<\/p>\n<p>A l\u2019image de son match entier avec un carton jaune au-dessus de la t\u00eate, Leonardo Balerdi a eu tr\u00e8s chaud mais a tenu bon, et a fini par s\u2019en tirer avec une performance de tr\u00e8s bon niveau. Le capitaine a tenu la barre et m\u00eame si cela a parfois \u00e9t\u00e9 compliqu\u00e9, il s\u2019est montr\u00e9 pr\u00e9cieux en fin de match dans les duels, dans les interceptions et dans les ballons contr\u00e9s face au si\u00e8ge de sa surface.<\/p>\n<p>De quoi provoquer l\u2019admiration de Walid Acherchour, qui avoue qu\u2019il ne pensait pas que l\u2019Argentin s\u2019en sortirait \u00e0 si bon compte apr\u00e8s son entame de match. \u00ab J\u2019ai eu tr\u00e8s peur apr\u00e8s le carton jaune d\u2019entr\u00e9e mais L\u00e9o Balerdi a fait un match de tr\u00e8s haut niveau. Un match de patron de d\u00e9fense dans la lecture, dans les duels. J\u2019esp\u00e8re que \u00e7a aura la m\u00eame r\u00e9sonance que quand il se troue mais je suis pas sur\u00a0\u00bb, a lanc\u00e9 le consultant, pour qui il est temps de rendre hommage au capitaine de l\u2019OM.\u00a0<\/p>\n<p>Celui-ci, malgr\u00e9 son engagement et son abn\u00e9gation, ne parvient toujours pas \u00e0 convaincre les suiveurs de l\u2019OM et les observateurs de la Ligue 1. Mais un tel match doit au moins permettre de d\u00e9montrer qu\u2019il est capable d\u2019\u00eatre au niveau dans cette <a href=\"https:\/\/www.foot01.com\/ligue-des-champions\" title=\"Ligue des Champions\" target=\"_blank\" rel=\"noopener\">Ligue des Champions<\/a>. Comme son \u00e9quipe.<\/p>\n","protected":false},"excerpt":{"rendered":"L&rsquo;OM a sorti le gros match au meilleur des moments, et Leonardo Balerdi aussi. La victoire face \u00e0&hellip;\n","protected":false},"author":2,"featured_media":559109,"comment_status":"","ping_status":"","sticky":false,"template":"","format":"standard","meta":{"footnotes":""},"categories":[1410],"tags":[63,1011,27,447,149,60],"class_list":{"0":"post-559108","1":"post","2":"type-post","3":"status-publish","4":"format-standard","5":"has-post-thumbnail","7":"category-football","8":"tag-football","9":"tag-fr","10":"tag-france","11":"tag-ligue-des-champions","12":"tag-om","13":"tag-sports"},"share_on_mastodon":{"url":"https:\/\/pubeurope.com\/@fr\/115614021382036995","error":""},"_links":{"self":[{"href":"https:\/\/www.europesays.com\/fr\/wp-json\/wp\/v2\/posts\/559108","targetHints":{"allow":["GET"]}}],"collection":[{"href":"https:\/\/www.europesays.com\/fr\/wp-json\/wp\/v2\/posts"}],"about":[{"href":"https:\/\/www.europesays.com\/fr\/wp-json\/wp\/v2\/types\/post"}],"author":[{"embeddable":true,"href":"https:\/\/www.europesays.com\/fr\/wp-json\/wp\/v2\/users\/2"}],"replies":[{"embeddable":true,"href":"https:\/\/www.europesays.com\/fr\/wp-json\/wp\/v2\/comments?post=559108"}],"version-history":[{"count":0,"href":"https:\/\/www.europesays.com\/fr\/wp-json\/wp\/v2\/posts\/559108\/revisions"}],"wp:featuredmedia":[{"embeddable":true,"href":"https:\/\/www.europesays.com\/fr\/wp-json\/wp\/v2\/media\/559109"}],"wp:attachment":[{"href":"https:\/\/www.europesays.com\/fr\/wp-json\/wp\/v2\/media?parent=559108"}],"wp:term":[{"taxonomy":"category","embeddable":true,"href":"https:\/\/www.europesays.com\/fr\/wp-json\/wp\/v2\/categories?post=559108"},{"taxonomy":"post_tag","embeddable":true,"href":"https:\/\/www.europesays.com\/fr\/wp-json\/wp\/v2\/tags?post=559108"}],"curies":[{"name":"wp","href":"https:\/\/api.w.org\/{rel}","templated":true}]}}