{"id":559112,"date":"2025-11-26T04:06:20","date_gmt":"2025-11-26T04:06:20","guid":{"rendered":"https:\/\/www.europesays.com\/fr\/559112\/"},"modified":"2025-11-26T04:06:20","modified_gmt":"2025-11-26T04:06:20","slug":"isabelle-reiher-directrice-du-cccod-quitte-tours-pour-villeurbanne","status":"publish","type":"post","link":"https:\/\/www.europesays.com\/fr\/559112\/","title":{"rendered":"Isabelle Reiher, directrice du CCCOD, quitte Tours pour Villeurbanne"},"content":{"rendered":"<p>Isabelle Reiher, directrice du\u00a0Centre de cr\u00e9ation contemporaine Olivier-Debr\u00e9 (CCCOD), est nomm\u00e9e \u00e0 la direction de l\u2019Institut d\u2019art contemporain \u2013 Fonds r\u00e9gional d\u2019art contemporain Rh\u00f4ne-Alpes (IAC\/Frac Rh\u00f4ne-Alpes) \u00e0 Villeurbanne, \u00e0 la suite de la proposition unanime d\u2019un jury en octobre\u00a02025, officialis\u00e9e par le minist\u00e8re de la Culture ce lundi 24\u00a0novembre, <a target=\"_self\" href=\"https:\/\/www.lejournaldesarts.fr\/creation\/isabelle-reiher-la-tete-de-liac-de-villeurbanne-180386?utm_source=JdAfr&amp;utm_medium=email&amp;utm_campaign=251125\" rel=\"noopener\">selon une information de nos confr\u00e8res du Journal des arts. <\/a>Elle doit prendre ses nouvelles fonctions le 2\u00a0f\u00e9vrier 2025.<\/p>\n<p>Apr\u00e8s l\u2019obtention d\u2019une ma\u00eetrise en art contemporain \u00e0 l\u2019universit\u00e9 de Paris Panth\u00e9on-Sorbonne, puis d\u2019un dipl\u00f4me en administration et conservation du patrimoine \u00e0 l\u2019Institut national du patrimoine, la Franco-Qu\u00e9b\u00e9coise a \u00e9t\u00e9 nomm\u00e9e, en 2002, responsable de l\u2019art contemporain au conseil r\u00e9gional Provence-Alpes-C\u00f4te d\u2019Azur, puis en 2005, directrice adjointe du centre d\u2019art du Parc Saint-L\u00e9ger, \u00e0 Pougues-les-Eaux (Ni\u00e8vre), et en 2010, directrice du Centre international de recherche sur le verre et les arts plastiques (Cirva) \u00e0 Marseille, lieu de recherche et de production.<\/p>\n<p>Hausse de la fr\u00e9quentation<\/p>\n<p>En arrivant au CCCOD \u00e0 Tours en 2019, <a target=\"_self\" href=\"https:\/\/www.lanouvellerepublique.fr\/tours\/un-nouveau-souffle-pour-le-cccod\" rel=\"noopener\">Isabelle Reiher<\/a> avait \u00e0 c\u0153ur de \u00ab\u00a0renouveler [son] regard, de [se] mettre en danger\u00a0\u00bb. On ne sait pas encore qui va lui succ\u00e9der \u00e0 la t\u00eate du\u00a0Centre d\u2019art contemporain, ouvert depuis 2017 en haut de la rue Nationale. \u00ab\u00a0Le poste va \u00eatre ouvert dans les jours \u00e0 venir, pr\u00e9vient Christophe Dupin, maire-adjoint \u00e0 la culture \u00e0 la ville de Tours. Il y a aura certainement beaucoup de candidats.\u00a0\u00bb<\/p>\n<p>L\u2019\u00e9lu esp\u00e8re que le successeur d\u2019Isabelle Reiher poursuivra les initiatives lanc\u00e9es par la directrice. \u00ab\u00a0Elle a d\u00e9velopp\u00e9 beaucoup de coop\u00e9rations avec le mus\u00e9e des Beaux-arts, le p\u00f4le R\u00e9sonances. <a target=\"_self\" href=\"https:\/\/www.lanouvellerepublique.fr\/tours\/et-si-l-apocalypse-etait-coloree-plongez-dans-la-tapisserie-monumentale-de-l-artiste-koen-taselaar-au-cccod-de-tours-1738677759\" rel=\"noopener\">L\u2019exposition de la tapisserie monumentale<\/a>, cette ann\u00e9e, a \u00e9t\u00e9 un grand succ\u00e8s. La fr\u00e9quentation repart \u00e0 la hausse, mais il y a encore une marge de progression\u00a0\u00bb, reconna\u00eet Christophe Dupin.<\/p>\n","protected":false},"excerpt":{"rendered":"Isabelle Reiher, directrice du\u00a0Centre de cr\u00e9ation contemporaine Olivier-Debr\u00e9 (CCCOD), est nomm\u00e9e \u00e0 la direction de l\u2019Institut d\u2019art contemporain&hellip;\n","protected":false},"author":2,"featured_media":559113,"comment_status":"","ping_status":"","sticky":false,"template":"","format":"standard","meta":{"footnotes":""},"categories":[1358],"tags":[1392,1348,1384,1385,1386,58,59,1011,27,7107,1390],"class_list":{"0":"post-559112","1":"post","2":"type-post","3":"status-publish","4":"format-standard","5":"has-post-thumbnail","7":"category-arts-et-design","8":"tag-a-la-une-local","9":"tag-arts","10":"tag-arts-and-design","11":"tag-arts-et-design","12":"tag-design","13":"tag-divertissement","14":"tag-entertainment","15":"tag-fr","16":"tag-france","17":"tag-musees","18":"tag-tours"},"share_on_mastodon":{"url":"https:\/\/pubeurope.com\/@fr\/115614029110459608","error":""},"_links":{"self":[{"href":"https:\/\/www.europesays.com\/fr\/wp-json\/wp\/v2\/posts\/559112","targetHints":{"allow":["GET"]}}],"collection":[{"href":"https:\/\/www.europesays.com\/fr\/wp-json\/wp\/v2\/posts"}],"about":[{"href":"https:\/\/www.europesays.com\/fr\/wp-json\/wp\/v2\/types\/post"}],"author":[{"embeddable":true,"href":"https:\/\/www.europesays.com\/fr\/wp-json\/wp\/v2\/users\/2"}],"replies":[{"embeddable":true,"href":"https:\/\/www.europesays.com\/fr\/wp-json\/wp\/v2\/comments?post=559112"}],"version-history":[{"count":0,"href":"https:\/\/www.europesays.com\/fr\/wp-json\/wp\/v2\/posts\/559112\/revisions"}],"wp:featuredmedia":[{"embeddable":true,"href":"https:\/\/www.europesays.com\/fr\/wp-json\/wp\/v2\/media\/559113"}],"wp:attachment":[{"href":"https:\/\/www.europesays.com\/fr\/wp-json\/wp\/v2\/media?parent=559112"}],"wp:term":[{"taxonomy":"category","embeddable":true,"href":"https:\/\/www.europesays.com\/fr\/wp-json\/wp\/v2\/categories?post=559112"},{"taxonomy":"post_tag","embeddable":true,"href":"https:\/\/www.europesays.com\/fr\/wp-json\/wp\/v2\/tags?post=559112"}],"curies":[{"name":"wp","href":"https:\/\/api.w.org\/{rel}","templated":true}]}}