{"id":559114,"date":"2025-11-26T04:08:26","date_gmt":"2025-11-26T04:08:26","guid":{"rendered":"https:\/\/www.europesays.com\/fr\/559114\/"},"modified":"2025-11-26T04:08:26","modified_gmt":"2025-11-26T04:08:26","slug":"larcom-premier-sur-le-gril-de-la-commission-denquete-sur-laudiovisuel-public-actualites","status":"publish","type":"post","link":"https:\/\/www.europesays.com\/fr\/559114\/","title":{"rendered":"L&rsquo;Arcom, premier sur le gril de la commission d&rsquo;enqu\u00eate sur l&rsquo;audiovisuel public : Actualit\u00e9s"},"content":{"rendered":"<p class=\"lead \">\u00ab\u00a0Vous ne comprenez pas l&rsquo;indignation?\u00a0\u00bb Des d\u00e9put\u00e9s de droite et du RN ont donn\u00e9 le ton mardi au coup d&rsquo;envoi de la commission d&rsquo;enqu\u00eate sur la t\u00e9l\u00e9 et la radio publiques en soumettant le patron du r\u00e9gulateur, l&rsquo;Arcom, \u00e0 un feu roulant de questions sur leur neutralit\u00e9.<\/p>\n<p class=\"lead \">Du traitement de l&rsquo;affaire Legrand-Cohen \u00e0 une suppos\u00e9e s\u00e9v\u00e9rit\u00e9 accrue de son instance contre les cha\u00eenes de la sph\u00e8re Bollor\u00e9, le pr\u00e9sident de l&rsquo;Arcom, Martin Ajdari, a ouvert le bal des auditions de cette commission en r\u00e9pondant pendant deux heures aux parlementaires qui ne l&rsquo;ont pas m\u00e9nag\u00e9.<\/p>\n<p class=\"lead \">D\u00e9cid\u00e9e dans la foul\u00e9e de la pol\u00e9mique autour des deux journalistes du service public Thomas Legrand et Patrick Cohen, accus\u00e9s de connivence avec le PS, la commission d&rsquo;enqu\u00eate s&rsquo;ouvre dans une p\u00e9riode tendue pour les stations de l&rsquo;audiovisuel public, sur fond de guerre ouverte avec les m\u00e9dias Bollor\u00e9, qui les accusent de pencher trop \u00e0 gauche, et de perspectives budg\u00e9taires difficiles, en particulier pour France T\u00e9l\u00e9visions.<\/p>\n<p class=\"lead \">Dans ce contexte, Martin Ajdari s&rsquo;est dit \u00ab\u00a0convaincu\u00a0\u00bb, dans son introduction, \u00ab\u00a0du r\u00f4le central\u00a0\u00bb que le service public de l&rsquo;audiovisuel \u00ab\u00a0doit jouer, que ce soit pour garantir le pluralisme au c\u00f4t\u00e9 des groupes priv\u00e9s, les conditions du d\u00e9bat d\u00e9mocratique et la confrontation des id\u00e9es\u00a0\u00bb notamment.<\/p>\n<p class=\"lead \">\u00ab\u00a0Appartenant \u00e0 tous et financ\u00e9 par tous, le service public doit s&rsquo;adresser \u00e0 tous et jouer un r\u00f4le f\u00e9d\u00e9rateur\u00a0\u00bb, a-t-il insist\u00e9, un r\u00f4le selon lui encore plus important dans \u00ab\u00a0une soci\u00e9t\u00e9 qui se polarise et qui se fragmente\u00a0\u00bb.  <\/p>\n<p class=\"lead \">&#8211; \u00ab\u00a0\u00e9moi manifeste\u00a0\u00bb &#8211;<\/p>\n<p class=\"lead \">Mais rapidement, les \u00e9changes se sont cors\u00e9s, en particulier avec le rapporteur Charles Alloncle, membre du groupe UDR d\u2019\u00c9ric Ciotti, alli\u00e9 du RN et \u00e0 l&rsquo;origine de la commission d&rsquo;enqu\u00eate.  <\/p>\n<p class=\"lead \">Ce dernier a pos\u00e9 plusieurs questions sur une possible diff\u00e9rence de traitement par l&rsquo;Arcom entre France Inter et les cha\u00eenes de la sph\u00e8re Bollor\u00e9 comme CNews ou C8, dont la fr\u00e9quence n&rsquo;a pas \u00e9t\u00e9 renouvel\u00e9e. <\/p>\n<p class=\"lead \">\u00ab\u00a0Vous ne comprenez pas l&rsquo;indignation?\u00a0\u00bb au sujet de l&rsquo;affaire Legrand-Cohen, a questionn\u00e9 M. Alloncle. Martin Ajdari lui a r\u00e9pondu qu&rsquo;il faudrait \u00eatre \u00ab\u00a0sourd ou aveugle pour ne pas voir (l&rsquo;)\u00e9moi\u00a0\u00bb provoqu\u00e9, qu&rsquo;il a qualifi\u00e9 de \u00ab\u00a0manifeste\u00a0\u00bb, apr\u00e8s la diffusion, d\u00e9but septembre, d&rsquo;une vid\u00e9o montrant les deux \u00e9ditorialistes au restaurant avec deux responsables du PS.<\/p>\n<p class=\"lead \">Mais le dirigeant de l&rsquo;Arcom a rappel\u00e9 que Thomas Legrand, dont les propos capt\u00e9s dans la vid\u00e9o (Rachida \u00ab\u00a0Dati, on s&rsquo;en occupe\u00a0\u00bb) ont fait pol\u00e9mique, a \u00e9t\u00e9 suspendu de l&rsquo;antenne par France Inter, et que Patrick Cohen \u00ab\u00a0n&rsquo;a pas tenu de tels propos\u00a0\u00bb.<\/p>\n<p class=\"lead \">Philippe Ballard (RN) a poursuivi l&rsquo;offensive en accusant certains programmes d&rsquo;hostilit\u00e9 ouverte \u00e0 son parti.<\/p>\n<p class=\"lead \">Questionn\u00e9 sur de possibles conflits d&rsquo;int\u00e9r\u00eats, Martin Ajdari a aussi d\u00fb s&rsquo;expliquer sur des \u00e9l\u00e9ments de sa vie priv\u00e9e. <\/p>\n<p class=\"lead \">L&rsquo;audiovisuel public est accus\u00e9 par une partie de la droite et le Rassemblement national, dont des dirigeants souhaitent la privatisation, de partialit\u00e9 en faveur de la gauche. De leur c\u00f4t\u00e9, Radio France et France T\u00e9l\u00e9visions ont r\u00e9cemment assign\u00e9 CNews, Europe 1 et le JDD, des m\u00e9dias dans le giron du milliardaire conservateur Vincent Bollor\u00e9, devant le tribunal des activit\u00e9s \u00e9conomiques pour \u00ab\u00a0d\u00e9nigrement\u00a0\u00bb. <\/p>\n<p class=\"lead \">Face aux craintes exprim\u00e9es \u00e0 gauche d&rsquo;une \u00ab\u00a0instrumentalisation\u00a0\u00bb de la commission d&rsquo;enqu\u00eate, son pr\u00e9sident J\u00e9r\u00e9mie Patrier-Leitus (Horizons) a promis qu&rsquo;il n&rsquo;y aurait aucun \u00ab\u00a0tabou\u00a0\u00bb mais pas non plus de \u00ab\u00a0proc\u00e8s \u00e0 charge\u00a0\u00bb.<\/p>\n<p class=\"lead \">\u00ab\u00a0Cette commission d&rsquo;enqu\u00eate ne se transformera pas en plus grand cabaret du monde o\u00f9 chacun vient faire son num\u00e9ro\u00a0\u00bb, a-t-il insist\u00e9.<\/p>\n<p class=\"lead \">Charles Alloncle a, quant \u00e0 lui, promis un programme \u00ab\u00a0extr\u00eamement dense\u00a0\u00bb avec \u00ab\u00a0au minimum une cinquantaine d&rsquo;auditions\u00a0\u00bb, dont celles des patronnes de France T\u00e9l\u00e9visions et Radio France, Delphine Ernotte Cunci et Sibyle Veil.<\/p>\n<p class=\"small font-weight-bold text-gray3 \"> publi\u00e9 le 25 novembre \u00e0 20h49, AFP<\/p>\n<p>                             Partager<\/p>\n","protected":false},"excerpt":{"rendered":"\u00ab\u00a0Vous ne comprenez pas l&rsquo;indignation?\u00a0\u00bb Des d\u00e9put\u00e9s de droite et du RN ont donn\u00e9 le ton mardi au&hellip;\n","protected":false},"author":2,"featured_media":559115,"comment_status":"","ping_status":"","sticky":false,"template":"","format":"standard","meta":{"footnotes":""},"categories":[1356],"tags":[58,59,1011,27,9555,1050,3848,1825,9556,252,1364],"class_list":{"0":"post-559114","1":"post","2":"type-post","3":"status-publish","4":"format-standard","5":"has-post-thumbnail","7":"category-television","8":"tag-divertissement","9":"tag-entertainment","10":"tag-fr","11":"tag-france","12":"tag-mdias","13":"tag-parlement","14":"tag-partis","15":"tag-radio","16":"tag-tlvision","17":"tag-television","18":"tag-tv"},"share_on_mastodon":{"url":"https:\/\/pubeurope.com\/@fr\/115614037058889713","error":""},"_links":{"self":[{"href":"https:\/\/www.europesays.com\/fr\/wp-json\/wp\/v2\/posts\/559114","targetHints":{"allow":["GET"]}}],"collection":[{"href":"https:\/\/www.europesays.com\/fr\/wp-json\/wp\/v2\/posts"}],"about":[{"href":"https:\/\/www.europesays.com\/fr\/wp-json\/wp\/v2\/types\/post"}],"author":[{"embeddable":true,"href":"https:\/\/www.europesays.com\/fr\/wp-json\/wp\/v2\/users\/2"}],"replies":[{"embeddable":true,"href":"https:\/\/www.europesays.com\/fr\/wp-json\/wp\/v2\/comments?post=559114"}],"version-history":[{"count":0,"href":"https:\/\/www.europesays.com\/fr\/wp-json\/wp\/v2\/posts\/559114\/revisions"}],"wp:featuredmedia":[{"embeddable":true,"href":"https:\/\/www.europesays.com\/fr\/wp-json\/wp\/v2\/media\/559115"}],"wp:attachment":[{"href":"https:\/\/www.europesays.com\/fr\/wp-json\/wp\/v2\/media?parent=559114"}],"wp:term":[{"taxonomy":"category","embeddable":true,"href":"https:\/\/www.europesays.com\/fr\/wp-json\/wp\/v2\/categories?post=559114"},{"taxonomy":"post_tag","embeddable":true,"href":"https:\/\/www.europesays.com\/fr\/wp-json\/wp\/v2\/tags?post=559114"}],"curies":[{"name":"wp","href":"https:\/\/api.w.org\/{rel}","templated":true}]}}