{"id":559125,"date":"2025-11-26T04:15:29","date_gmt":"2025-11-26T04:15:29","guid":{"rendered":"https:\/\/www.europesays.com\/fr\/559125\/"},"modified":"2025-11-26T04:15:29","modified_gmt":"2025-11-26T04:15:29","slug":"openai-voulait-changer-le-monde-avec-lia-mais-meme-sam-altman-avoue-que-tout-est-en-train-de-caler","status":"publish","type":"post","link":"https:\/\/www.europesays.com\/fr\/559125\/","title":{"rendered":"OpenAI voulait changer le monde avec l\u2019IA, mais m\u00eame Sam Altman avoue que tout est en train de caler"},"content":{"rendered":"<p><strong>Apr\u00e8s des mois \u00e0 r\u00e9gner sur le monde de l\u2019IA, OpenAI encaisse le choc d\u2019un retour brutal \u00e0 la r\u00e9alit\u00e9. Une note interne sign\u00e9e Sam Altman, r\u00e9v\u00e9l\u00e9e par The Information, expose un malaise croissant au sein de l\u2019entreprise et une menace bien r\u00e9elle venue de Google.<\/strong><\/p>\n<p><img fetchpriority=\"high\" decoding=\"async\" width=\"1024\" height=\"682\" src=\"https:\/\/www.europesays.com\/fr\/wp-content\/uploads\/2025\/11\/sam-altman-inquiet-gpt5-1024x682.webp.webp\" alt=\"Sam Altman, PDG d\u2019OpenAI, pensif, \u00e0 c\u00f4t\u00e9 d\u2019un smartphone affichant le lancement imminent de GPT-5\" class=\"wp-image-984580\"  \/>Sam Altman face aux enjeux du prochain mod\u00e8le d\u2019intelligence artificielle GPT-5 d\u00e9velopp\u00e9 par OpenAI.<\/p>\n<p>Une h\u00e9g\u00e9monie qui vacille : Google revient dans la course, et \u00e7a se voit<\/p>\n<p>Pendant deux ans, <a href=\"https:\/\/dailygeekshow.com\/battu-par-google-openai-devoile-gpt-5-1pro-et-codexmax-pour-reconquerir-sa-place-sur-le-marche-de-lia\/\" target=\"_blank\" rel=\"noopener\">OpenAI<\/a> a donn\u00e9 le tempo. Sam Altman et son \u00e9quipe ont forc\u00e9 tout le monde, y compris Google, \u00e0 courir derri\u00e8re. Toutefois, l\u2019ann\u00e9e 2025 se termine bien diff\u00e9remment de ce que le PDG imaginait.<\/p>\n<p>Lire aussi <a href=\"https:\/\/dailygeekshow.com\/battu-par-google-openai-devoile-gpt-5-1pro-et-codexmax-pour-reconquerir-sa-place-sur-le-marche-de-lia\/\" target=\"_blank\" rel=\"noopener\">Battu par Google, OpenAI d\u00e9voile GPT\u20115.1\u2011Pro et Codex\u2011Max pour reconqu\u00e9rir sa place sur le march\u00e9 de l\u2019IA<\/a><\/p>\n<p>Une\u00a0<strong>note interne<\/strong>, r\u00e9cemment r\u00e9v\u00e9l\u00e9e par The Information, vient confirmer une impression partag\u00e9e dans le secteur :\u00a0<strong>la dynamique s\u2019est invers\u00e9e<\/strong>. Altman y d\u00e9crit une\u00a0<strong>\u00ab\u00a0mauvaise ambiance\u00a0\u00bb<\/strong>\u00a0qui plombe les \u00e9quipes. Oubli\u00e9s les discours ambitieux sur l\u2019AGI. Aujourd\u2019hui, OpenAI\u00a0<strong>se sent assi\u00e9g\u00e9<\/strong>, non par la r\u00e9gulation ou les proc\u00e8s, mais par une concurrence en plein r\u00e9veil. Et ce constat, venant du patron lui-m\u00eame, a de quoi secouer l\u2019ensemble de l\u2019\u00e9cosyst\u00e8me IA.<\/p>\n<p>Le choc Gemini 3 : Google frappe fort, Altman le reconna\u00eet<\/p>\n<p>C\u2019est l\u2019aveu qui surprend le plus. Sam Altman admet que Google a pris de l\u2019avance, notamment sur le\u00a0<strong>pr\u00e9-entra\u00eenement des mod\u00e8les<\/strong>, longtemps consid\u00e9r\u00e9 comme l\u2019atout ma\u00eetre d\u2019OpenAI. Pour les moins technophiles : c\u2019est ce qui permet \u00e0 un mod\u00e8le d\u2019\u00eatre vraiment bon, voire bluffant.<\/p>\n<p>Depuis la sortie de\u00a0<strong><a href=\"https:\/\/dailygeekshow.com\/une-banane-pour-battre-chatgpt-google-prouve-quen-2025-le-branding-est-plus-fort-que-lintelligence-artificielle\/\" target=\"_blank\" rel=\"noopener\">Gemini 3 Pro<\/a><\/strong>, Google ne se contente plus de rattraper OpenAI. Selon\u00a0<strong>plusieurs benchmarks ind\u00e9pendants<\/strong>, et m\u00eame selon Altman lui-m\u00eame, Google\u00a0<strong>fait jeu \u00e9gal, voire mieux<\/strong>\u00a0sur des t\u00e2ches cl\u00e9s. Le message \u00e0 ses ing\u00e9nieurs est clair : il faut\u00a0<strong>\u00ab\u00a0rattraper rapidement le retard\u00a0\u00bb<\/strong>. En parall\u00e8le, Anthropic et son Claude 4.5 maintiennent aussi une pression constante sur le secteur.<\/p>\n<p>Lire aussi <a href=\"https:\/\/dailygeekshow.com\/elon-musk-promet-la-fin-du-travail-et-de-la-pauvrete-grace-a-lia-faut-il-encore-croire-a-ses-visions-futuristes\/\" target=\"_blank\" rel=\"noopener\">Elon Musk promet la fin du travail et de la pauvret\u00e9 gr\u00e2ce \u00e0 l\u2019IA : faut-il encore croire \u00e0 ses visions futuristes ?<\/a><\/p>\n<p>Croissance ralentie : l\u2019autre inqui\u00e9tude d\u2019Altman<\/p>\n<p>Le plus pr\u00e9occupant ne vient pas seulement des concurrents. Il vient aussi du portefeuille. Le\u00a0<strong>v\u00e9ritable nerf de la guerre<\/strong>, c\u2019est l\u2019argent. Et l\u00e0 encore, la note interne\u00a0<strong>jette un froid<\/strong>. Car dans l\u2019\u00e9conomie de l\u2019IA, l\u2019illusion de l\u2019expansion perp\u00e9tuelle semble s\u2019effriter.<\/p>\n<p>OpenAI g\u00e9n\u00e8re\u00a0<strong>environ 13 milliards de dollars de revenus annuels<\/strong>. Un chiffre impressionnant. Mais en tech, c\u2019est la\u00a0<strong>vitesse<\/strong>\u00a0qui compte. Or, Altman pr\u00e9vient : la croissance pourrait\u00a0<strong>tomber \u00e0 un seul chiffre d\u2019ici 2026<\/strong>. Pour une entreprise valoris\u00e9e \u00e0 plusieurs centaines de milliards, c\u2019est une alerte rouge. D\u2019autant plus que la base d\u2019utilisateurs payants semble avoir atteint un plateau.<\/p>\n<p>Fin de l\u2019illusion : OpenAI devient une entreprise comme les autres<\/p>\n<p>Le document \u00e9voque des \u00ab\u00a0difficult\u00e9s \u00e9conomiques passag\u00e8res\u00a0\u00bb. Traduction ?\u00a0<strong>Le march\u00e9 sature<\/strong>. Ceux qui voulaient payer l\u2019ont fait. Les abonn\u00e9s individuels regardent ailleurs ou choisissent des versions gratuites. M\u00eame les entreprises, s\u00e9duites par les promesses de productivit\u00e9, h\u00e9sitent \u00e0 \u00e9tendre leurs d\u00e9penses.<\/p>\n<p>Lire aussi <a href=\"https:\/\/dailygeekshow.com\/lia-grok-provoque-un-scandale-majeur-le-gouvernement-engage-des-poursuites-et-pointe-un-grave-manquement\/\" target=\"_blank\" rel=\"noopener\">L\u2019IA Grok provoque un scandale majeur\u202f: le gouvernement engage des poursuites et pointe un grave manquement<\/a><\/p>\n<p>R\u00e9sultat : OpenAI\u00a0<strong>devient une entreprise normale<\/strong>. Elle affronte d\u00e9sormais ses concurrents sur un pied d\u2019\u00e9galit\u00e9, avec ses propres fragilit\u00e9s. Et face \u00e0 un\u00a0<strong>Google surpuissant<\/strong>, int\u00e9gr\u00e9 de la puce au smartphone, Sam Altman a toutes les raisons de s\u2019inqui\u00e9ter. Le temps de la magie semble derri\u00e8re eux. Place au r\u00e9alisme, et \u00e0 une bataille d\u2019endurance.<\/p>\n","protected":false},"excerpt":{"rendered":"Apr\u00e8s des mois \u00e0 r\u00e9gner sur le monde de l\u2019IA, OpenAI encaisse le choc d\u2019un retour brutal \u00e0&hellip;\n","protected":false},"author":2,"featured_media":559126,"comment_status":"","ping_status":"","sticky":false,"template":"","format":"standard","meta":{"footnotes":""},"categories":[6],"tags":[35,33,34,1011,27],"class_list":{"0":"post-559125","1":"post","2":"type-post","3":"status-publish","4":"format-standard","5":"has-post-thumbnail","7":"category-economie","8":"tag-business","9":"tag-economie","10":"tag-economy","11":"tag-fr","12":"tag-france"},"share_on_mastodon":{"url":"https:\/\/pubeurope.com\/@fr\/115614065381839819","error":""},"_links":{"self":[{"href":"https:\/\/www.europesays.com\/fr\/wp-json\/wp\/v2\/posts\/559125","targetHints":{"allow":["GET"]}}],"collection":[{"href":"https:\/\/www.europesays.com\/fr\/wp-json\/wp\/v2\/posts"}],"about":[{"href":"https:\/\/www.europesays.com\/fr\/wp-json\/wp\/v2\/types\/post"}],"author":[{"embeddable":true,"href":"https:\/\/www.europesays.com\/fr\/wp-json\/wp\/v2\/users\/2"}],"replies":[{"embeddable":true,"href":"https:\/\/www.europesays.com\/fr\/wp-json\/wp\/v2\/comments?post=559125"}],"version-history":[{"count":0,"href":"https:\/\/www.europesays.com\/fr\/wp-json\/wp\/v2\/posts\/559125\/revisions"}],"wp:featuredmedia":[{"embeddable":true,"href":"https:\/\/www.europesays.com\/fr\/wp-json\/wp\/v2\/media\/559126"}],"wp:attachment":[{"href":"https:\/\/www.europesays.com\/fr\/wp-json\/wp\/v2\/media?parent=559125"}],"wp:term":[{"taxonomy":"category","embeddable":true,"href":"https:\/\/www.europesays.com\/fr\/wp-json\/wp\/v2\/categories?post=559125"},{"taxonomy":"post_tag","embeddable":true,"href":"https:\/\/www.europesays.com\/fr\/wp-json\/wp\/v2\/tags?post=559125"}],"curies":[{"name":"wp","href":"https:\/\/api.w.org\/{rel}","templated":true}]}}