{"id":559144,"date":"2025-11-26T04:28:12","date_gmt":"2025-11-26T04:28:12","guid":{"rendered":"https:\/\/www.europesays.com\/fr\/559144\/"},"modified":"2025-11-26T04:28:12","modified_gmt":"2025-11-26T04:28:12","slug":"montpellier-lance-les-fetes-de-noel","status":"publish","type":"post","link":"https:\/\/www.europesays.com\/fr\/559144\/","title":{"rendered":"Montpellier lance les f\u00eates de No\u00ebl"},"content":{"rendered":"<p>                    Par<br \/>\n        <strong><br \/>\n            <a href=\"https:\/\/actu.fr\/auteur\/metropoop\" title=\"Consulter tous les articles de R\u00e9daction M\u00e9tropolitain\" target=\"_blank\" rel=\"noopener\">R\u00e9daction M\u00e9tropolitain<\/a><br \/>\n                    <\/strong><\/p>\n<p>        Publi\u00e9 le<\/p>\n<p>            26 nov. 2025 \u00e0 5h06        <\/p>\n<p><strong>No\u00ebl<\/strong> approche \u00e0 grands pas et Montpellier \u00e0 commenc\u00e9 \u00e0 se parer de ses habits de f\u00eates. <strong>Le traditionnel sapin<\/strong> tr\u00f4ne sur la place de la Com\u00e9die comme celui devant la mairie, <strong>les chalets du march\u00e9 de No\u00ebl tant attendu,<\/strong>\u00a0sont install\u00e9s dans les Jardins du Peyrou, <strong>les illuminations<\/strong> sont dispos\u00e9es dans les rues\u2026 tous n\u2019attendant qu\u2019\u00e0 prendre vie pour apporter \u00e0 <strong>la ville la magie de No\u00ebl<\/strong>.<\/p>\n<p>Les illuminations mercredi<\/p>\n<p class=\" wall-content\">Tandis que quelques minutes auparavant la place des Martyrs de la R\u00e9sistance r\u00e9nov\u00e9e aura \u00e9t\u00e9 inaugur\u00e9e, ce mercredi 26 novembre il sera l\u2019heure de lancer les festivit\u00e9s de No\u00ebl. Comme l\u2019a souhait\u00e9 Micha\u00ebl Delafosse depuis son \u00e9lection, celle-ci se d\u00e9roule \u00e0 l\u2019occasion de l\u2019anniversaire, le 1040e cette ann\u00e9e, de la fondation de la Ville de Montpellier. Rendez-vous \u00e0 19h place du March\u00e9 aux Fleurs, pour une distribution de lampions suivie d\u2019une descente aux flambeaux jusqu\u2019\u00e0 la place de la Com\u00e9die o\u00f9 seront d\u00e9clench\u00e9es les illuminations de No\u00ebl.<\/p>\n<p class=\" wall-content\">Comme l\u2019ann\u00e9e derni\u00e8re et l\u2019ann\u00e9e pr\u00e9c\u00e9dente, celles-ci seront allum\u00e9es de 17h \u00e0 23h, soit 40% de temps en moins qu\u2019en 2021, sauf les soir\u00e9es du 24 et du 31 d\u00e9cembre o\u00f9 elles resteront allum\u00e9es toute la nuit et s\u2019\u00e9teindront d\u00e9finitivement le dimanche 4 janvier 2026. 83 places ou rues sont illumin\u00e9es dans l\u2019\u00c9cusson, soit le m\u00eame p\u00e9rim\u00e8tre que l\u2019ann\u00e9e derni\u00e8re. Une mise en lumi\u00e8re que l\u2019on doit \u00e0 l\u2019entreprise vauclusienne Blach\u00e8re dont les illuminations sont constitu\u00e9es de LED int\u00e9gral fabriqu\u00e9es \u00e0 partir de bouteilles PET (Poly\u00e9thyl\u00e8ne t\u00e9r\u00e9phtalate) issues du tri s\u00e9lectif, transform\u00e9es puis inject\u00e9es dans les imprimantes 3D de l\u2019entreprise pour produire des d\u00e9cors.<\/p>\n<p class=\" wall-content\">Sur la place de la Com\u00e9die, le sapin a pris ses quartiers habituels devant l\u2019op\u00e9ra depuis plusieurs jours. Con\u00e7u par l\u2019entreprise JMD (Jura Morvan D\u00e9coration) bas\u00e9e pr\u00e8s de Montpellier, il culmine \u00e0 15m de hauteur en \u00e9tant compos\u00e9 d\u2019un sapin naturel de 10m, issu d\u2019une culture durable et raisonn\u00e9e, et d\u2019une r\u00e9hausse de 5m recouverte de vraies branches de sapin.<\/p>\n<p>Le march\u00e9 de no\u00ebl vendredi<\/p>\n<p class=\" wall-content\">Rendez-vous ensuite vendredi 28 novembre pour d\u00e9couvrir le march\u00e9 de No\u00ebl. Install\u00e9 pour la troisi\u00e8me ann\u00e9e dans les Jardins du Peyrou, il est compos\u00e9 de 94 chalets dont 76 d\u2019artistes, d\u2019artisans et de cr\u00e9ateurs qui proposeront de quoi trouver des id\u00e9es de cadeaux. Pour les gourmands, 14 chalets sont consacr\u00e9s \u00e0 la restauration sal\u00e9e et sucr\u00e9e et \u00e0 la cuisine r\u00e9gionale et 4 sont d\u00e9di\u00e9s \u00e0 la restauration sucr\u00e9e.<\/p>\n<p>Vid\u00e9os : en ce moment sur Actu<br \/>\n    <a href=\"https:\/\/www.google.com\/maps\/embed?pb=!1m18!1m12!1m3!1d5777.547350596242!2d3.8658871840351985!3d43.61125378065161!2m3!1f0!2f0!3f0!3m2!1i1024!2i768!4f13.1!3m3!1m2!1s0x12b6af076a546fb5%3A0x34f9e1f751e017a8!2sPromenade%20du%20Peyrou!5e0!3m2!1sfr!2sfr!4v1764008425894!5m2!1sfr!2sfr\" title=\"Ouvrie le lien\" target=\"_blank\" rel=\"noopener\">Cliquez ici pour visualiser le contenu<\/a><\/p>\n<p class=\" wall-content\">La grande tente de convivialit\u00e9 \u201cLa Pause Enchant\u00e9e\u201d viendra une nouvelle fois proposer des animations pour tous : enfants, adultes et familles. Les enfants pourront, comme l\u2019ann\u00e9e derni\u00e8re, d\u00e9poser leur lettre au P\u00e8re No\u00ebl dans une bo\u00eete aux lettres d\u00e9di\u00e9e. Enfin, trois man\u00e8ges \u2013 un carrousel, des chaises volantes et un petit train seront install\u00e9s dans les Jardins du Peyrou. Un march\u00e9 de No\u00ebl dont pourra \u00eatre appr\u00e9ci\u00e9 jusqu\u2019au mercredi 31 d\u00e9cembre.<\/p>\n<p>Votre r\u00e9gion, votre actu !<\/p>\n<p>Recevez chaque jour les infos qui comptent pour vous.<\/p>\n<p>\t<a href=\"https:\/\/actu.fr\/newsletter\" class=\"ac-btn ac-btn--corner ac-btn--medium ac-btn--blue800\" target=\"_blank\" rel=\"noopener\">S&rsquo;incrire<\/a><\/p>\n<p>Les 94 chalets seront ouverts du dimanche au jeudi de 10h30 \u00e0 21h30. Les vendredis et samedis de 10h30 \u00e0 22h30. Le 24 et le 31 d\u00e9cembre de 10h30 \u00e0 18h. Le 25 d\u00e9cembre, le march\u00e9 sera ferm\u00e9 au public.<\/p>\n<p class=\" wall-content\">Personnalisez votre actualit\u00e9 en ajoutant vos villes et m\u00e9dias en favori avec <a href=\"https:\/\/moncompte.actu.fr\" title=\"D\u00e9couvez Mon Actu\" rel=\"nofollow noopener\" data-trk=\"{&quot;cta&quot;:{&quot;action&quot;:&quot;https:\\\/\\\/moncompte.actu.fr&quot;,&quot;category&quot;:&quot;mon compte&quot;,&quot;from&quot;:&quot;article footer&quot;,&quot;name&quot;:&quot;Mon actu&quot;,&quot;type&quot;:&quot;cta&quot;}}\" target=\"_blank\">Mon Actu<\/a>.<\/p>\n","protected":false},"excerpt":{"rendered":"Par R\u00e9daction M\u00e9tropolitain Publi\u00e9 le 26 nov. 2025 \u00e0 5h06 No\u00ebl approche \u00e0 grands pas et Montpellier \u00e0&hellip;\n","protected":false},"author":2,"featured_media":559145,"comment_status":"","ping_status":"","sticky":false,"template":"","format":"standard","meta":{"footnotes":""},"categories":[9599],"tags":[1111,11,1777,674,1011,27,1652,2208,12,2680,25],"class_list":{"0":"post-559144","1":"post","2":"type-post","3":"status-publish","4":"format-standard","5":"has-post-thumbnail","7":"category-montpellier","8":"tag-actu","9":"tag-actualites","10":"tag-eu","11":"tag-europe","12":"tag-fr","13":"tag-france","14":"tag-loisirs-culture","15":"tag-montpellier","16":"tag-news","17":"tag-occitanie","18":"tag-republique-francaise"},"share_on_mastodon":{"url":"https:\/\/pubeurope.com\/@fr\/115614115664267815","error":""},"_links":{"self":[{"href":"https:\/\/www.europesays.com\/fr\/wp-json\/wp\/v2\/posts\/559144","targetHints":{"allow":["GET"]}}],"collection":[{"href":"https:\/\/www.europesays.com\/fr\/wp-json\/wp\/v2\/posts"}],"about":[{"href":"https:\/\/www.europesays.com\/fr\/wp-json\/wp\/v2\/types\/post"}],"author":[{"embeddable":true,"href":"https:\/\/www.europesays.com\/fr\/wp-json\/wp\/v2\/users\/2"}],"replies":[{"embeddable":true,"href":"https:\/\/www.europesays.com\/fr\/wp-json\/wp\/v2\/comments?post=559144"}],"version-history":[{"count":0,"href":"https:\/\/www.europesays.com\/fr\/wp-json\/wp\/v2\/posts\/559144\/revisions"}],"wp:featuredmedia":[{"embeddable":true,"href":"https:\/\/www.europesays.com\/fr\/wp-json\/wp\/v2\/media\/559145"}],"wp:attachment":[{"href":"https:\/\/www.europesays.com\/fr\/wp-json\/wp\/v2\/media?parent=559144"}],"wp:term":[{"taxonomy":"category","embeddable":true,"href":"https:\/\/www.europesays.com\/fr\/wp-json\/wp\/v2\/categories?post=559144"},{"taxonomy":"post_tag","embeddable":true,"href":"https:\/\/www.europesays.com\/fr\/wp-json\/wp\/v2\/tags?post=559144"}],"curies":[{"name":"wp","href":"https:\/\/api.w.org\/{rel}","templated":true}]}}