{"id":559146,"date":"2025-11-26T04:30:40","date_gmt":"2025-11-26T04:30:40","guid":{"rendered":"https:\/\/www.europesays.com\/fr\/559146\/"},"modified":"2025-11-26T04:30:40","modified_gmt":"2025-11-26T04:30:40","slug":"quatre-migrants-irakiens-interpelles-dans-un-camion-refrigere-transportant-des-fleurs-a-rouen","status":"publish","type":"post","link":"https:\/\/www.europesays.com\/fr\/559146\/","title":{"rendered":"Quatre migrants irakiens interpell\u00e9s dans un camion r\u00e9frig\u00e9r\u00e9 transportant des fleurs \u00e0 Rouen"},"content":{"rendered":"<p class=\"article__intro\">Quatre migrants, tous de nationalit\u00e9 irakienne, ont \u00e9t\u00e9 interpell\u00e9s et plac\u00e9s en retenue administrative, ce lundi 24 novembre 2025 peu avant minuit, par la police de Rouen. Ils s&rsquo;\u00e9taient cach\u00e9s dans un camion r\u00e9frig\u00e9r\u00e9 en provenance de Belgique.<\/p>\n<p>\n      La Quotidienne Soci\u00e9t\u00e9\n    <\/p>\n<p>\n      De la vie quotidienne aux grands enjeux, recevez tous les jours les sujets qui font la soci\u00e9t\u00e9 locale, comme la justice, l\u2019\u00e9ducation, la sant\u00e9 et la famille.\n    <\/p>\n<p>    France T\u00e9l\u00e9visions utilise votre adresse e-mail afin de vous envoyer la newsletter \u00ab\u00a0La Quotidienne Soci\u00e9t\u00e9\u00a0\u00bb. Vous pouvez vous d\u00e9sinscrire \u00e0 tout moment via le lien en bas de cette newsletter. <a target=\"_blank\" href=\"https:\/\/www.francetelevisions.fr\/groupe\/confidentialite\/politique-de-confidentialite\/politique-de-confidentialite-de-france-televisions-6503\" rel=\"noopener\">Notre politique de confidentialit\u00e9<\/a><\/p>\n<p>Les faits se sont produits ce lundi, vers 23h50, avenue Bernard-Bicheray \u00e0 Rouen, au March\u00e9 d&rsquo;int\u00e9r\u00eat national (MIN), r\u00e9v\u00e8lent nos confr\u00e8res d&rsquo;<a href=\"https:\/\/www.francebleu.fr\/infos\/faits-divers-justice\/quatre-migrants-d-origine-irakienne-decouverts-dans-un-camion-frigorifique-au-marche-d-interet-national-de-rouen-9176114\" target=\"_blank\" rel=\"noopener noreferrer nofollow\" data-tooltip-url=\"https:\/\/www.francebleu.fr\/infos\/faits-divers-justice\/quatre-migrants-d-origine-irakienne-decouverts-dans-un-camion-frigorifique-au-marche-d-interet-national-de-rouen-9176114\">ICI Normandie<\/a>.<\/p>\n<p>Les forces de l&rsquo;ordre ont proc\u00e9d\u00e9 \u00e0 l&rsquo;interpellation et \u00e0 la mise en retenue administrative de quatre migrants, cach\u00e9s \u00e0 l&rsquo;int\u00e9rieur de la remorque d&rsquo;un camion r\u00e9frig\u00e9r\u00e9.<\/p>\n<\/p>\n<p>Le chauffeur routier, de nationalit\u00e9 hollandaise, \u00e9tait parti de Belgique jusqu&rsquo;en Normandie pour transporter des fleurs. C&rsquo;est lui qui a pr\u00e9venu la police apr\u00e8s avoir entendu \u00ab\u00a0des bruits\u00a0\u00bb dans la remorque de son poids lourd.<\/p>\n<p>Les quatre migrants sont tous de nationalit\u00e9 irakienne. Il s&rsquo;agit d&rsquo;hommes, n\u00e9s respectivement en 1994, 1997, 1998 et 2001. Ils seraient mont\u00e9s \u00e0 bord du poids lourd alors que le chauffeur routier effectuait une pause sur une aire d&rsquo;autoroute, d\u00e9taille une source polici\u00e8re.<\/p>\n<p>Les quatre hommes ont \u00e9t\u00e9 plac\u00e9s en retenue administrative par les forces de l&rsquo;ordre.<\/p><\/p>\n","protected":false},"excerpt":{"rendered":"Quatre migrants, tous de nationalit\u00e9 irakienne, ont \u00e9t\u00e9 interpell\u00e9s et plac\u00e9s en retenue administrative, ce lundi 24 novembre&hellip;\n","protected":false},"author":2,"featured_media":559147,"comment_status":"","ping_status":"","sticky":false,"template":"","format":"standard","meta":{"footnotes":""},"categories":[9587],"tags":[1111,11,1777,674,1011,27,12,5161,25,9590],"class_list":{"0":"post-559146","1":"post","2":"type-post","3":"status-publish","4":"format-standard","5":"has-post-thumbnail","7":"category-rouen","8":"tag-actu","9":"tag-actualites","10":"tag-eu","11":"tag-europe","12":"tag-fr","13":"tag-france","14":"tag-news","15":"tag-normandie","16":"tag-republique-francaise","17":"tag-rouen"},"share_on_mastodon":{"url":"https:\/\/pubeurope.com\/@fr\/115614123486929662","error":""},"_links":{"self":[{"href":"https:\/\/www.europesays.com\/fr\/wp-json\/wp\/v2\/posts\/559146","targetHints":{"allow":["GET"]}}],"collection":[{"href":"https:\/\/www.europesays.com\/fr\/wp-json\/wp\/v2\/posts"}],"about":[{"href":"https:\/\/www.europesays.com\/fr\/wp-json\/wp\/v2\/types\/post"}],"author":[{"embeddable":true,"href":"https:\/\/www.europesays.com\/fr\/wp-json\/wp\/v2\/users\/2"}],"replies":[{"embeddable":true,"href":"https:\/\/www.europesays.com\/fr\/wp-json\/wp\/v2\/comments?post=559146"}],"version-history":[{"count":0,"href":"https:\/\/www.europesays.com\/fr\/wp-json\/wp\/v2\/posts\/559146\/revisions"}],"wp:featuredmedia":[{"embeddable":true,"href":"https:\/\/www.europesays.com\/fr\/wp-json\/wp\/v2\/media\/559147"}],"wp:attachment":[{"href":"https:\/\/www.europesays.com\/fr\/wp-json\/wp\/v2\/media?parent=559146"}],"wp:term":[{"taxonomy":"category","embeddable":true,"href":"https:\/\/www.europesays.com\/fr\/wp-json\/wp\/v2\/categories?post=559146"},{"taxonomy":"post_tag","embeddable":true,"href":"https:\/\/www.europesays.com\/fr\/wp-json\/wp\/v2\/tags?post=559146"}],"curies":[{"name":"wp","href":"https:\/\/api.w.org\/{rel}","templated":true}]}}