{"id":559148,"date":"2025-11-26T04:32:31","date_gmt":"2025-11-26T04:32:31","guid":{"rendered":"https:\/\/www.europesays.com\/fr\/559148\/"},"modified":"2025-11-26T04:32:31","modified_gmt":"2025-11-26T04:32:31","slug":"meryem-benoua-a-fontaine-2026","status":"publish","type":"post","link":"https:\/\/www.europesays.com\/fr\/559148\/","title":{"rendered":"Meryem Benoua \u00e0 Fontaine 2026"},"content":{"rendered":"<p class=\"intro\">L&rsquo;humoriste franco-marocaine Meryem Benoua investit la sc\u00e8ne de La Source \u00e0 Fontaine avec son spectacle\u00a0\u00ab\u00a0Reflet\u00a0\u00bb le vendredi 2 octobre 2026 \u00e0 20h. Cette artiste au style singulier, reconnue pour son \u00e9nergie brute et son humour sans filtre, promet une soir\u00e9e riche en surprises et en \u00e9clats de rire. Ne vous fiez pas \u00e0 son sourire d\u00e9sarmant, Meryem Benoua saura vous \u00e9tonner par sa th\u00e9\u00e2tralit\u00e9 p\u00e9tillante et ses observations acerbes sur le quotidien. Les billets sont disponibles \u00e0 partir de 35 euros.<\/p>\n<p>\u00c0 Fontaine, Meryem Benoua investit la sc\u00e8ne de La Source avec\u00a0\u00ab\u00a0Reflet\u00a0\u00bb<\/p>\n<p>Ce spectacle d\u00e9voile une artiste <strong>th\u00e9\u00e2trale et p\u00e9tillante<\/strong> qui n&rsquo;h\u00e9site pas \u00e0 bousculer les codes avec son humour d\u00e9cal\u00e9. Meryem Benoua aborde sans d\u00e9tour les clich\u00e9s culturels, les dynamiques familiales et les absurdit\u00e9s du quotidien, puisant dans son exp\u00e9rience franco-marocaine pour cr\u00e9er un univers unique sur sc\u00e8ne.<\/p>\n<p><img decoding=\"async\" loading=\"lazy\" src=\"https:\/\/www.europesays.com\/fr\/wp-content\/uploads\/2025\/11\/meryem-benoua-tickets_325956_2822498_222x222.jpg\" alt=\"Meryem Benoua, Reflet - Tourn\u00e9e\" class=\"border\"\/><\/p>\n<p>L&rsquo;humoriste propose un <strong>style sc\u00e9nique atypique<\/strong> qui m\u00e9lange spontan\u00e9it\u00e9 et tendresse, cr\u00e9ant une proximit\u00e9 authentique avec le public. En Is\u00e8re, les amateurs de <a href=\"https:\/\/www.jds.fr\/grenoble\/agenda\/sorties-culturelles-spectacles-expositions-cinema-470_B\" target=\"_blank\" rel=\"noopener\">spectacles d&rsquo;humour \u00e0 Grenoble<\/a> d\u00e9couvriront une artiste qui s&rsquo;affranchit compl\u00e8tement des apparences pour livrer un show sinc\u00e8re et percutant.<\/p>\n<p>Billetterie pour Meryem Benoua\u00a0\u00ab\u00a0Reflet\u00a0\u00bb \u00e0 La Source<\/p>\n<p><a class=\"btn btn-lg shadow-lg btn-primary rounded-pill fnac_link\" data-fnac=\"in_article\" href=\"https:\/\/www.awin1.com\/pclick.php?p=43283754124&amp;a=634278&amp;m=12494&amp;clickref=in_article-A-desktop\" target=\"_blank\" rel=\"nofollow noopener\"> Acheter des billets<\/a><\/p>\n<p>\u00c0 La Source, cette humoriste reconnue pour son talent brut et sa spontan\u00e9it\u00e9 propose une soir\u00e9e inoubliable. Les <strong>billets<\/strong> sont propos\u00e9s au <strong>prix<\/strong> de <strong>35 euros<\/strong> minimum, permettant au public de d\u00e9couvrir cette artiste rep\u00e9r\u00e9e par Djamel Debbouze. Il est conseill\u00e9 de <strong>r\u00e9server<\/strong> rapidement pour ne pas manquer cette performance unique. Retrouvez \u00e9galement <a href=\"https:\/\/www.jds.fr\/artistes\/meryem-benoua-10222_N\" target=\"_blank\" rel=\"noopener\">tous les spectacles de Meryem Benoua<\/a> programm\u00e9s dans la r\u00e9gion.<\/p>\n<p>Le parcours artistique de Meryem Benoua<\/p>\n<p>N\u00e9e en 1994 \u00e0 Casablanca d&rsquo;un p\u00e8re franco-russe et d&rsquo;une m\u00e8re marocaine, <strong>Meryem Benoua<\/strong> s&rsquo;installe \u00e0 Lyon \u00e0 l&rsquo;\u00e2ge de 10 ans. Cette exp\u00e9rience multiculturelle nourrit son univers humoristique unique, m\u00ealant influences fran\u00e7aises et marocaines dans ses cr\u00e9ations sc\u00e9niques.<\/p>\n<p>Son talent a \u00e9t\u00e9 rapidement rep\u00e9r\u00e9 par <strong>Djamel Debbouze<\/strong>, qui l&rsquo;int\u00e8gre au Jamel Comedy Club, tremplin reconnu pour les nouveaux talents. Cette reconnaissance lui permet de d\u00e9velopper sa notori\u00e9t\u00e9 et d&rsquo;affirmer son <strong>style sc\u00e9nique singulier<\/strong> dans le paysage humoristique fran\u00e7ais, caract\u00e9ris\u00e9 par une \u00e9nergie brute et un regard aff\u00fbt\u00e9 sur les r\u00e9alit\u00e9s contemporaines.<\/p>\n<p>Comment se rendre \u00e0 La Source Fontaine\u00a0?<\/p>\n<p>Pour rejoindre <a href=\"https:\/\/www.jds.fr\/grenoble\/fontaine\/sortir-en-boite\/la-source-16660_L\" target=\"_blank\" rel=\"noopener\">La Source \u00e0 Fontaine<\/a> en voiture, prenez l&rsquo;<strong>autoroute A480<\/strong> et sortez \u00e0 Fontaine centre. Depuis le centre de Grenoble, comptez environ <strong>15 \u00e0 20 minutes<\/strong> de trajet. Un parking de l&rsquo;H\u00f4tel de Ville est disponible \u00e0 proximit\u00e9 imm\u00e9diate du lieu, offrant un acc\u00e8s tr\u00e8s pratique.<\/p>\n<p>La solution la plus pratique reste le <strong>tramway ligne A<\/strong> avec la station\u00a0\u00ab\u00a0Fontaine H\u00f4tel de Ville\u00a0\u2013 La Source\u00a0\u00bb qui dessert directement le lieu. Le temps de trajet depuis le centre de Grenoble est d&rsquo;environ <strong>20-25 minutes<\/strong> sans changement. La Source dispose \u00e9galement d&rsquo;un <strong>acc\u00e8s PMR<\/strong> pour garantir un acc\u00e8s facilit\u00e9 \u00e0 tous les visiteurs.<\/p>\n<p class=\"mise_en_avant\">Notre conseil\u00a0: privil\u00e9giez le tramway ligne A pour un trajet direct et sans souci de stationnement.<\/p>\n","protected":false},"excerpt":{"rendered":"L&rsquo;humoriste franco-marocaine Meryem Benoua investit la sc\u00e8ne de La Source \u00e0 Fontaine avec son spectacle\u00a0\u00ab\u00a0Reflet\u00a0\u00bb le vendredi 2&hellip;\n","protected":false},"author":2,"featured_media":559149,"comment_status":"","ping_status":"","sticky":false,"template":"","format":"standard","meta":{"footnotes":""},"categories":[9566],"tags":[1111,11,2430,1777,674,1011,27,2731,12,25],"class_list":{"0":"post-559148","1":"post","2":"type-post","3":"status-publish","4":"format-standard","5":"has-post-thumbnail","7":"category-grenoble","8":"tag-actu","9":"tag-actualites","10":"tag-auvergne-rhone-alpes","11":"tag-eu","12":"tag-europe","13":"tag-fr","14":"tag-france","15":"tag-grenoble","16":"tag-news","17":"tag-republique-francaise"},"share_on_mastodon":{"url":"https:\/\/pubeurope.com\/@fr\/115614132032763743","error":""},"_links":{"self":[{"href":"https:\/\/www.europesays.com\/fr\/wp-json\/wp\/v2\/posts\/559148","targetHints":{"allow":["GET"]}}],"collection":[{"href":"https:\/\/www.europesays.com\/fr\/wp-json\/wp\/v2\/posts"}],"about":[{"href":"https:\/\/www.europesays.com\/fr\/wp-json\/wp\/v2\/types\/post"}],"author":[{"embeddable":true,"href":"https:\/\/www.europesays.com\/fr\/wp-json\/wp\/v2\/users\/2"}],"replies":[{"embeddable":true,"href":"https:\/\/www.europesays.com\/fr\/wp-json\/wp\/v2\/comments?post=559148"}],"version-history":[{"count":0,"href":"https:\/\/www.europesays.com\/fr\/wp-json\/wp\/v2\/posts\/559148\/revisions"}],"wp:featuredmedia":[{"embeddable":true,"href":"https:\/\/www.europesays.com\/fr\/wp-json\/wp\/v2\/media\/559149"}],"wp:attachment":[{"href":"https:\/\/www.europesays.com\/fr\/wp-json\/wp\/v2\/media?parent=559148"}],"wp:term":[{"taxonomy":"category","embeddable":true,"href":"https:\/\/www.europesays.com\/fr\/wp-json\/wp\/v2\/categories?post=559148"},{"taxonomy":"post_tag","embeddable":true,"href":"https:\/\/www.europesays.com\/fr\/wp-json\/wp\/v2\/tags?post=559148"}],"curies":[{"name":"wp","href":"https:\/\/api.w.org\/{rel}","templated":true}]}}