{"id":559156,"date":"2025-11-26T04:36:38","date_gmt":"2025-11-26T04:36:38","guid":{"rendered":"https:\/\/www.europesays.com\/fr\/559156\/"},"modified":"2025-11-26T04:36:38","modified_gmt":"2025-11-26T04:36:38","slug":"robinio-vaz-a-strasbourg-les-supporters-vont-hurler","status":"publish","type":"post","link":"https:\/\/www.europesays.com\/fr\/559156\/","title":{"rendered":"Robinio Vaz \u00e0 Strasbourg, les supporters vont hurler"},"content":{"rendered":"<p><b>P\u00e9pite de l&rsquo;OM et de la <a href=\"https:\/\/www.foot01.com\/ligue1\" title=\"Ligue 1\" target=\"_blank\" rel=\"noopener\">Ligue 1<\/a>, Robinio Vaz se fait d\u00e9j\u00e0 tr\u00e8s courtis\u00e9 en Europe. Son prix grimpe, mais un sc\u00e9nario gla\u00e7ant se dessine aussi pour son avenir. <\/b>Enorme promesse du club <a href=\"https:\/\/www.foot01.com\/marseille\" target=\"_self\" rel=\"noopener\">marseillais<\/a>, Robinio Vaz se fait un nom et un pr\u00e9nom \u00e0 l\u2019OM. Profitant des m\u00e9formes ou des absences, l\u2019ancien joueur du FC Sochaux se montre \u00e0 son avantage et fait fructifier les minutes mises \u00e0 sa disposition par Roberto De Zerbi. Le club phoc\u00e9en ne compte pas le griller, mais il est impossible de ne pas constater ses progr\u00e8s et sa confiance grandissante \u00e0 chaque match.<\/p>\n<p>Comme souvent avec les jeunes joueurs qui percent en Ligue 1 ailleurs qu\u2019au PSG, la crainte est de le voir rapidement faire ses valises avec un gros transfert. Selon le m\u00e9dia anglais Caughtoffside, Arsenal et Chelsea sont d\u00e9j\u00e0 sur les rangs en vue d\u2019un recrutement \u00e0 la fin de la saison, surtout si Vaz continue sur sa lanc\u00e9e et se met en \u00e9vidence en Ligue des Champions.<\/p>\n<p>Achet\u00e9 200.000 euros, revendu 20 ME ?<\/p>\n<p>Un premier montant est d\u00e9voil\u00e9, et il serait entre 20 et 30 millions d\u2019euros. Pas mal pour un joueur recrut\u00e9 pour 200.000 euros en provenance du Doubs \u00e0 l\u2019\u00e9t\u00e9 2024. La presse britannique l\u2019assure, c\u2019est Chelsea qui a pris les devants dans ce dossier, les Blues ayant bien l\u2019intention de ne pas laisser passer une p\u00e9pite du championnat de France, une comp\u00e9tition toujours tr\u00e8s appr\u00e9ci\u00e9 par les scouts londoniens.<\/p>\n<\/p>\n<p>Rien n\u2019indique que l\u2019OM sera vendeur, mais en cas de grosse offre, une arriv\u00e9e de Vaz d\u00e8s l\u2019\u00e9t\u00e9 prochain \u00e0 Stamford Bridge n\u2019est pas \u00e0 \u00e9carter. Et cela malgr\u00e9 l\u2019effectif pl\u00e9thorique de Chelsea en attaque. Comme souvent avec ses tr\u00e8s jeunes joueurs, et le natif de Mantes-la-Jolie n\u2019a que 18 ans, un pr\u00eat pourrait bien \u00eatre de mise. De l\u00e0 \u00e0 le voir rejoindre Strasbourg, club avec qui Chelsea a le plus \u00e9chang\u00e9 de joueurs depuis deux ans, il y a un pas que les supporters marseillais n\u2019aimeraient clairement pas voir. Strasbourg et Chelsea ont bien \u00e9videmment le m\u00eame actionnaire : BlueCo.<\/p>\n<p>Mais il n\u2019y a pas de sentiment dans le football business, et Vaz pourrait bien ne pas avoir le choix si ce sc\u00e9nario devait avoir lieu. D\u2019autant que les exemples sont nombreux de joueurs pr\u00eat\u00e9s par Chelsea \u00e0 Strasbourg (Sarr, Penders, Petrovic, Amougou, Chilwell, Paez) et qui ont parfois r\u00e9ussi \u00e0 ensuite gagner leur place chez les Blues apr\u00e8s ce passage presque oblig\u00e9.<\/p>\n<p><img decoding=\"async\" src=\"https:\/\/www.europesays.com\/fr\/wp-content\/uploads\/2025\/10\/37713942.png\" alt=\"R. Vaz\" class=\"w-16 h-16 object-cover rounded-full\"\/><\/p>\n<p>R. Vaz<\/p>\n<p><img decoding=\"async\" src=\"https:\/\/www.europesays.com\/fr\/wp-content\/uploads\/2025\/09\/fr.png\" alt=\"France\" class=\"w-6 h-4 object-cover\"\/>France \u2022 \u00c2ge 18 \u2022 Attaquant<\/p>\n","protected":false},"excerpt":{"rendered":"P\u00e9pite de l&rsquo;OM et de la Ligue 1, Robinio Vaz se fait d\u00e9j\u00e0 tr\u00e8s courtis\u00e9 en Europe. Son&hellip;\n","protected":false},"author":2,"featured_media":559157,"comment_status":"","ping_status":"","sticky":false,"template":"","format":"standard","meta":{"footnotes":""},"categories":[2820],"tags":[1111,11,8936,1777,674,1011,27,775,66,1434,12,149,25,640],"class_list":{"0":"post-559156","1":"post","2":"type-post","3":"status-publish","4":"format-standard","5":"has-post-thumbnail","7":"category-strasbourg","8":"tag-actu","9":"tag-actualites","10":"tag-breaking-news","11":"tag-eu","12":"tag-europe","13":"tag-fr","14":"tag-france","15":"tag-grand-est","16":"tag-ligue-1","17":"tag-mercato","18":"tag-news","19":"tag-om","20":"tag-republique-francaise","21":"tag-strasbourg"},"share_on_mastodon":{"url":"https:\/\/pubeurope.com\/@fr\/115614147528170451","error":""},"_links":{"self":[{"href":"https:\/\/www.europesays.com\/fr\/wp-json\/wp\/v2\/posts\/559156","targetHints":{"allow":["GET"]}}],"collection":[{"href":"https:\/\/www.europesays.com\/fr\/wp-json\/wp\/v2\/posts"}],"about":[{"href":"https:\/\/www.europesays.com\/fr\/wp-json\/wp\/v2\/types\/post"}],"author":[{"embeddable":true,"href":"https:\/\/www.europesays.com\/fr\/wp-json\/wp\/v2\/users\/2"}],"replies":[{"embeddable":true,"href":"https:\/\/www.europesays.com\/fr\/wp-json\/wp\/v2\/comments?post=559156"}],"version-history":[{"count":0,"href":"https:\/\/www.europesays.com\/fr\/wp-json\/wp\/v2\/posts\/559156\/revisions"}],"wp:featuredmedia":[{"embeddable":true,"href":"https:\/\/www.europesays.com\/fr\/wp-json\/wp\/v2\/media\/559157"}],"wp:attachment":[{"href":"https:\/\/www.europesays.com\/fr\/wp-json\/wp\/v2\/media?parent=559156"}],"wp:term":[{"taxonomy":"category","embeddable":true,"href":"https:\/\/www.europesays.com\/fr\/wp-json\/wp\/v2\/categories?post=559156"},{"taxonomy":"post_tag","embeddable":true,"href":"https:\/\/www.europesays.com\/fr\/wp-json\/wp\/v2\/tags?post=559156"}],"curies":[{"name":"wp","href":"https:\/\/api.w.org\/{rel}","templated":true}]}}