{"id":559158,"date":"2025-11-26T04:37:12","date_gmt":"2025-11-26T04:37:12","guid":{"rendered":"https:\/\/www.europesays.com\/fr\/559158\/"},"modified":"2025-11-26T04:37:12","modified_gmt":"2025-11-26T04:37:12","slug":"le-coup-de-feu-pourrait-etre-accidentel-sur-fond-dalcoolemie","status":"publish","type":"post","link":"https:\/\/www.europesays.com\/fr\/559158\/","title":{"rendered":"le coup de feu pourrait \u00eatre accidentel, sur fond d\u2019alcool\u00e9mie"},"content":{"rendered":"<p class=\"fs-5 \">Le coup de feu pourrait finalement \u00eatre accidentel. Ce dimanche, vers 19 heures, un appel radio sur les ondes de la police faisait \u00e9tat d\u2019un bless\u00e9 par balles \u00e0 Nice.<\/p>\n<p class=\"fs-5 \">Police municipale et nationale se d\u00e9pla\u00e7aient derechef place Grimaldi, \u00e0 l\u2019angle de la rue de la Buffa. Sur place, ils d\u00e9couvraient un bless\u00e9 par arme \u00e0 feu \u00e0 la t\u00eate.<\/p>\n<p class=\"fs-5 \">Lors de la fouille du secteur, une arme de poing calibre 22LR, une munition percut\u00e9e calibre 22 LR et une munition non percut\u00e9e \u00e9taient d\u00e9couvertes \u00e0 proximit\u00e9.<\/p>\n<p class=\"fs-5 \">Le procureur de la R\u00e9publique de Nice, Damien Martinelli rappelle que cinq personnes, susceptibles d\u2019\u00eatre impliqu\u00e9es, n\u00e9es entre 1974 et 1988, deux de nationalit\u00e9 fran\u00e7aise, deux de nationalit\u00e9 polonaise et une de nationalit\u00e9 marocaine, \u00e9taient alors interpell\u00e9es.<\/p>\n<p class=\"fs-5 \">Tous \u00e9taient alcoolis\u00e9s, selon le parquet. Une enqu\u00eate \u00e9tait ouverte du chef de tentative d\u2019homicide et confi\u00e9e au Service local de police judiciaire de Nice.<\/p>\n<p class=\"fs-5 \">Les investigations et notamment l\u2019exploitation d\u2019images de vid\u00e9oprotection ont permis d\u2019y voir plus clair.<\/p>\n<p class=\"fs-5 \">Les policiers ont ainsi constat\u00e9 qu\u2019un des membres du groupe \u00ab\u00e9tait assis lorsqu\u2019il fouillait dans un sac pour en sortir une arme de poing. Cette action intervenait sans contexte de violence ou dispute, manifestement pour regarder et manipuler l\u2019arme. Alors qu\u2019il avait l\u2019arme en main, un coup de feu partait atteignant la victime alors pr\u00e9sente \u00e0 ses c\u00f4t\u00e9s \u00bb.<\/p>\n<p class=\"fs-5 \">Selon le procureur, un des participants cherchait ensuite \u00e0 dissimuler l\u2019arme finalement rapidement retrouv\u00e9e.<\/p>\n<p class=\"fs-5 \">Dans le cadre de ses auditions, le principal mis en cause a reconnu le tir, en indiquant qu\u2019il \u00e9tait accidentel. Selon lui, l\u2019arme provenait d\u2019un cambriolage qu\u2019il avait r\u00e9alis\u00e9 avec la victime.<\/p>\n<p class=\"fs-5 \">Selon Damien Martinelli, le pronostic vital de la victime reste tr\u00e8s engag\u00e9. L\u2019homme bless\u00e9 est n\u00e9 en 1989, il est de nationalit\u00e9 polonaise.<\/p>\n<p class=\"fs-5 \">Le mis en cause, jamais condamn\u00e9, n\u00e9 en 1974 en Pologne, a \u00e9t\u00e9 d\u00e9f\u00e9r\u00e9 ce mardi apr\u00e8s-midi dans le cadre de l\u2019ouverture d\u2019une information judiciaire des chefs de \u00abblessures involontaires aggrav\u00e9es, transport et d\u00e9tention illicite d\u2019arme de cat\u00e9gorie B et vols aggrav\u00e9s \u00bb.<\/p>\n<p class=\"fs-5 \">Des r\u00e9quisitions de placement en d\u00e9tention provisoire ont \u00e9t\u00e9 prises.<\/p>\n","protected":false},"excerpt":{"rendered":"Le coup de feu pourrait finalement \u00eatre accidentel. Ce dimanche, vers 19 heures, un appel radio sur les&hellip;\n","protected":false},"author":2,"featured_media":491642,"comment_status":"","ping_status":"","sticky":false,"template":"","format":"standard","meta":{"footnotes":""},"categories":[2819],"tags":[1111,11,1777,674,1011,27,12,2401,882,25],"class_list":{"0":"post-559158","1":"post","2":"type-post","3":"status-publish","4":"format-standard","5":"has-post-thumbnail","7":"category-nice","8":"tag-actu","9":"tag-actualites","10":"tag-eu","11":"tag-europe","12":"tag-fr","13":"tag-france","14":"tag-news","15":"tag-nice","16":"tag-provence-alpes-cote-dazur","17":"tag-republique-francaise"},"share_on_mastodon":{"url":"https:\/\/pubeurope.com\/@fr\/115614151106755275","error":""},"_links":{"self":[{"href":"https:\/\/www.europesays.com\/fr\/wp-json\/wp\/v2\/posts\/559158","targetHints":{"allow":["GET"]}}],"collection":[{"href":"https:\/\/www.europesays.com\/fr\/wp-json\/wp\/v2\/posts"}],"about":[{"href":"https:\/\/www.europesays.com\/fr\/wp-json\/wp\/v2\/types\/post"}],"author":[{"embeddable":true,"href":"https:\/\/www.europesays.com\/fr\/wp-json\/wp\/v2\/users\/2"}],"replies":[{"embeddable":true,"href":"https:\/\/www.europesays.com\/fr\/wp-json\/wp\/v2\/comments?post=559158"}],"version-history":[{"count":0,"href":"https:\/\/www.europesays.com\/fr\/wp-json\/wp\/v2\/posts\/559158\/revisions"}],"wp:featuredmedia":[{"embeddable":true,"href":"https:\/\/www.europesays.com\/fr\/wp-json\/wp\/v2\/media\/491642"}],"wp:attachment":[{"href":"https:\/\/www.europesays.com\/fr\/wp-json\/wp\/v2\/media?parent=559158"}],"wp:term":[{"taxonomy":"category","embeddable":true,"href":"https:\/\/www.europesays.com\/fr\/wp-json\/wp\/v2\/categories?post=559158"},{"taxonomy":"post_tag","embeddable":true,"href":"https:\/\/www.europesays.com\/fr\/wp-json\/wp\/v2\/tags?post=559158"}],"curies":[{"name":"wp","href":"https:\/\/api.w.org\/{rel}","templated":true}]}}