{"id":559159,"date":"2025-11-26T04:38:14","date_gmt":"2025-11-26T04:38:14","guid":{"rendered":"https:\/\/www.europesays.com\/fr\/559159\/"},"modified":"2025-11-26T04:38:14","modified_gmt":"2025-11-26T04:38:14","slug":"nice-mama-shelter-nice-vous-invite-a-plonger-dans-lambiance-joyeuse-et-chaleureuse-de-noel","status":"publish","type":"post","link":"https:\/\/www.europesays.com\/fr\/559159\/","title":{"rendered":"NICE : Mama Shelter Nice vous invite \u00e0 plonger dans l\u2019ambiance joyeuse et chaleureuse de No\u00ebl"},"content":{"rendered":"<p style=\"text-align: left;\"><strong>Cette ann\u00e9e encore, Mama Shelter Nice replonge dans la magie des f\u00eates avec son univers f\u00e9erique \u201cMama Claus : Into the Woods\u201d du 5 d\u00e9cembre 2025 au 2 janvier 2026.<\/strong><\/p>\n<p style=\"text-align: left;\">Un voyage au c\u0153ur d\u2019 une for\u00eat de champignons magiques, version Mama : lumi\u00e8res tamis\u00e9es, tables g\u00e9n\u00e9reuses, rires d\u2019enfants, playlists endiabl\u00e9es, et cette chaleur unique qui fait de chaque adresse un repaire festif o\u00f9 tout le monde se sent chez soi. Entre d\u00eeners r\u00e9confortants, brunchs XXL, clubs d\u2019hiver fa\u00e7on montagne et f\u00eates survolt\u00e9es, Mama c\u00e9l\u00e8bre la saison la plus joyeuse de l\u2019ann\u00e9e avec son grain de folie bien \u00e0 elle. Enfin, pour faire patienter petits et grands jusqu \u2019\u00e0 No\u00ebl, Mama Shelter d\u00e9voilera son calendrier de l\u2019Avent tout au long du mois de d\u00e9cembre sur le compte instagram : @mamashelter<\/p>\n<p style=\"text-align: left;\"><strong>LE RETOUR DE LA MAGIE VERSION MAMA<\/strong><\/p>\n<p style=\"text-align: left;\">Chez Mama Shelter, pas besoin d\u2019attendre le P\u00e8re No\u00ebl pour s\u2019amuser. Les h\u00f4tels se transforment en for\u00eat enchant\u00e9e o\u00f9 se m\u00ealent senteurs bois\u00e9es, guirlandes lumineuses et convivialit\u00e9 \u00e0 toute heure.<\/p>\n<p style=\"text-align: left;\">Au menu :<\/p>\n<p style=\"text-align: left;\">Un March\u00e9 de No\u00ebl : un apr\u00e8s-midi pour fl\u00e2ner, d\u00e9guster, d\u00e9couvrir et se laisser surprendre par une s\u00e9lection festive et r\u00e9confortante, le 14 D\u00e9cembre 2025.<\/p>\n<p style=\"text-align: left;\">Un brunch de No\u00ebl tous les samedis et dimanches ainsi que des brunchs festifs les 25 , 28 et 29 D\u00e9cembre 2025 avec des buffets g\u00e9n\u00e9reux, des plats r\u00e9confortants et l\u2019esprit de No\u00ebl qui s\u2019invite \u00e0 table !<\/p>\n<p style=\"text-align: left;\">Un D\u00eener de No\u00ebl \u00e0 partager en famille ou entre amis, pour vivre un moment chaleureux et gourmand le 24 D\u00e9cembre 2025.<\/p>\n<p style=\"text-align: left;\"><strong>MAMA DRAGS YOU INTO THE WOODS !<\/strong><\/p>\n<p style=\"text-align: left;\">Le dimanche 07 d\u00e9cembre 2025, Mama Shelter se transforme en un v\u00e9ritable winter wonderland, entre lumi\u00e8res scintillantes et ambiance festive fa\u00e7on Mama. La soir\u00e9e mettra \u00e0 l\u2019honneur les performances de Ginger Bitch et Miss Tik, accompagn\u00e9es d\u2019 un DJ set pour faire danser les invit\u00e9s jusqu \u2019au bout de la nuit. Mama convie chacun \u00e0 sortir son look le plus \u00e9tincelant : une nuit o\u00f9 l\u2019hiver rencontre le fabuleux, et o\u00f9 la magie op\u00e8re du premier au dernier moment.<\/p>\n<p style=\"text-align: left;\"><strong>LA FLASHBACK PARTY : DE 1960 \u00c0 2026, UNE NUIT DE PUR PLAISIR<\/strong><\/p>\n<p style=\"text-align: left;\">Le 31 d\u00e9cembre, Mama sort les paillettes et remonte le temps ! La Flashback Party fait danser les convives \u00e0 travers les d\u00e9cennies, avec chaque heure une nouvelle ambiance musicale : 60\u2019s, 80\u2019s, 2000\u2019s\u2026 jusqu \u2019\u00e0 aujourd\u2019hui. Au programme : DJ sets, shows live, tenues vintage, Glitter Bar, Photobooth souvenir, et m\u00eame un miroir \u00e0 souhaits pour formuler ses v\u0153ux les plus fous avant le compte \u00e0 rebours final.<\/p>\n<p style=\"text-align: left;\"><strong>LE LENDEMAIN, ON PROLONGE LA F\u00caTE : LE BRUNCH DU 1er JANVIER<\/strong><\/p>\n<p style=\"text-align: left;\">\u00a0Apr\u00e8s avoir dans\u00e9 jusqu \u2019au bout de la nuit, place au r\u00e9confort : le Brunch du Nouvel An accueille les convives autour d\u2019 un buffet g\u00e9n\u00e9reux, de champagne et de musique ! Un moment parfait pour d\u00e9buter 2026 dans la convivialit\u00e9 et la bonne humeur.<\/p>\n<p style=\"text-align: left;\"><strong>LES BOUM DE LA MAMA : NO\u00cbL ET R\u00c9VEILLON VERSION MINI-MAMA<\/strong><\/p>\n<p style=\"text-align: left;\">\u00a0Chez Mama, la f\u00eate, c\u2019est pour tout le monde\u2026 m\u00eame pour les mini-Mamas ! Le 20 d\u00e9cembre 2025, la Boum de la Mama va faire briller les yeux des plus jeunes. Musique, rires, gourmandises et cr\u00e9ativit\u00e9 sont au rendez-vous : ateliers, jeux, danse et surprises autour de la magie de No\u00ebl. Un vrai moment de libert\u00e9 et de partage, pendant que les grands savourent leur brunch ou trinquent entre amis.<\/p>\n<p style=\"text-align: left;\"><strong>L\u2019OFFRE \u201cMAMA CLAUS\u201d : DORMIR, R\u00caVER, PROFITER<\/strong><\/p>\n<p style=\"text-align: left;\">\u00a0Pour prolonger la f\u00e9\u00e9rie, Mama propose une offre sp\u00e9ciale Mama Claus comprenant la chambre, le petit-d\u00e9jeuner et un late check-out \u00e0 14h. Une invitation \u00e0 vivre pleinement la saison, \u00e0 son rythme, et \u00e0 profiter des brunchs, animations et repas de f\u00eate sans se presser. Chez Mama, on prend le temps de savourer chaque moment\u2026 ensemble, \u00e9videmment.<\/p>\n","protected":false},"excerpt":{"rendered":"Cette ann\u00e9e encore, Mama Shelter Nice replonge dans la magie des f\u00eates avec son univers f\u00e9erique \u201cMama Claus&hellip;\n","protected":false},"author":2,"featured_media":559160,"comment_status":"","ping_status":"","sticky":false,"template":"","format":"standard","meta":{"footnotes":""},"categories":[2819],"tags":[1111,11,1777,674,1011,27,12,2401,882,25],"class_list":{"0":"post-559159","1":"post","2":"type-post","3":"status-publish","4":"format-standard","5":"has-post-thumbnail","7":"category-nice","8":"tag-actu","9":"tag-actualites","10":"tag-eu","11":"tag-europe","12":"tag-fr","13":"tag-france","14":"tag-news","15":"tag-nice","16":"tag-provence-alpes-cote-dazur","17":"tag-republique-francaise"},"share_on_mastodon":{"url":"https:\/\/pubeurope.com\/@fr\/115614155072774990","error":""},"_links":{"self":[{"href":"https:\/\/www.europesays.com\/fr\/wp-json\/wp\/v2\/posts\/559159","targetHints":{"allow":["GET"]}}],"collection":[{"href":"https:\/\/www.europesays.com\/fr\/wp-json\/wp\/v2\/posts"}],"about":[{"href":"https:\/\/www.europesays.com\/fr\/wp-json\/wp\/v2\/types\/post"}],"author":[{"embeddable":true,"href":"https:\/\/www.europesays.com\/fr\/wp-json\/wp\/v2\/users\/2"}],"replies":[{"embeddable":true,"href":"https:\/\/www.europesays.com\/fr\/wp-json\/wp\/v2\/comments?post=559159"}],"version-history":[{"count":0,"href":"https:\/\/www.europesays.com\/fr\/wp-json\/wp\/v2\/posts\/559159\/revisions"}],"wp:featuredmedia":[{"embeddable":true,"href":"https:\/\/www.europesays.com\/fr\/wp-json\/wp\/v2\/media\/559160"}],"wp:attachment":[{"href":"https:\/\/www.europesays.com\/fr\/wp-json\/wp\/v2\/media?parent=559159"}],"wp:term":[{"taxonomy":"category","embeddable":true,"href":"https:\/\/www.europesays.com\/fr\/wp-json\/wp\/v2\/categories?post=559159"},{"taxonomy":"post_tag","embeddable":true,"href":"https:\/\/www.europesays.com\/fr\/wp-json\/wp\/v2\/tags?post=559159"}],"curies":[{"name":"wp","href":"https:\/\/api.w.org\/{rel}","templated":true}]}}