{"id":559165,"date":"2025-11-26T04:41:27","date_gmt":"2025-11-26T04:41:27","guid":{"rendered":"https:\/\/www.europesays.com\/fr\/559165\/"},"modified":"2025-11-26T04:41:27","modified_gmt":"2025-11-26T04:41:27","slug":"bordeaux-quel-programme-pour-les-fetes-de-fin-dannee","status":"publish","type":"post","link":"https:\/\/www.europesays.com\/fr\/559165\/","title":{"rendered":"Bordeaux : quel programme pour les f\u00eates de fin d&rsquo;ann\u00e9e ?"},"content":{"rendered":"\n<p data-start=\"223\" data-end=\"523\"><strong data-start=\"223\" data-end=\"238\">It&rsquo;s Time !<\/strong><br data-start=\"238\" data-end=\"241\"\/>Les <strong data-start=\"245\" data-end=\"280\">f\u00eates de fin d&rsquo;ann\u00e9e \u00e0 Bordeaux<\/strong> arrivent \u00e0 grands pas. Comme chaque ann\u00e9e, la ville va se parer de ses plus belles <strong data-start=\"364\" data-end=\"389\">illuminations de No\u00ebl<\/strong> pour offrir une ambiance f\u00e9\u00e9rique aux Bordelais et aux visiteurs. Voici le programme complet des illuminations et animations pr\u00e9vues.<\/p>\n<p data-start=\"223\" data-end=\"523\">\u00a0<\/p>\n<p>Bordeaux illumin\u00e9e d\u00e8s le 28 novembre<\/p>\n<p data-start=\"567\" data-end=\"1006\">En parall\u00e8le de l\u2019ouverture du <strong data-start=\"598\" data-end=\"628\">march\u00e9 de No\u00ebl de Bordeaux<\/strong>, place des Quinconces, la ville sera enti\u00e8rement illumin\u00e9e : places, rues commer\u00e7antes, cours principaux. Ces <strong data-start=\"739\" data-end=\"766\">illuminations 100 % LED<\/strong> resteront visibles jusqu\u2019au <strong data-start=\"795\" data-end=\"813\">4 janvier 2026<\/strong>.<br data-start=\"814\" data-end=\"817\"\/>Elles seront officiellement inaugur\u00e9es le <strong data-start=\"859\" data-end=\"880\">samedi 6 d\u00e9cembre<\/strong>, avec l\u2019illumination du <strong data-start=\"905\" data-end=\"923\">sapin de verre<\/strong> install\u00e9 sur la place Pey-Berland, l\u2019un des incontournables des f\u00eates bordelaises.<\/p>\n<p data-start=\"1008\" data-end=\"1169\">Les festivit\u00e9s d\u00e9buteront d\u00e8s <strong data-start=\"1038\" data-end=\"1046\">18 h<\/strong> avec une performance du <strong data-start=\"1071\" data-end=\"1091\">Ch\u0153ur de J.A.V.A<\/strong>, accompagn\u00e9e de l\u2019illumination de la fa\u00e7ade du <strong data-start=\"1139\" data-end=\"1168\">Grand-Th\u00e9\u00e2tre de Bordeaux<\/strong>.<\/p>\n<p data-start=\"1171\" data-end=\"1555\">De <strong data-start=\"1174\" data-end=\"1192\">18 h 30 \u00e0 19 h<\/strong>, une <strong data-start=\"1198\" data-end=\"1223\">d\u00e9ambulation musicale<\/strong> anim\u00e9e par la Banda Los T\u00e9oporos traversera le c\u0153ur de Bordeaux, de la place de la Com\u00e9die \u00e0 la place Pey-Berland en passant par le cours de l\u2019Intendance.<br data-start=\"1378\" data-end=\"1381\"\/>La parade se terminera avec l\u2019allumage du Sapin de Verre, suivi d\u2019un <strong data-start=\"1450\" data-end=\"1470\">moment convivial<\/strong> offert par la Ville de Bordeaux : chocolats chauds, vins chauds et petites douceurs.<\/p>\n<p data-start=\"1557\" data-end=\"1769\">\u00c0 <strong data-start=\"1559\" data-end=\"1570\">19 h 30<\/strong>, le public pourra assister au lancement du <strong data-start=\"1614\" data-end=\"1644\">spectacle de mapping vid\u00e9o<\/strong> projet\u00e9 sur la fa\u00e7ade ouest de la <strong data-start=\"1679\" data-end=\"1705\">cath\u00e9drale Saint-Andr\u00e9<\/strong>, un rendez-vous tr\u00e8s attendu des animations de No\u00ebl \u00e0 Bordeaux.<\/p>\n<p data-start=\"1557\" data-end=\"1769\">\u00a0<\/p>\n<p>Deux monuments class\u00e9s \u00e0 l\u2019UNESCO sublim\u00e9s par des projections lumineuses<\/p>\n<p data-start=\"1849\" data-end=\"1964\">Deux <strong data-start=\"1854\" data-end=\"1877\">spectacles lumineux<\/strong> mettront en valeur les monuments bordelais class\u00e9s au patrimoine mondial de l\u2019UNESCO :<\/p>\n<ul data-start=\"1966\" data-end=\"2369\">\n<li data-start=\"1966\" data-end=\"2151\">\n<p data-start=\"1968\" data-end=\"2151\"><strong data-start=\"1968\" data-end=\"1997\">Grand-Th\u00e9\u00e2tre de Bordeaux<\/strong> : projection de la compagnie Limelight, visible du <strong data-start=\"2049\" data-end=\"2086\">6 d\u00e9cembre 2025 au 4 janvier 2026<\/strong>, tous les soirs de <strong data-start=\"2106\" data-end=\"2126\">17 h 30 \u00e0 minuit<\/strong> (place de la Com\u00e9die).<\/p>\n<\/li>\n<li data-start=\"2152\" data-end=\"2369\">\n<p data-start=\"2154\" data-end=\"2369\"><strong data-start=\"2154\" data-end=\"2180\">Cath\u00e9drale Saint-Andr\u00e9<\/strong> : mapping anim\u00e9 sp\u00e9cialement con\u00e7u pour les enfants, visible les vendredis, samedis et dimanches <strong data-start=\"2278\" data-end=\"2314\">6, 12, 13, 19, 20 et 21 d\u00e9cembre<\/strong>, de <strong data-start=\"2319\" data-end=\"2334\">18 h \u00e0 22 h<\/strong> (fa\u00e7ade ouest, place Pey-Berland).<\/p>\n<\/li>\n<\/ul>\n","protected":false},"excerpt":{"rendered":"It&rsquo;s Time !Les f\u00eates de fin d&rsquo;ann\u00e9e \u00e0 Bordeaux arrivent \u00e0 grands pas. Comme chaque ann\u00e9e, la ville&hellip;\n","protected":false},"author":2,"featured_media":559166,"comment_status":"","ping_status":"","sticky":false,"template":"","format":"standard","meta":{"footnotes":""},"categories":[2817],"tags":[1111,11,1997,64288,1777,674,51543,1011,27,19845,55985,34991,12,15830,2219,67635,19914,67634,25,67636,17076],"class_list":{"0":"post-559165","1":"post","2":"type-post","3":"status-publish","4":"format-standard","5":"has-post-thumbnail","7":"category-bordeaux","8":"tag-actu","9":"tag-actualites","10":"tag-bordeaux","11":"tag-cathedrale-saint-andre","12":"tag-eu","13":"tag-europe","14":"tag-fetes-de-fin-dannee","15":"tag-fr","16":"tag-france","17":"tag-grand-theatre","18":"tag-illuminations","19":"tag-mapping","20":"tag-news","21":"tag-noel","22":"tag-nouvelle-aquitaine","23":"tag-pey-berland","24":"tag-projections","25":"tag-projections-video","26":"tag-republique-francaise","27":"tag-sapin-de-verre","28":"tag-ville-de-bordeaux"},"share_on_mastodon":{"url":"https:\/\/pubeurope.com\/@fr\/115614166820627281","error":""},"_links":{"self":[{"href":"https:\/\/www.europesays.com\/fr\/wp-json\/wp\/v2\/posts\/559165","targetHints":{"allow":["GET"]}}],"collection":[{"href":"https:\/\/www.europesays.com\/fr\/wp-json\/wp\/v2\/posts"}],"about":[{"href":"https:\/\/www.europesays.com\/fr\/wp-json\/wp\/v2\/types\/post"}],"author":[{"embeddable":true,"href":"https:\/\/www.europesays.com\/fr\/wp-json\/wp\/v2\/users\/2"}],"replies":[{"embeddable":true,"href":"https:\/\/www.europesays.com\/fr\/wp-json\/wp\/v2\/comments?post=559165"}],"version-history":[{"count":0,"href":"https:\/\/www.europesays.com\/fr\/wp-json\/wp\/v2\/posts\/559165\/revisions"}],"wp:featuredmedia":[{"embeddable":true,"href":"https:\/\/www.europesays.com\/fr\/wp-json\/wp\/v2\/media\/559166"}],"wp:attachment":[{"href":"https:\/\/www.europesays.com\/fr\/wp-json\/wp\/v2\/media?parent=559165"}],"wp:term":[{"taxonomy":"category","embeddable":true,"href":"https:\/\/www.europesays.com\/fr\/wp-json\/wp\/v2\/categories?post=559165"},{"taxonomy":"post_tag","embeddable":true,"href":"https:\/\/www.europesays.com\/fr\/wp-json\/wp\/v2\/tags?post=559165"}],"curies":[{"name":"wp","href":"https:\/\/api.w.org\/{rel}","templated":true}]}}