{"id":559167,"date":"2025-11-26T04:42:26","date_gmt":"2025-11-26T04:42:26","guid":{"rendered":"https:\/\/www.europesays.com\/fr\/559167\/"},"modified":"2025-11-26T04:42:26","modified_gmt":"2025-11-26T04:42:26","slug":"bordeaux-un-etudiant-de-17-ans-retrouve-mort-dans-la-cour-de-son-lycee-actualites","status":"publish","type":"post","link":"https:\/\/www.europesays.com\/fr\/559167\/","title":{"rendered":"Bordeaux : un \u00e9tudiant de 17 ans retrouv\u00e9 mort dans la cour de son lyc\u00e9e : Actualit\u00e9s"},"content":{"rendered":"<p class=\"lead \"><strong>Le lyc\u00e9e Montaigne de Bordeaux est endeuill\u00e9 par la mort d&rsquo;un de ses \u00e9l\u00e8ves dans l&rsquo;une de ses cours int\u00e9rieures dans la matin\u00e9e du mardi 25 novembre. Ce drame a imm\u00e9diatement d\u00e9clench\u00e9 l\u2019ouverture d\u2019une enqu\u00eate et la mise en place d\u2019un accompagnement psychologique.<\/strong><\/p>\n<p class=\"lead \">Le corps d&rsquo;un jeune homme de 17 ans a \u00e9t\u00e9 d\u00e9couvert dans l&rsquo;une des cours int\u00e9rieures du lyc\u00e9e Montaigne de Bordeaux le mardi 25 novembre. Cet \u00e9tudiant, \u00ab\u00a0en deuxi\u00e8me ann\u00e9e de classe pr\u00e9paratoire\u00a0\u00bb, a \u00e9t\u00e9 d\u00e9couvert par deux agents techniques de l\u2019\u00e9tablissement dans la matin\u00e9e \u00e0 6h40, comme le rapporte le procureur de la R\u00e9publique Renaud Gaudeul dans un communiqu\u00e9. Le corps se trouvait au sol, \u00e0 l\u2019aplomb d\u2019un b\u00e2timent.<\/p>\n<p class=\"lead \">Plusieurs pistes sont \u00e0 l&rsquo;\u00e9tude pour expliquer ce d\u00e9c\u00e8s brutal, notamment celle d&rsquo;un suicide ou d&rsquo;une chute accidentelle, comme le souligne <a href=\"https:\/\/www.bfmtv.com\/police-justice\/un-etudiant-de-17-ans-retrouve-mort-dans-la-cour-d-un-lycee-de-bordeaux_AN-202511250607.html\" target=\"_blank\" rel=\"noopener\">BFM TV<\/a>. \u00ab\u00a0Toutes les pr\u00e9cautions ont \u00e9t\u00e9 prises afin que les autres \u00e9l\u00e8ves de l\u2019\u00e9tablissement soient tenus \u00e9loign\u00e9s du lieu de la d\u00e9couverte du corps\u00a0\u00bb, pr\u00e9cise le procureur de la R\u00e9publique.<\/p>\n<p>                                                                                                Quelles mesures sont mises en place dans l&rsquo;enqu\u00eate et pour l&rsquo;accompagnement au lyc\u00e9e Montaigne ?<\/p>\n<p class=\"lead \">Une enqu\u00eate a \u00e9t\u00e9 ouverte et confi\u00e9e \u00e0 la division de la criminalit\u00e9 territoriale bordelaise. Les investigations sont men\u00e9es sous la direction du parquet pour d\u00e9terminer l\u2019origine du d\u00e9c\u00e8s. Le recteur de l&rsquo;acad\u00e9mie de Bordeaux, Jean-Marc Huart, exprime dans un communiqu\u00e9 \u00ab\u00a0sa profonde tristesse et sa vive \u00e9motion et pr\u00e9sente ses sinc\u00e8res condol\u00e9ances \u00e0 la famille et aux proches du jeune homme\u00a0\u00bb.<\/p>\n<p class=\"lead \">Une cellule de soutien psychologique ainsi que \u00ab\u00a0deux cellules d\u2019\u00e9coute ont \u00e9t\u00e9 imm\u00e9diatement mises en place dans l\u2019\u00e9tablissement, en lien avec la Cellule d\u2019Urgence M\u00e9dico-Psychologique (CUMP) : l\u2019une pour les professeurs et les personnels du lyc\u00e9e, l\u2019autre pour les \u00e9l\u00e8ves\u00a0\u00bb, d\u00e9clare le recteur, qui s&rsquo;est rendu sur les lieux du drame. Deux \u00e9quipes mobiles de s\u00e9curit\u00e9 sont aussi mobilis\u00e9es afin d\u2019accompagner les \u00e9quipes du lyc\u00e9e.<\/p>\n<p class=\"small font-weight-bold text-gray3 \"> publi\u00e9 le 25 novembre \u00e0 17h10, Axel Juin, 6Medias<\/p>\n<p>                             Partager<\/p>\n","protected":false},"excerpt":{"rendered":"Le lyc\u00e9e Montaigne de Bordeaux est endeuill\u00e9 par la mort d&rsquo;un de ses \u00e9l\u00e8ves dans l&rsquo;une de ses&hellip;\n","protected":false},"author":2,"featured_media":559168,"comment_status":"","ping_status":"","sticky":false,"template":"","format":"standard","meta":{"footnotes":""},"categories":[2817],"tags":[1111,11,1997,1777,674,1011,27,12,2219,25],"class_list":{"0":"post-559167","1":"post","2":"type-post","3":"status-publish","4":"format-standard","5":"has-post-thumbnail","7":"category-bordeaux","8":"tag-actu","9":"tag-actualites","10":"tag-bordeaux","11":"tag-eu","12":"tag-europe","13":"tag-fr","14":"tag-france","15":"tag-news","16":"tag-nouvelle-aquitaine","17":"tag-republique-francaise"},"share_on_mastodon":{"url":"https:\/\/pubeurope.com\/@fr\/115614170792611624","error":""},"_links":{"self":[{"href":"https:\/\/www.europesays.com\/fr\/wp-json\/wp\/v2\/posts\/559167","targetHints":{"allow":["GET"]}}],"collection":[{"href":"https:\/\/www.europesays.com\/fr\/wp-json\/wp\/v2\/posts"}],"about":[{"href":"https:\/\/www.europesays.com\/fr\/wp-json\/wp\/v2\/types\/post"}],"author":[{"embeddable":true,"href":"https:\/\/www.europesays.com\/fr\/wp-json\/wp\/v2\/users\/2"}],"replies":[{"embeddable":true,"href":"https:\/\/www.europesays.com\/fr\/wp-json\/wp\/v2\/comments?post=559167"}],"version-history":[{"count":0,"href":"https:\/\/www.europesays.com\/fr\/wp-json\/wp\/v2\/posts\/559167\/revisions"}],"wp:featuredmedia":[{"embeddable":true,"href":"https:\/\/www.europesays.com\/fr\/wp-json\/wp\/v2\/media\/559168"}],"wp:attachment":[{"href":"https:\/\/www.europesays.com\/fr\/wp-json\/wp\/v2\/media?parent=559167"}],"wp:term":[{"taxonomy":"category","embeddable":true,"href":"https:\/\/www.europesays.com\/fr\/wp-json\/wp\/v2\/categories?post=559167"},{"taxonomy":"post_tag","embeddable":true,"href":"https:\/\/www.europesays.com\/fr\/wp-json\/wp\/v2\/tags?post=559167"}],"curies":[{"name":"wp","href":"https:\/\/api.w.org\/{rel}","templated":true}]}}