{"id":559173,"date":"2025-11-26T04:46:12","date_gmt":"2025-11-26T04:46:12","guid":{"rendered":"https:\/\/www.europesays.com\/fr\/559173\/"},"modified":"2025-11-26T04:46:12","modified_gmt":"2025-11-26T04:46:12","slug":"rodez-une-belle-parenthese-pour-12-jeunes-aveyronnais-a-lille","status":"publish","type":"post","link":"https:\/\/www.europesays.com\/fr\/559173\/","title":{"rendered":"Rodez. Une belle parenth\u00e8se pour 12 jeunes Aveyronnais \u00e0 Lille"},"content":{"rendered":"<p>\n                                                                    l&rsquo;essentiel<br \/>\n                                                                L\u2019association Emilie-de-Rodat a \u00e9t\u00e9 s\u00e9lectionn\u00e9e pour participer au tournoi des d\u00e9fenseurs de l\u2019enfance organis\u00e9 par la Ligue de football professionnel \u00e0 Lille, au c\u0153ur du stade Pierre-Mauroy, sous les couleurs du T\u00e9f\u00e9c\u00e9.\n                            <\/p>\n<p>Un week-end dans la peau de footballeurs professionnels. C\u2019est en quelque sorte l\u2019exp\u00e9rience qu\u2019ont v\u00e9cue 12 jeunes Aveyronnais accompagn\u00e9s par la Maison d\u2019enfants \u00e0 caract\u00e8re social de l\u2019association Emilie-de-Rodat \u00e0 Lille. Sous l\u2019\u00e9gide de la Ligue de football professionnelle (LFP) et de la Convention nationale des associations de protection de l\u2019enfant (CNAPE), le comit\u00e9 aveyronnais a \u00e9t\u00e9 s\u00e9lectionn\u00e9 aux c\u00f4t\u00e9s de 17 autres structures du pays pour prendre part au tournoi des d\u00e9fenseurs de l\u2019enfance, organis\u00e9 les 15 et 16 novembre dans l\u2019antre du Losc, au stade Pierre-Mauroy.<\/p>\n<p>Le concept ? Chacune des associations s\u00e9lectionn\u00e9es repr\u00e9sente un club de Ligue 1 de leur r\u00e9gion lors d\u2019un tournoi r\u00e9unissant 216 jeunes. C\u2019est ainsi que six gar\u00e7ons et six filles \u00e2g\u00e9s de huit \u00e0 onze ans accompagn\u00e9s par quatre \u00e9ducateurs de l\u2019association Emilie-de-Rodat ont repr\u00e9sent\u00e9 le Toulouse football club. \u00ab\u00a0Ils ont v\u00e9cu de tr\u00e8s bons moments, assure Fabrice Pereira, directeur adjoint de la structure. C\u2019\u00e9tait comme un r\u00eave \u00e9veill\u00e9 pour eux !\u00a0\u00bb<\/p>\n<p>Apr\u00e8s un voyage en train mouvement\u00e9 jusqu\u2019\u00e0 Lille, les enfants \u00e9taient convi\u00e9s \u00e0 une visite de la ville, du Kipstadium, complexe d\u00e9di\u00e9 \u00e0 la pratique des sports collectifs ainsi que d\u2019une usine Decathlon, o\u00f9 ils ont re\u00e7u quelques ballons de football personnalis\u00e9s. Ce, avant le grand jour sur la pelouse du stade Pierre-Mauroy. Celui du tournoi o\u00f9 les Aveyronnais ont fi\u00e8rement port\u00e9 les couleurs du T\u00e9f\u00e9c\u00e9, se qualifiant pour la phase finale de l\u2019\u00e9v\u00e9nement. Pas de troph\u00e9e au bout cependant, mais un soulier d\u2019or pour l\u2019un des joueurs, meilleur buteur de la journ\u00e9e !<\/p>\n<p>Invit\u00e9s par le T\u00e9f\u00e9c\u00e9 pour un match de Ligue 1 au Stadium<\/p>\n<p>L\u2019occasion \u00e9galement de rencontrer plusieurs personnalit\u00e9s. Comme le journaliste Mohamed Bouhafsi, parrain de l\u2019\u00e9v\u00e9nement, des joueurs du Losc comme Ethan Mbapp\u00e9, le petit fr\u00e8re de Kylian, ou l\u2019influenceur Michou, tr\u00e8s populaire aupr\u00e8s des jeunes. \u00ab\u00a0\u00c7a redonne du sens \u00e0 ce que l\u2019on fait au quotidien. Cela permet de f\u00e9d\u00e9rer notre \u00e9quipe et c\u2019est hyper valorisant pour les enfants\u00a0\u00bb, loue Fabrice Pereira.<\/p>\n<p>Car tout n\u2019a pas \u00e9t\u00e9 de repos en amont de ce week-end. \u00ab\u00a0Depuis l\u2019arriv\u00e9e de mon directeur, Tristan Manier, on s\u2019est rapproch\u00e9s de la CNAPE\u00a0\u00bb, retrace l\u2019ancien joueur du Raf, jusqu\u2019\u00e0 obtenir une bonne nouvelle \u00e0 la rentr\u00e9e, la s\u00e9lection pour participer \u00e0 ce tournoi. Ce qui a depuis permis \u00e0 l\u2019association de tisser certains liens avec le T\u00e9f\u00e9c\u00e9. \u00ab\u00a0On a \u00e9t\u00e9 re\u00e7us une journ\u00e9e pour visiter le Stadium et toutes les installations du club. Les jeunes ont assist\u00e9 \u00e0 un entra\u00eenement des \u00e9quipes professionnelles et ont re\u00e7u tout un tas de maillots et de surv\u00eatements fournis par le club\u00a0\u00bb, remercie-t-il.<\/p>\n<p>De quoi offrir un beau moment \u00e0 des enfants au parcours de vie difficile. \u00ab\u00a0C\u2019est g\u00e9nial pour eux, \u00e7a leur permet de sortir de leur quotidien\u00a0\u00bb, explique Fabrice Pereira. Et cela n\u2019est pas fini ! Puisque d\u00e9but janvier, ceux-ci se rendront au Stadium, \u00e0 l\u2019invitation du T\u00e9f\u00e9c\u00e9 pour assister \u00e0 une rencontre de Ligue 1 des Violets, vraisemblablement pour la r\u00e9ception de Nice.<\/p>\n","protected":false},"excerpt":{"rendered":"l&rsquo;essentiel L\u2019association Emilie-de-Rodat a \u00e9t\u00e9 s\u00e9lectionn\u00e9e pour participer au tournoi des d\u00e9fenseurs de l\u2019enfance organis\u00e9 par la Ligue&hellip;\n","protected":false},"author":2,"featured_media":559174,"comment_status":"","ping_status":"","sticky":false,"template":"","format":"standard","meta":{"footnotes":""},"categories":[2815],"tags":[1111,11,1777,674,1011,27,811,1307,12,25],"class_list":{"0":"post-559173","1":"post","2":"type-post","3":"status-publish","4":"format-standard","5":"has-post-thumbnail","7":"category-lille","8":"tag-actu","9":"tag-actualites","10":"tag-eu","11":"tag-europe","12":"tag-fr","13":"tag-france","14":"tag-hauts-de-france","15":"tag-lille","16":"tag-news","17":"tag-republique-francaise"},"share_on_mastodon":{"url":"https:\/\/pubeurope.com\/@fr\/115614186472248838","error":""},"_links":{"self":[{"href":"https:\/\/www.europesays.com\/fr\/wp-json\/wp\/v2\/posts\/559173","targetHints":{"allow":["GET"]}}],"collection":[{"href":"https:\/\/www.europesays.com\/fr\/wp-json\/wp\/v2\/posts"}],"about":[{"href":"https:\/\/www.europesays.com\/fr\/wp-json\/wp\/v2\/types\/post"}],"author":[{"embeddable":true,"href":"https:\/\/www.europesays.com\/fr\/wp-json\/wp\/v2\/users\/2"}],"replies":[{"embeddable":true,"href":"https:\/\/www.europesays.com\/fr\/wp-json\/wp\/v2\/comments?post=559173"}],"version-history":[{"count":0,"href":"https:\/\/www.europesays.com\/fr\/wp-json\/wp\/v2\/posts\/559173\/revisions"}],"wp:featuredmedia":[{"embeddable":true,"href":"https:\/\/www.europesays.com\/fr\/wp-json\/wp\/v2\/media\/559174"}],"wp:attachment":[{"href":"https:\/\/www.europesays.com\/fr\/wp-json\/wp\/v2\/media?parent=559173"}],"wp:term":[{"taxonomy":"category","embeddable":true,"href":"https:\/\/www.europesays.com\/fr\/wp-json\/wp\/v2\/categories?post=559173"},{"taxonomy":"post_tag","embeddable":true,"href":"https:\/\/www.europesays.com\/fr\/wp-json\/wp\/v2\/tags?post=559173"}],"curies":[{"name":"wp","href":"https:\/\/api.w.org\/{rel}","templated":true}]}}