{"id":559181,"date":"2025-11-26T04:50:20","date_gmt":"2025-11-26T04:50:20","guid":{"rendered":"https:\/\/www.europesays.com\/fr\/559181\/"},"modified":"2025-11-26T04:50:20","modified_gmt":"2025-11-26T04:50:20","slug":"previsions-du-mercredi-26-novembre-2025-9","status":"publish","type":"post","link":"https:\/\/www.europesays.com\/fr\/559181\/","title":{"rendered":"pr\u00e9visions du mercredi 26 novembre 2025"},"content":{"rendered":"<p>Aujourd&rsquo;hui, Lyon devra encore attendre avant que les nuages ne se dissipent. Il va pleuvoir. Les temp\u00e9ratures iront de 2 \u00e0 6\u00b0C. Un vent de nord-ouest rafra\u00eechira quelque peu l&rsquo;atmosph\u00e8re. Les Lyonnais vont avoir froid le matin : les temp\u00e9ratures ne vont pas d\u00e9passer 5\u00b0C. Les valeurs avoisineront les 4\u00b0C. L&rsquo;apr\u00e8s-midi se d\u00e9roulera dans le brouillard. Les valeurs seront comprises entre 2 et 6\u00b0C. Il devrait y avoir un risque de brouillard dans la soir\u00e9e. Le mercure affichera 2\u00b0C en moyenne. Un ciel pluvieux est attendu dans la nuit entre mercredi et jeudi.<\/p>\n<p>Demain, une diminution du mercure est \u00e0 craindre \u00e0 Lyon. On pr\u00e9voit des temp\u00e9ratures d&rsquo;environ 3\u00b0C. Cette matin\u00e9e sera synonyme de grand soleil. Les valeurs s&rsquo;\u00e9chelonneront entre 1 et 5\u00b0C. Une brise de nord-ouest soufflera l\u00e9g\u00e8rement. On annonce des \u00e9claircies pour cet apr\u00e8s-midi. Les temp\u00e9ratures seront de 2\u00b0C au plus bas et de 6\u00b0C au plus haut. Les Lyonnais vont avoir froid demain soir : les temp\u00e9ratures ne vont pas d\u00e9passer 2\u00b0C. Il va faire 1\u00b0C en moyenne. Un petit vent de nord-ouest soufflera.<\/p>\n<p>Les conditions m\u00e9t\u00e9orologiques des journ\u00e9es suivantes vont \u00e9voluer progressivement. Apr\u00e8s des conditions m\u00e9t\u00e9orologiques stables vendredi, la situation changera samedi.<\/p>\n<p><\/p>\n","protected":false},"excerpt":{"rendered":"Aujourd&rsquo;hui, Lyon devra encore attendre avant que les nuages ne se dissipent. Il va pleuvoir. Les temp\u00e9ratures iront&hellip;\n","protected":false},"author":2,"featured_media":559182,"comment_status":"","ping_status":"","sticky":false,"template":"","format":"standard","meta":{"footnotes":""},"categories":[1889],"tags":[1111,11,2430,1777,674,1011,27,2428,12,2119,25],"class_list":{"0":"post-559181","1":"post","2":"type-post","3":"status-publish","4":"format-standard","5":"has-post-thumbnail","7":"category-lyon","8":"tag-actu","9":"tag-actualites","10":"tag-auvergne-rhone-alpes","11":"tag-eu","12":"tag-europe","13":"tag-fr","14":"tag-france","15":"tag-lyon","16":"tag-news","17":"tag-previsions-meteo","18":"tag-republique-francaise"},"share_on_mastodon":{"url":"https:\/\/pubeurope.com\/@fr\/115614202106828336","error":""},"_links":{"self":[{"href":"https:\/\/www.europesays.com\/fr\/wp-json\/wp\/v2\/posts\/559181","targetHints":{"allow":["GET"]}}],"collection":[{"href":"https:\/\/www.europesays.com\/fr\/wp-json\/wp\/v2\/posts"}],"about":[{"href":"https:\/\/www.europesays.com\/fr\/wp-json\/wp\/v2\/types\/post"}],"author":[{"embeddable":true,"href":"https:\/\/www.europesays.com\/fr\/wp-json\/wp\/v2\/users\/2"}],"replies":[{"embeddable":true,"href":"https:\/\/www.europesays.com\/fr\/wp-json\/wp\/v2\/comments?post=559181"}],"version-history":[{"count":0,"href":"https:\/\/www.europesays.com\/fr\/wp-json\/wp\/v2\/posts\/559181\/revisions"}],"wp:featuredmedia":[{"embeddable":true,"href":"https:\/\/www.europesays.com\/fr\/wp-json\/wp\/v2\/media\/559182"}],"wp:attachment":[{"href":"https:\/\/www.europesays.com\/fr\/wp-json\/wp\/v2\/media?parent=559181"}],"wp:term":[{"taxonomy":"category","embeddable":true,"href":"https:\/\/www.europesays.com\/fr\/wp-json\/wp\/v2\/categories?post=559181"},{"taxonomy":"post_tag","embeddable":true,"href":"https:\/\/www.europesays.com\/fr\/wp-json\/wp\/v2\/tags?post=559181"}],"curies":[{"name":"wp","href":"https:\/\/api.w.org\/{rel}","templated":true}]}}