{"id":559185,"date":"2025-11-26T04:53:13","date_gmt":"2025-11-26T04:53:13","guid":{"rendered":"https:\/\/www.europesays.com\/fr\/559185\/"},"modified":"2025-11-26T04:53:13","modified_gmt":"2025-11-26T04:53:13","slug":"jai-le-plus-profond-respect-pour-le-president-poutine","status":"publish","type":"post","link":"https:\/\/www.europesays.com\/fr\/559185\/","title":{"rendered":"\u00ab\u00a0J\u2019ai le plus profond respect pour le pr\u00e9sident Poutine\u00a0\u00bb"},"content":{"rendered":"<p>                     <img loading=\"lazy\" decoding=\"async\" src=\"https:\/\/www.europesays.com\/fr\/wp-content\/uploads\/2025\/11\/2ef99f5_ftp-import-images-1-x2i2g26z9k1v-5077925-01-06.jpg\" alt=\"L\u2019envoy\u00e9 sp\u00e9cial am\u00e9ricain, Steve Witkoff, et Jared Kushner \u00e0 l\u2019a\u00e9roport de Teterboro (New Jersey), en juillet\u00a02025.\"   width=\"664\" height=\"443\"\/>    L\u2019envoy\u00e9 sp\u00e9cial am\u00e9ricain, Steve Witkoff, et Jared Kushner \u00e0 l\u2019a\u00e9roport de Teterboro (New Jersey), en juillet\u00a02025.  BRENDAN SMIALOWSKI\/AFP                 <\/p>\n<p class=\"article__paragraph  \">La co\u00efncidence rend l\u2019affaire encore plus embarrassante. Mardi 25\u00a0novembre, en d\u00e9but d\u2019apr\u00e8s-midi, Donald Trump publiait un message sur son r\u00e9seau Truth Social pour se f\u00e9liciter de l\u2019avanc\u00e9e positive des n\u00e9gociations sur l\u2019Ukraine. Il ne resterait plus que \u00ab\u00a0quelques points de d\u00e9saccord\u00a0\u00bb, \u00e9crivait-il, en annon\u00e7ant un nouveau d\u00e9placement de son ami et envoy\u00e9 sp\u00e9cial, Steve Witkoff, \u00e0 Moscou. Objectif\u00a0: convaincre le pr\u00e9sident russe, Vladimir Poutine, de signer le plan, malgr\u00e9 les am\u00e9nagements introduits par les Europ\u00e9ens, pour en r\u00e9\u00e9quilibrer la substance. Pendant ce temps, le secr\u00e9taire \u00e0 l\u2019arm\u00e9e, Daniel Driscoll, \u00e9tait charg\u00e9 de discuter plus avant avec les Ukrainiens.<\/p>\n<p>   Lire plus tard  <\/p>\n<p class=\"article__paragraph  \">L\u2019administration am\u00e9ricaine veut croire que sa nouvelle pouss\u00e9e diplomatique, d\u00e9saccord\u00e9e, pourrait enfin aboutir. Mais dans l\u2019apr\u00e8s-midi, l\u2019agence Bloomberg publiait des r\u00e9v\u00e9lations retentissantes, donnant un aper\u00e7u in\u00e9dit de la relation entre les Etats-Unis et la Russie ces derniers mois. Il s\u2019agit de deux conversations t\u00e9l\u00e9phoniques distinctes, enti\u00e8rement retranscrites sur la base d\u2019un enregistrement audio. La premi\u00e8re est entre Steve Witkoff et le conseiller diplomatique de Valdimir Poutine, Iouri Ouchakov, qui fut ambassadeur russe \u00e0 Washington. La seconde est entre ce dernier et le pr\u00e9sident du Fonds d\u2019investissement direct russe et principal n\u00e9gociateur au nom du Kremlin, Kirill Dmitriev.<\/p>\n<p class=\"reading-mode-only \"><strong>Il vous reste 83.33% de cet article \u00e0 lire. La suite est r\u00e9serv\u00e9e aux abonn\u00e9s.<\/strong><\/p>\n","protected":false},"excerpt":{"rendered":"L\u2019envoy\u00e9 sp\u00e9cial am\u00e9ricain, Steve Witkoff, et Jared Kushner \u00e0 l\u2019a\u00e9roport de Teterboro (New Jersey), en juillet\u00a02025. BRENDAN SMIALOWSKI\/AFP&hellip;\n","protected":false},"author":2,"featured_media":559186,"comment_status":"","ping_status":"","sticky":false,"template":"","format":"standard","meta":{"footnotes":""},"categories":[1888],"tags":[1111,1928,11,1927,1777,674,1011,27,12,1926,626,1925,25],"class_list":{"0":"post-559185","1":"post","2":"type-post","3":"status-publish","4":"format-standard","5":"has-post-thumbnail","7":"category-paris","8":"tag-actu","9":"tag-actu-paris","10":"tag-actualites","11":"tag-actualites-paris","12":"tag-eu","13":"tag-europe","14":"tag-fr","15":"tag-france","16":"tag-news","17":"tag-news-paris","18":"tag-paris","19":"tag-paris-news","20":"tag-republique-francaise"},"share_on_mastodon":{"url":"https:\/\/pubeurope.com\/@fr\/115614214694806290","error":""},"_links":{"self":[{"href":"https:\/\/www.europesays.com\/fr\/wp-json\/wp\/v2\/posts\/559185","targetHints":{"allow":["GET"]}}],"collection":[{"href":"https:\/\/www.europesays.com\/fr\/wp-json\/wp\/v2\/posts"}],"about":[{"href":"https:\/\/www.europesays.com\/fr\/wp-json\/wp\/v2\/types\/post"}],"author":[{"embeddable":true,"href":"https:\/\/www.europesays.com\/fr\/wp-json\/wp\/v2\/users\/2"}],"replies":[{"embeddable":true,"href":"https:\/\/www.europesays.com\/fr\/wp-json\/wp\/v2\/comments?post=559185"}],"version-history":[{"count":0,"href":"https:\/\/www.europesays.com\/fr\/wp-json\/wp\/v2\/posts\/559185\/revisions"}],"wp:featuredmedia":[{"embeddable":true,"href":"https:\/\/www.europesays.com\/fr\/wp-json\/wp\/v2\/media\/559186"}],"wp:attachment":[{"href":"https:\/\/www.europesays.com\/fr\/wp-json\/wp\/v2\/media?parent=559185"}],"wp:term":[{"taxonomy":"category","embeddable":true,"href":"https:\/\/www.europesays.com\/fr\/wp-json\/wp\/v2\/categories?post=559185"},{"taxonomy":"post_tag","embeddable":true,"href":"https:\/\/www.europesays.com\/fr\/wp-json\/wp\/v2\/tags?post=559185"}],"curies":[{"name":"wp","href":"https:\/\/api.w.org\/{rel}","templated":true}]}}