{"id":559187,"date":"2025-11-26T04:54:20","date_gmt":"2025-11-26T04:54:20","guid":{"rendered":"https:\/\/www.europesays.com\/fr\/559187\/"},"modified":"2025-11-26T04:54:20","modified_gmt":"2025-11-26T04:54:20","slug":"euroligue-h-paris-echoue-de-justesse-a-dubai-sports","status":"publish","type":"post","link":"https:\/\/www.europesays.com\/fr\/559187\/","title":{"rendered":"Euroligue (H) : Paris \u00e9choue de justesse \u00e0 Duba\u00ef : Sports"},"content":{"rendered":"<p class=\"date\">\n                                                            Aur\u00e9lie Sacchelli, Media365, publi\u00e9 le mardi 25 novembre 2025 \u00e0 19h35\n                                                    <\/p>\n<p>Apr\u00e8s avoir men\u00e9 de 17 points dans le deuxi\u00e8me quart, le Paris Basketball a finalement \u00e9t\u00e9 rejoint puis battu 90-89 par Duba\u00ef lors de la 13e journ\u00e9e de l&rsquo;Euroligue. Le club champion de France s&rsquo;incline pour la quatri\u00e8me fois en cinq matchs et s&rsquo;enfonce dans le classement.<\/p>\n<p>Pour la premi\u00e8re fois de l&rsquo;histoire du basket, un club fran\u00e7ais se d\u00e9pla\u00e7ait \u00e0 Duba\u00ef pour y affronter l&rsquo;\u00e9quipe locale en Euroligue. Et cela s&rsquo;est mal pass\u00e9 pour le Paris Basketball.\u00a0Battu \u00e0 l&rsquo;ASVEL (85-79) et \u00e0 Monaco (103-81) en octobre, le club des Emirats, int\u00e9gr\u00e9 \u00e0 l&rsquo;Euroligue depuis cette saison et \u00e0 la Ligue adriatique depuis la saison pass\u00e9e (il avait \u00e9t\u00e9 \u00e9limin\u00e9 en demies), s&rsquo;est impos\u00e9 pour sa premi\u00e8re confrontation \u00e0 domicile face \u00e0 un club de Betclic Elite, sur le score de 90-89 apr\u00e8s un match \u00e0 rebondissements.<\/p>\n<p>La rencontre avait d\u00e9but\u00e9 comme dans un r\u00eave pour le Paris Basketball, qui a commenc\u00e9 par un 4-13 puis a men\u00e9 tout au long du premier quart, comptant jusqu&rsquo;\u00e0 15 points d&rsquo;avance face \u00e0 une d\u00e9fense tr\u00e8s perm\u00e9able (17-32, 10e).<strong> Les Parisiens ont m\u00eame fait grimper l&rsquo;\u00e9cart jusqu&rsquo;\u00e0 +17 en d\u00e9but de deuxi\u00e8me quart-temps (23-40), avant de connaitre un \u00e9norme trou d&rsquo;air. Duba\u00ef a en effet sign\u00e9 un 15-0<\/strong> (dont 7 points de Justin Anderson) qui lui a permis de revenir quasiment \u00e0 hauteur. A la mi-temps, Duba\u00ef menait finalement 46-45 et tout \u00e9tait \u00e0 refaire pour les Parisiens.<\/p>\n<p>Paris menait \u00e0 une minute de la fin<\/p>\n<p>Dans le troisi\u00e8me quart, les champions de France ont repris du poil de la b\u00eate et ont r\u00e9ussi un 9-0 d&rsquo;entr\u00e9e pour prendre un peu d&rsquo;air. Ils ont compt\u00e9 jusqu&rsquo;\u00e0 dix points d&rsquo;avance (53-63), et finalement sept \u00e0 l&rsquo;issue du quart (59-66). Mais le dernier quart ne s&rsquo;est pas bien pass\u00e9 pour les Parisiens. Duba\u00ef est rapidement revenu \u00e0 67-68 puis est pass\u00e9 devant pour la premi\u00e8re fois depuis le retour des vestiaires, \u00e0 4&rsquo;16 de la fin : 75-73. Paris n&rsquo;a pas l\u00e2ch\u00e9 et \u00e9tait encore devant \u00e0 1&rsquo;01 de la fin (83-86), mais Anderson a \u00e9galis\u00e9 (86-86) puis McKingley Wringht IV (24pts au total) a rentr\u00e9 quatre lancers-francs dans les 34 derni\u00e8res secondes (90-86).<\/p>\n<p><strong>Nadir Hifi, qui a effectu\u00e9 son retour \u00e0 la comp\u00e9tition \u00e0 l&rsquo;occasion de ce match, a manqu\u00e9 le tir \u00e0 3 points qui aurait redonn\u00e9 l&rsquo;avantage \u00e0 son \u00e9quipe \u00e0 dix secondes du buzzer. Il en a en revanche r\u00e9ussi un au buzzer (90-89), mais il \u00e9tait trop tard,<\/strong> et Duba\u00ef l&rsquo;a donc emport\u00e9 d&rsquo;un point. Malgr\u00e9 les 22 points de Derek Williams, Paris conc\u00e8de sa quatri\u00e8me d\u00e9faite en cinq matchs et se retrouve 16e du classement alors que toutes les autres \u00e9quipes doivent encore jouer. Prochain match : le 4 d\u00e9cembre \u00e0 Monaco. Pas simple&#8230;<\/p>\n<p><strong>Les marqueurs parisiens :<\/strong> Hifi (13), Cavali\u00e8re (4), Robinson (13), Herrera (8), Rhoden (5), Stevens (9), Faye (5), Morgan (5), Bako (2), M&rsquo;Baye (3), Willis (22)<\/p>\n","protected":false},"excerpt":{"rendered":"Aur\u00e9lie Sacchelli, Media365, publi\u00e9 le mardi 25 novembre 2025 \u00e0 19h35 Apr\u00e8s avoir men\u00e9 de 17 points dans&hellip;\n","protected":false},"author":2,"featured_media":559188,"comment_status":"","ping_status":"","sticky":false,"template":"","format":"standard","meta":{"footnotes":""},"categories":[1888],"tags":[1111,1928,11,1927,1777,674,1011,27,12,1926,626,1925,25],"class_list":{"0":"post-559187","1":"post","2":"type-post","3":"status-publish","4":"format-standard","5":"has-post-thumbnail","7":"category-paris","8":"tag-actu","9":"tag-actu-paris","10":"tag-actualites","11":"tag-actualites-paris","12":"tag-eu","13":"tag-europe","14":"tag-fr","15":"tag-france","16":"tag-news","17":"tag-news-paris","18":"tag-paris","19":"tag-paris-news","20":"tag-republique-francaise"},"share_on_mastodon":{"url":"https:\/\/pubeurope.com\/@fr\/115614217928867332","error":""},"_links":{"self":[{"href":"https:\/\/www.europesays.com\/fr\/wp-json\/wp\/v2\/posts\/559187","targetHints":{"allow":["GET"]}}],"collection":[{"href":"https:\/\/www.europesays.com\/fr\/wp-json\/wp\/v2\/posts"}],"about":[{"href":"https:\/\/www.europesays.com\/fr\/wp-json\/wp\/v2\/types\/post"}],"author":[{"embeddable":true,"href":"https:\/\/www.europesays.com\/fr\/wp-json\/wp\/v2\/users\/2"}],"replies":[{"embeddable":true,"href":"https:\/\/www.europesays.com\/fr\/wp-json\/wp\/v2\/comments?post=559187"}],"version-history":[{"count":0,"href":"https:\/\/www.europesays.com\/fr\/wp-json\/wp\/v2\/posts\/559187\/revisions"}],"wp:featuredmedia":[{"embeddable":true,"href":"https:\/\/www.europesays.com\/fr\/wp-json\/wp\/v2\/media\/559188"}],"wp:attachment":[{"href":"https:\/\/www.europesays.com\/fr\/wp-json\/wp\/v2\/media?parent=559187"}],"wp:term":[{"taxonomy":"category","embeddable":true,"href":"https:\/\/www.europesays.com\/fr\/wp-json\/wp\/v2\/categories?post=559187"},{"taxonomy":"post_tag","embeddable":true,"href":"https:\/\/www.europesays.com\/fr\/wp-json\/wp\/v2\/tags?post=559187"}],"curies":[{"name":"wp","href":"https:\/\/api.w.org\/{rel}","templated":true}]}}