{"id":559195,"date":"2025-11-26T04:58:16","date_gmt":"2025-11-26T04:58:16","guid":{"rendered":"https:\/\/www.europesays.com\/fr\/559195\/"},"modified":"2025-11-26T04:58:16","modified_gmt":"2025-11-26T04:58:16","slug":"guerre-en-ukraine-une-europe-sans-strategie-ballottee-entre-un-conflit-qui-dure-et-un-accord-impose","status":"publish","type":"post","link":"https:\/\/www.europesays.com\/fr\/559195\/","title":{"rendered":"Guerre en Ukraine. Une Europe sans strat\u00e9gie, ballott\u00e9e entre un conflit qui dure et un accord impos\u00e9"},"content":{"rendered":"\n<p>Le plan en 28 points [<a href=\"https:\/\/www.courrierinternational.com\/article\/ukraine-kiev-et-washington-elaborent-un-nouveau-plan-de-paix-affine-en-19-points_237770\" target=\"_blank\" rel=\"noopener\">aujourd\u2019hui r\u00e9duit \u00e0 19<\/a>] que Washington a n\u00e9goci\u00e9 avec le Kremlin n\u2019est pas grav\u00e9 dans le marbre, loin de l\u00e0. C\u2019est une \u00e9bauche, rien de plus. Et n\u2019oublions pas l\u2019impr\u00e9visibilit\u00e9 de Trump, qui peut \u00e0 tout moment faire machine arri\u00e8re, m\u00eame si, cette fois, je doute qu\u2019il recule.<\/p>\n<p>Cet accord n\u2019est clairement pas en faveur de l\u2019Ukraine. Pour autant, ce n\u2019est pas une \u201ccapitulation\u201d. Ceux qui le d\u00e9peignent ainsi ne veulent tout simplement pas voir les n\u00e9gociations aboutir. L\u2019Ukraine pourra encore am\u00e9liorer sa position, \u00e0 la marge certes. \u201cVous n\u2019avez pas les cartes en main\u201d, avait lanc\u00e9 Trump \u00e0 Zelensky. Malheureusement, apr\u00e8s <a href=\"https:\/\/www.courrierinternational.com\/article\/energie-un-proche-de-zelensky-au-c-ur-d-une-enquete-pour-corruption-en-ukraine_237321\" target=\"_blank\" rel=\"noopener\">le r\u00e9cent scandale de corruption<\/a>, le pr\u00e9sident ukrainien est effectivement plus affaibli que jamais.<\/p>\n<p>L\u2019Ukraine n\u2019a pas la moindre chance de gagner cette guerre\u00a0: voil\u00e0 ce que des responsables am\u00e9ricains n\u2019ont cess\u00e9 de me r\u00e9p\u00e9ter depuis le d\u00e9but du conflit. Le retrait de l\u2019aide am\u00e9ricaine au d\u00e9but de 2025 a v\u00e9rifi\u00e9 leurs dires, puisque les Europ\u00e9ens n\u2019ont pas su combler le vide. Ils ont beau se faire les d\u00e9fenseurs d\u2019un ordre mondial qui s\u2019\u00e9tiole \u00e0 vue d\u2019\u0153il, l\u2019histoire retiendra qu\u2019au moment d\u00e9cisif ils n\u2019ont pas voulu mettre la main \u00e0 la poche et tenir parole. Sur la premi\u00e8re moiti\u00e9 de l\u2019ann\u00e9e, l\u2019aide totale \u00e0 l\u2019Ukraine s\u2019est \u00e9lev\u00e9e en moy<\/p>\n","protected":false},"excerpt":{"rendered":"Le plan en 28 points [aujourd\u2019hui r\u00e9duit \u00e0 19] que Washington a n\u00e9goci\u00e9 avec le Kremlin n\u2019est pas&hellip;\n","protected":false},"author":2,"featured_media":559196,"comment_status":"","ping_status":"","sticky":false,"template":"","format":"standard","meta":{"footnotes":""},"categories":[1590],"tags":[11,75,1777,674,1892,131,12,220],"class_list":{"0":"post-559195","1":"post","2":"type-post","3":"status-publish","4":"format-standard","5":"has-post-thumbnail","7":"category-ukraine","8":"tag-actualites","9":"tag-donald-trump","10":"tag-eu","11":"tag-europe","12":"tag-gu00e9opolitique","13":"tag-guerre-en-ukraine","14":"tag-news","15":"tag-ukraine"},"share_on_mastodon":{"url":"https:\/\/pubeurope.com\/@fr\/115614233821229642","error":""},"_links":{"self":[{"href":"https:\/\/www.europesays.com\/fr\/wp-json\/wp\/v2\/posts\/559195","targetHints":{"allow":["GET"]}}],"collection":[{"href":"https:\/\/www.europesays.com\/fr\/wp-json\/wp\/v2\/posts"}],"about":[{"href":"https:\/\/www.europesays.com\/fr\/wp-json\/wp\/v2\/types\/post"}],"author":[{"embeddable":true,"href":"https:\/\/www.europesays.com\/fr\/wp-json\/wp\/v2\/users\/2"}],"replies":[{"embeddable":true,"href":"https:\/\/www.europesays.com\/fr\/wp-json\/wp\/v2\/comments?post=559195"}],"version-history":[{"count":0,"href":"https:\/\/www.europesays.com\/fr\/wp-json\/wp\/v2\/posts\/559195\/revisions"}],"wp:featuredmedia":[{"embeddable":true,"href":"https:\/\/www.europesays.com\/fr\/wp-json\/wp\/v2\/media\/559196"}],"wp:attachment":[{"href":"https:\/\/www.europesays.com\/fr\/wp-json\/wp\/v2\/media?parent=559195"}],"wp:term":[{"taxonomy":"category","embeddable":true,"href":"https:\/\/www.europesays.com\/fr\/wp-json\/wp\/v2\/categories?post=559195"},{"taxonomy":"post_tag","embeddable":true,"href":"https:\/\/www.europesays.com\/fr\/wp-json\/wp\/v2\/tags?post=559195"}],"curies":[{"name":"wp","href":"https:\/\/api.w.org\/{rel}","templated":true}]}}