{"id":559197,"date":"2025-11-26T04:59:16","date_gmt":"2025-11-26T04:59:16","guid":{"rendered":"https:\/\/www.europesays.com\/fr\/559197\/"},"modified":"2025-11-26T04:59:16","modified_gmt":"2025-11-26T04:59:16","slug":"les-etats-unis-reduisent-de-36-les-depenses-de-medicare-pour-15-medicaments-couteux-26-11-2025-a-0251","status":"publish","type":"post","link":"https:\/\/www.europesays.com\/fr\/559197\/","title":{"rendered":"Les \u00c9tats-Unis r\u00e9duisent de 36 % les d\u00e9penses de Medicare pour 15 m\u00e9dicaments co\u00fbteux &#8211; 26\/11\/2025 \u00e0 02:51"},"content":{"rendered":"<p>\n ((Traduction automatis\u00e9e par Reuters \u00e0 l&rsquo;aide de l&rsquo;apprentissage<br \/>\nautomatique et de l&rsquo;IA g\u00e9n\u00e9rative, veuillez vous r\u00e9f\u00e9rer \u00e0<br \/>\nl&rsquo;avertissement suivant: https:\/\/bit.ly\/rtrsauto))\n<\/p>\n<p>\n *\n<\/p>\n<p>\n Medicare annonce que les prix n\u00e9goci\u00e9s pour 15 m\u00e9dicaments<br \/>\nr\u00e9duiront les d\u00e9penses de 36%\n<\/p>\n<p>\n *\n<\/p>\n<p>\n Les nouveaux prix entreront en vigueur en 2027\n<\/p>\n<p>\n *\n<\/p>\n<p>\n L&rsquo;industrie pharmaceutique s&rsquo;oppose aux n\u00e9gociations avec<br \/>\nMedicare\n<\/p>\n<p>\n (D\u00e9tails des prix et des \u00e9conomies aux paragraphes 3, 4 et 8;<br \/>\ncommentaires des analystes aux paragraphes 5 et 9; PhRMA au<br \/>\nparagraphe 12)<br \/>\npar Patrick Wingrove et Deena Beasley\n<\/p>\n<p>\n Le plan de sant\u00e9 am\u00e9ricain Medicare a<br \/>\nd\u00e9clar\u00e9 mardi que les prix nouvellement n\u00e9goci\u00e9s pour 15 de ses<br \/>\nm\u00e9dicaments les plus co\u00fbteux permettront d&rsquo;\u00e9conomiser 36% sur<br \/>\nces m\u00e9dicaments par rapport aux d\u00e9penses annuelles r\u00e9centes,<br \/>\nsoit environ 8,5 milliards de dollars en co\u00fbts nets de<br \/>\nprescription couverts.\n<\/p>\n<p>\n Les prix entreront en vigueur en 2027, y compris un prix<br \/>\nmensuel de 274 $ pour le m\u00e9dicament GLP-1 populaire de Novo<br \/>\nNordisk<br \/>\n <a href=\"https:\/\/www.boursorama.com\/cours\/1uNVOB.L\/\" target=\"_blank\" rel=\"noopener\"><br \/>\n  NOVOb.CO<br \/>\n <\/a><br \/>\n , le semaglutide, vendu sous le nom de Wegovy<br \/>\npour la perte de poids et Ozempic pour le diab\u00e8te.\n<\/p>\n<p>\n Selon une analyse publi\u00e9e dans le Journal of Managed Care<br \/>\nand Specialty Pharmacy, le prix net r\u00e9cent d&rsquo;Ozempic  pour<br \/>\nMedicare \u00e9tait de 428 dollars par mois. Medicare a fix\u00e9 le prix<br \/>\nde liste du m\u00e9dicament, avant les remises et les rabais<br \/>\nconfidentiels, \u00e0 959 dollars par mois.\n<\/p>\n<p>\n Sur la base de ces prix de liste non escompt\u00e9s, Medicare a<br \/>\nd\u00e9clar\u00e9 que les \u00e9conomies r\u00e9alis\u00e9es sur les 15 m\u00e9dicaments<br \/>\nallaient de 38 % \u00e0 85 %.\n<\/p>\n<p>\n \u00ab\u00a0Ils allaient s&rsquo;asseoir \u00e0 la table des n\u00e9gociations et<br \/>\nessayer de faire pression sur ces prix, et c&rsquo;est ce qu&rsquo;ils ont<br \/>\nfait\u00a0\u00bb, a d\u00e9clar\u00e9 William Padula, professeur d&rsquo;\u00e9conomie<br \/>\npharmaceutique et d&rsquo;\u00e9conomie de la sant\u00e9 \u00e0 l&rsquo;universit\u00e9 de<br \/>\nCalifornie du Sud.\n<\/p>\n<p>\n Calquence, le m\u00e9dicament contre la leuc\u00e9mie d&rsquo;AstraZeneca\n<\/p>\n<p>\n <a href=\"https:\/\/www.boursorama.com\/cours\/1uAZN.L\/\" target=\"_blank\" rel=\"noopener\"><br \/>\n  AZN.L<br \/>\n <\/a><br \/>\n , Ofev, le traitement des poumons de Boehringer, et<br \/>\nIbrance, le m\u00e9dicament contre le cancer du sein de Pfizer\n<\/p>\n<p>\n <a href=\"https:\/\/www.boursorama.com\/cours\/PFE\/\" target=\"_blank\" rel=\"noopener\"><br \/>\n  PFE.N<br \/>\n <\/a><br \/>\n , ont \u00e9t\u00e9 les plus touch\u00e9s par ce cycle de n\u00e9gociations<br \/>\navec Medicare, chacun d&rsquo;entre eux ayant \u00e9t\u00e9 amput\u00e9 de plus de 4<br \/>\n000 dollars par rapport aux prix nets estim\u00e9s.\n<\/p>\n<p>\n Les n\u00e9gociations annuelles sur les prix ont \u00e9t\u00e9 instaur\u00e9es<br \/>\ndans le cadre de la loi sur la r\u00e9duction de l&rsquo;inflation (IRA) de<br \/>\n2022, sign\u00e9e par le pr\u00e9sident Joe Biden. Auparavant, la loi<br \/>\ninterdisait \u00e0 Medicare de n\u00e9gocier avec les fabricants de<br \/>\nm\u00e9dicaments.\n<\/p>\n<p>\n DES \u00c9CONOMIES SUP\u00c9RIEURES \u00c0 CELLES DE L&rsquo;ANN\u00c9E PR\u00c9C\u00c9DENTE\n<\/p>\n<p>\n Les \u00e9conomies de 36 % pr\u00e9vues pour 2027 sont sup\u00e9rieures aux<br \/>\n22 % de r\u00e9duction des d\u00e9penses nettes &#8211; selon une estimation de<br \/>\nGoldman Sachs &#8211; que Medicare a r\u00e9alis\u00e9es l&rsquo;ann\u00e9e derni\u00e8re lors<br \/>\nde la premi\u00e8re s\u00e9rie de n\u00e9gociations sur les prix de 10<br \/>\nm\u00e9dicaments diff\u00e9rents.\n<\/p>\n<p>\n \u00ab\u00a0La m\u00e9thodologie est de plus en plus efficace, mais ce<br \/>\ndernier lot de nouveaux produits avait probablement une plus<br \/>\ngrande marge de man\u0153uvre en mati\u00e8re de prix, a d\u00e9clar\u00e9 William<br \/>\nPadula.\n<\/p>\n<p>\n Parmi les autres m\u00e9dicaments qui ont fait l&rsquo;objet de<br \/>\nn\u00e9gociations cette ann\u00e9e figure l&rsquo;inhalateur Trelegy Ellipta de<br \/>\nGSK<br \/>\n <a href=\"https:\/\/www.boursorama.com\/cours\/1uGSK.L\/\" target=\"_blank\" rel=\"noopener\"><br \/>\n  GSK.L<br \/>\n <\/a><br \/>\n pour l&rsquo;asthme et la BPCO, dont le prix sera de 175<br \/>\ndollars, contre 654 dollars pour son prix de liste. Linzess, le<br \/>\nm\u00e9dicament d&rsquo;AbbVie<br \/>\n <a href=\"https:\/\/www.boursorama.com\/cours\/ABBV\/\" target=\"_blank\" rel=\"noopener\"><br \/>\n  ABBV.N<br \/>\n <\/a><br \/>\n contre le syndrome du c\u00f4lon<br \/>\nirritable, a un nouveau prix de 136 dollars, contre 539 dollars.\n<\/p>\n<p>\n Les analystes ont d\u00e9clar\u00e9 qu&rsquo;ils compareront \u00e9galement les<br \/>\nnouveaux prix aux prix n\u00e9goci\u00e9s par d&rsquo;autres pays \u00e0 revenu<br \/>\n\u00e9lev\u00e9, un concept pour lequel le pr\u00e9sident Donald Trump s&rsquo;est<br \/>\nbattu et qui est parfois appel\u00e9 prix de la nation la plus<br \/>\nfavoris\u00e9e, ou NPF.\n<\/p>\n<p>\n L&rsquo;industrie pharmaceutique a combattu ces efforts. \u00ab\u00a0Qu&rsquo;il<br \/>\ns&rsquo;agisse de l&rsquo;IRA ou de la NPF, la fixation des prix des<br \/>\nm\u00e9dicaments par le gouvernement n&rsquo;est pas la bonne politique<br \/>\npour l&rsquo;Am\u00e9rique\u00a0\u00bb, a d\u00e9clar\u00e9 Alex Schriver, porte-parole de<br \/>\nl&rsquo;organisme industriel PhRMA.\n<\/p>\n<p>\n Medicare couvre plus de 67 millions de personnes \u00e2g\u00e9es de 65<br \/>\nans et plus et de personnes handicap\u00e9es.\n<\/p>\n<p>\n \u00ab\u00a0Ces prix seront inf\u00e9rieurs aux prix nets existants. Il y<br \/>\naura de r\u00e9elles \u00e9conomies\u00a0\u00bb, a d\u00e9clar\u00e9 Sean Sullivan, professeur<br \/>\nde pharmacie \u00e0 l&rsquo;universit\u00e9 de Washington.\n<\/p>\n<p>\n \u00ab\u00a0Tous les autres payeurs peuvent les voir. Qu&rsquo;est-ce qui les<br \/>\nemp\u00eachera de demander le m\u00eame prix aux fabricants?\u00a0\u00bb, a-t-il<br \/>\nd\u00e9clar\u00e9.\n<\/p>\n<p>\n DES PRIX TOUJOURS PLUS \u00c9LEV\u00c9S QUE DANS LES AUTRES PAYS<br \/>\nRICHES\n<\/p>\n<p>\n L&rsquo;ann\u00e9e derni\u00e8re, l&rsquo;agence Medicare a d\u00e9voil\u00e9 les nouveaux<br \/>\nprix maximums pour les dix premiers m\u00e9dicaments \u00e0 co\u00fbt \u00e9lev\u00e9<br \/>\nn\u00e9goci\u00e9s dans le cadre de l&rsquo;IRA, qui entreront en vigueur en<br \/>\n2026.\n<\/p>\n<p>\n Pour ces m\u00e9dicaments, notamment l&rsquo;anticoagulant Eliquis de<br \/>\nPfizer et Bristol Myers Squibb<br \/>\n <a href=\"https:\/\/www.boursorama.com\/cours\/BMY\/\" target=\"_blank\" rel=\"noopener\"><br \/>\n  BMY.N<br \/>\n <\/a><br \/>\n et le m\u00e9dicament contre<br \/>\nl&rsquo;arthrite Enbrel d&rsquo;Amgen<br \/>\n <a href=\"https:\/\/www.boursorama.com\/cours\/AMGN\/\" target=\"_blank\" rel=\"noopener\"><br \/>\n  AMGN.O<br \/>\n <\/a><br \/>\n , les nouveaux prix \u00e9taient<br \/>\nencore en moyenne plus du double , et dans certains cas<br \/>\ncinq fois, de ce que les fabricants de m\u00e9dicaments avaient<br \/>\naccept\u00e9 dans quatre autres pays \u00e0 revenu \u00e9lev\u00e9.\n<\/p>\n<p>\n En vertu de l&rsquo;IRA, Medicare doit tenir compte d&rsquo;un certain<br \/>\nnombre de facteurs pour fixer les prix, notamment les donn\u00e9es<br \/>\ndes fabricants et la disponibilit\u00e9 d&rsquo;autres traitements. La loi<br \/>\nne pr\u00e9voit pas d&rsquo;examen des prix internationaux dans le cadre de<br \/>\nce processus.\n<\/p>\n<p>\n De nombreux autres pays disposent depuis longtemps d&rsquo;une<br \/>\ncouverture universelle des m\u00e9dicaments sur ordonnance qui repose<br \/>\nsur des n\u00e9gociations de prix centralis\u00e9es avec les fabricants.\n<\/p>\n<p>\n L&rsquo;administration Trump a depuis d\u00e9fini ce qu&rsquo;elle consid\u00e8re<br \/>\ncomme les conditions de tarification de la nation la plus<br \/>\nfavoris\u00e9e: le prix le plus bas dans tout pays faisant partie de<br \/>\nl&rsquo;Organisation pour la coop\u00e9ration et le d\u00e9veloppement<br \/>\n\u00e9conomiques avec un produit int\u00e9rieur brut par habitant d&rsquo;au<br \/>\nmoins 60 % du PIB par habitant des \u00c9tats-Unis.\n<\/p>\n<p>\n Dans le cadre d&rsquo;un programme pilote distinct, Medicare a<br \/>\npropos\u00e9 un \u00ab\u00a0panier de pays\u00a0\u00bb plus restreint, qui comprend six<br \/>\npays du G-7 &#8211; le Royaume-Uni, la France, l&rsquo;Allemagne, l&rsquo;Italie,<br \/>\nle Canada et le Japon &#8211; ainsi que le Danemark et la Suisse. Le<br \/>\nprix de r\u00e9f\u00e9rence utilis\u00e9 pour calculer le prix NPF serait le<br \/>\ndeuxi\u00e8me prix le plus bas dans ce panier de pays, ajust\u00e9 en<br \/>\nfonction du PIB par habitant.\n<\/p>\n<p>\n Le prochain cycle de n\u00e9gociations sur les prix des<br \/>\nm\u00e9dicaments de Medicare devrait porter sur 15 autres m\u00e9dicaments<br \/>\nd\u00e9livr\u00e9s sur ordonnance ou administr\u00e9s dans les h\u00f4pitaux et<br \/>\nd\u00e9buter en f\u00e9vrier.<\/p>\n","protected":false},"excerpt":{"rendered":"((Traduction automatis\u00e9e par Reuters \u00e0 l&rsquo;aide de l&rsquo;apprentissage automatique et de l&rsquo;IA g\u00e9n\u00e9rative, veuillez vous r\u00e9f\u00e9rer \u00e0 l&rsquo;avertissement&hellip;\n","protected":false},"author":2,"featured_media":2554,"comment_status":"","ping_status":"","sticky":false,"template":"","format":"standard","meta":{"footnotes":""},"categories":[1589],"tags":[400,11,398,408,405,73,1866,403,402,399,404,12,401,406,1864,1865,1863,308,407],"class_list":{"0":"post-559197","1":"post","2":"type-post","3":"status-publish","4":"format-standard","5":"has-post-thumbnail","7":"category-etats-unis","8":"tag-action-cac-40","9":"tag-actualites","10":"tag-bourse-de-paris","11":"tag-boursorama","12":"tag-cotations","13":"tag-etats-unis","14":"tag-etats-unis-damerique","15":"tag-indices-devises","16":"tag-investir","17":"tag-investissement","18":"tag-marche-boursier","19":"tag-news","20":"tag-sicav","21":"tag-trackers","22":"tag-united-states","23":"tag-united-states-of-america","24":"tag-us","25":"tag-usa","26":"tag-warrants"},"share_on_mastodon":{"url":"https:\/\/pubeurope.com\/@fr\/115614238149704127","error":""},"_links":{"self":[{"href":"https:\/\/www.europesays.com\/fr\/wp-json\/wp\/v2\/posts\/559197","targetHints":{"allow":["GET"]}}],"collection":[{"href":"https:\/\/www.europesays.com\/fr\/wp-json\/wp\/v2\/posts"}],"about":[{"href":"https:\/\/www.europesays.com\/fr\/wp-json\/wp\/v2\/types\/post"}],"author":[{"embeddable":true,"href":"https:\/\/www.europesays.com\/fr\/wp-json\/wp\/v2\/users\/2"}],"replies":[{"embeddable":true,"href":"https:\/\/www.europesays.com\/fr\/wp-json\/wp\/v2\/comments?post=559197"}],"version-history":[{"count":0,"href":"https:\/\/www.europesays.com\/fr\/wp-json\/wp\/v2\/posts\/559197\/revisions"}],"wp:featuredmedia":[{"embeddable":true,"href":"https:\/\/www.europesays.com\/fr\/wp-json\/wp\/v2\/media\/2554"}],"wp:attachment":[{"href":"https:\/\/www.europesays.com\/fr\/wp-json\/wp\/v2\/media?parent=559197"}],"wp:term":[{"taxonomy":"category","embeddable":true,"href":"https:\/\/www.europesays.com\/fr\/wp-json\/wp\/v2\/categories?post=559197"},{"taxonomy":"post_tag","embeddable":true,"href":"https:\/\/www.europesays.com\/fr\/wp-json\/wp\/v2\/tags?post=559197"}],"curies":[{"name":"wp","href":"https:\/\/api.w.org\/{rel}","templated":true}]}}