{"id":559200,"date":"2025-11-26T05:01:18","date_gmt":"2025-11-26T05:01:18","guid":{"rendered":"https:\/\/www.europesays.com\/fr\/559200\/"},"modified":"2025-11-26T05:01:18","modified_gmt":"2025-11-26T05:01:18","slug":"la-france-ne-boxe-plus-dans-la-meme-categorie-que-lallemagne","status":"publish","type":"post","link":"https:\/\/www.europesays.com\/fr\/559200\/","title":{"rendered":"la France ne boxe plus dans la m\u00eame cat\u00e9gorie que l&rsquo;Allemagne"},"content":{"rendered":"<p>A Br\u00eame jeudi \u00e0 l&rsquo;heure du bilan de la conf\u00e9rence minist\u00e9rielle de l&rsquo;Agence spatiale europ\u00e9enne (ESA), la France pourrait avoir une migraine affreuse. En cause, une \u00e9quation insoluble pour le ministre en charge de l&rsquo;Espace, Philippe Baptiste : comment positiver une hausse de la contribution fran\u00e7aise \u00e0 l&rsquo;ESA (de 3,2 milliards d&rsquo;euros entre 2023-2025 \u00e0 <a href=\"https:\/\/www.latribune.fr\/article\/defense-aerospatiale\/spatial\/10382836484948\/la-france-en-ordre-de-bataille-pour-le-sommet-de-lagence-spatiale-europeenne\" target=\"_blank\" rel=\"nofollow noopener\">3,6 milliards entre 2026-2028, comme l&rsquo;a r\u00e9v\u00e9l\u00e9 La Tribune<\/a>) alors que dans le m\u00eame temps <a href=\"https:\/\/www.latribune.fr\/article\/defense-aerospatiale\/spatial\/2774003639131214\/comment-l-allemagne-va-mettre-k-o-la-france-dans-le-spatial\" target=\"_blank\" rel=\"nofollow noopener\">l&rsquo;Allemagne va tout \u00e9craser en mettant sur la table 5 milliards d&rsquo;euros<\/a> et que l&rsquo;Italie (4 milliards) pourrait chiper la deuxi\u00e8me place occup\u00e9e depuis deux conf\u00e9rences minist\u00e9rielles (S\u00e9ville en 2019 et Paris en 2022) par la France.<\/p>\n<p>Il semble loin le temps o\u00f9 la France \u00e9tait la nation leader sans rival dans le spatial en Europe. \u00ab\u2009On va probablement investir moins que les Allemands. C&rsquo;est vrai\u2009\u00bb, confirme-t-on dans l&rsquo;entourage du ministre. La France assume aujourd&rsquo;hui ce positionnement tout en expliquant qu&rsquo;elle finance de tr\u00e8s nombreux projets dans le cadre national \u00e0 travers le CNES, \u00e0 l&rsquo;inverse de l&rsquo;Allemagne. A Br\u00eame, elle va \u00e9galement d\u00e9fendre avec panache \u00ab\u2009une pr\u00e9f\u00e9rence europ\u00e9enne\u2009\u00bb. Ce sera l&rsquo;un des enjeux de ce sommet spatial pour la France, qui est loin d&rsquo;\u00eatre gagn\u00e9&#8230;, notamment en Allemagne, travaill\u00e9e comme tr\u00e8s souvent par son tropisme transatlantique.<\/p>\n<p>Des petites marges de manoeuvre\u00a0&#13;\n<\/p>\n<p>La France a-t-elle des marges de manoeuvres financi\u00e8res pour rester agile face \u00e0 d&rsquo;\u00e9ventuelles chausse-trappes lors des ultimes n\u00e9gociations (mercredi et jeudi) qui vont se d\u00e9rouler dans le huis-clos de Br\u00eame ? Elle pourrait \u00eatre amen\u00e9e \u00e0 utiliser des reliquats financiers que l&rsquo;ESA n&rsquo;a pas encore d\u00e9pens\u00e9 dans des programmes en cours.<\/p>\n<p>Mais elle le fera avec prudence. \u00ab\u2009La limite de l&rsquo;exercice en jouant sur la tr\u00e9sorerie, c&rsquo;est qu&rsquo;elle n\u2019est pas \u00e0 l\u2019abri d\u2019une acc\u00e9l\u00e9ration des programmes de l\u2019ESA. De toute fa\u00e7on, il faudra qu&rsquo;elle paie au final quoi qu&rsquo;il arrive\u2009\u00bb, explique-t-on \u00e0 La Tribune. Tr\u00e8s clairement, Philippe Baptiste ne prendra pas de risques qui pourraient mettre en danger financi\u00e8rement la France \u00e0 un moment ou \u00e0 un autre.\u00a0<\/p>\n<p>1,7 milliard pour les lanceurs&#13;\n<\/p>\n<p>Forte de cette contribution de 3,6 milliards d&rsquo;euros, la France a donc fait ses choix. Et elle a une nouvelle fois d\u00e9cid\u00e9 de financer tr\u00e8s massivement l&rsquo;acc\u00e8s \u00e0 l&rsquo;espace en y investissant pr\u00e8s de la moiti\u00e9 de son apport. Soit environ 1,7 milliard d&rsquo;euros sur Ariane 6, le Centre spatial guyanais (CSG) et les <a href=\"https:\/\/www.latribune.fr\/entreprises-finance\/industrie\/aeronautique-defense\/mini-lanceurs-l-esa-preselectionne-ses-cinq-champions-europeens-1029195.html\" target=\"_blank\" rel=\"nofollow noopener\">futurs lanceurs europ\u00e9ens<\/a>, s\u00e9lectionn\u00e9s par l&rsquo;ESA (European Launcher Challenge). \u00ab\u2009Pas de lanceur, pas d&rsquo;espace, rappelle-t-on \u00e0 La Tribune. C&rsquo;est aussi simple que cela\u2009\u00bb. Elle va aussi investir 850 millions d&rsquo;euros dans les programmes de navigation et ceux d\u00e9di\u00e9s \u00e0 la science (programmes obligatoires).<\/p>\n<p>Par ailleurs, elle misera plus modestement sur les programmes d&rsquo;observation de la Terre en finan\u00e7ant \u00e0 hauteur de 520 millions d&rsquo;euros, notamment en lorgnant les instruments de deux futurs satellites Copernicus. Notamment elle se paiera \u00ab\u2009un petit ticket\u2009\u00bb dans le programme ERS (European Resilience from Space), pour surveiller ce qui s&rsquo;y passe. Ce projet pourrait \u00eatre le pr\u00e9lude \u00e0 un programme de grande ampleur, une constellation d&rsquo;observation de la Terre lanc\u00e9e par la Commission europ\u00e9enne.<\/p>\n<p>Dans le domaine des t\u00e9l\u00e9coms, la France investira peu en attendant la constellation IRIS\u00b2. Elle a pr\u00e9vu de financer \u00e0 hauteur d&rsquo;environ 240 millions d&rsquo;euros ainsi qu&rsquo;une centaine de millions d&rsquo;euros sur la s\u00e9curit\u00e9 de l&rsquo;espace et les technologies critiques. Enfin, la France a r\u00e9serv\u00e9 environ 400 millions d&rsquo;euros au total pour le NewSpace dans tous les programmes qu&rsquo;elle souhaite financer au sein de l&rsquo;ESA.<\/p>\n","protected":false},"excerpt":{"rendered":"A Br\u00eame jeudi \u00e0 l&rsquo;heure du bilan de la conf\u00e9rence minist\u00e9rielle de l&rsquo;Agence spatiale europ\u00e9enne (ESA), la France&hellip;\n","protected":false},"author":2,"featured_media":524301,"comment_status":"","ping_status":"","sticky":false,"template":"","format":"standard","meta":{"footnotes":""},"categories":[1587],"tags":[17,11,672,13740,1804,26799,1805,56827,1803,1777,674,27,1801,4743,3442,12,1802,671],"class_list":{"0":"post-559200","1":"post","2":"type-post","3":"status-publish","4":"format-standard","5":"has-post-thumbnail","7":"category-allemagne","8":"tag-17","9":"tag-actualites","10":"tag-allemagne","11":"tag-boxe","12":"tag-bundesrepublik-deutschland","13":"tag-categorie","14":"tag-de","15":"tag-defense-et-aerospatiale","16":"tag-deutschland","17":"tag-eu","18":"tag-europe","19":"tag-france","20":"tag-germany","21":"tag-la","22":"tag-lallemagne","23":"tag-news","24":"tag-republique-federale-dallemagne","25":"tag-spatial"},"share_on_mastodon":{"url":"https:\/\/pubeurope.com\/@fr\/115614245844555261","error":""},"_links":{"self":[{"href":"https:\/\/www.europesays.com\/fr\/wp-json\/wp\/v2\/posts\/559200","targetHints":{"allow":["GET"]}}],"collection":[{"href":"https:\/\/www.europesays.com\/fr\/wp-json\/wp\/v2\/posts"}],"about":[{"href":"https:\/\/www.europesays.com\/fr\/wp-json\/wp\/v2\/types\/post"}],"author":[{"embeddable":true,"href":"https:\/\/www.europesays.com\/fr\/wp-json\/wp\/v2\/users\/2"}],"replies":[{"embeddable":true,"href":"https:\/\/www.europesays.com\/fr\/wp-json\/wp\/v2\/comments?post=559200"}],"version-history":[{"count":0,"href":"https:\/\/www.europesays.com\/fr\/wp-json\/wp\/v2\/posts\/559200\/revisions"}],"wp:featuredmedia":[{"embeddable":true,"href":"https:\/\/www.europesays.com\/fr\/wp-json\/wp\/v2\/media\/524301"}],"wp:attachment":[{"href":"https:\/\/www.europesays.com\/fr\/wp-json\/wp\/v2\/media?parent=559200"}],"wp:term":[{"taxonomy":"category","embeddable":true,"href":"https:\/\/www.europesays.com\/fr\/wp-json\/wp\/v2\/categories?post=559200"},{"taxonomy":"post_tag","embeddable":true,"href":"https:\/\/www.europesays.com\/fr\/wp-json\/wp\/v2\/tags?post=559200"}],"curies":[{"name":"wp","href":"https:\/\/api.w.org\/{rel}","templated":true}]}}