{"id":559211,"date":"2025-11-26T05:09:18","date_gmt":"2025-11-26T05:09:18","guid":{"rendered":"https:\/\/www.europesays.com\/fr\/559211\/"},"modified":"2025-11-26T05:09:18","modified_gmt":"2025-11-26T05:09:18","slug":"le-club-est-fixe-apres-la-blessure-de-willis-son-forfait-deja-acte","status":"publish","type":"post","link":"https:\/\/www.europesays.com\/fr\/559211\/","title":{"rendered":"le club est fix\u00e9 apr\u00e8s la blessure de Willis, son forfait d\u00e9j\u00e0 act\u00e9"},"content":{"rendered":"<p>Un moindre mal pour le <a href=\"https:\/\/www.quinzemondial.com\/top-14\/top-14-vers-des-reformes-sur-le-salary-cap-le-stade-toulousain-handicape-820744\" target=\"_blank\" rel=\"noopener\">Stade Toulousain.<\/a> Samedi dernier, le club haut-garonnais retrouvait les terrains \u00e0 l\u2019occasion de son d\u00e9placement sur la pelouse du voisin montalbanais. Si les hommes d\u2019Ugo Mola ont frapp\u00e9 un grand coup en s\u2019imposant avec le bonus pour prendre le large en t\u00eate du Top 14, le week-end ne fut pas de tout repos.<\/p>\n<p>Pas de fracture pour Willis<\/p>\n<p>Outre la menace <a href=\"https:\/\/www.quinzemondial.com\/top-14\/stade-toulousain-le-parquet-lance-une-enquete-contre-le-club-dans-laffaire-jaminet-820742\" target=\"_blank\" rel=\"noopener\">d\u2019un retrait de points dans l\u2019affaire Jaminet,<\/a> le Stade Toulousain a perdu plusieurs cadres sur blessures. Juan Cruz Mallia a \u00e9t\u00e9 s\u00e9v\u00e8rement touch\u00e9 avec l\u2019Argentine et souffre d\u2019une l\u00e9sion du ligament crois\u00e9, sans que l\u2019on n\u2019en sache plus \u00e0 ce stade. Jack Willis avait lui d\u00fb quitter Sapiac plus t\u00f4t que pr\u00e9vu en raison de douleurs aux c\u00f4tes.<\/p>\n<p>S\u2019il n\u2019\u00e9tait pas pr\u00e9sent \u00e0 l\u2019entra\u00eenement, les nouvelles sont rassurantes pour le meilleur joueur de la derni\u00e8re saison de Top 14, comme le rapporte <a href=\"https:\/\/www.ladepeche.fr\/2025\/11\/24\/stade-toulousain-ahki-et-dupont-sont-dans-les-starting-blocks-de-nombreux-internationaux-en-vacances-13071076.php\" target=\"_blank\" rel=\"noopener\">La D\u00e9p\u00eache.<\/a> Aucune fracture n\u2019a \u00e9t\u00e9 d\u00e9tect\u00e9e et le cartilage est touch\u00e9e. Il sera absent quelques semaines. Un moindre mal.<\/p>\n<p>Partagez cette info avec vos amis et vos proches en cliquant ici<br \/>Pour r\u00e9sumer<\/p>\n<p>Jack Willis a pass\u00e9 des examens apr\u00e8s avoir \u00e9t\u00e9 contraint de quitter ses co\u00e9quipiers pr\u00e9matur\u00e9ment lors de la victoire du Stade Toulousain sur la pelouse de Montauban. Le meilleur joueur du Top 14 est fix\u00e9 et va \u00eatre absent plusieurs semaines.<\/p>\n<p> <img decoding=\"async\" width=\"76\" height=\"76\" loading=\"lazy\" src=\"https:\/\/www.europesays.com\/fr\/wp-content\/uploads\/2025\/04\/avatar-quinze.png\" alt=\"Arnaud D\u00e9chelotte\"\/><\/p>\n","protected":false},"excerpt":{"rendered":"Un moindre mal pour le Stade Toulousain. Samedi dernier, le club haut-garonnais retrouvait les terrains \u00e0 l\u2019occasion de&hellip;\n","protected":false},"author":2,"featured_media":559212,"comment_status":"","ping_status":"","sticky":false,"template":"","format":"standard","meta":{"footnotes":""},"categories":[1416],"tags":[1011,27,479,1468,60,476,478],"class_list":{"0":"post-559211","1":"post","2":"type-post","3":"status-publish","4":"format-standard","5":"has-post-thumbnail","7":"category-rugby","8":"tag-fr","9":"tag-france","10":"tag-rugby","11":"tag-rugby-football","12":"tag-sports","13":"tag-stade-toulousain","14":"tag-top-14"},"share_on_mastodon":{"url":"https:\/\/pubeurope.com\/@fr\/115614277539766239","error":""},"_links":{"self":[{"href":"https:\/\/www.europesays.com\/fr\/wp-json\/wp\/v2\/posts\/559211","targetHints":{"allow":["GET"]}}],"collection":[{"href":"https:\/\/www.europesays.com\/fr\/wp-json\/wp\/v2\/posts"}],"about":[{"href":"https:\/\/www.europesays.com\/fr\/wp-json\/wp\/v2\/types\/post"}],"author":[{"embeddable":true,"href":"https:\/\/www.europesays.com\/fr\/wp-json\/wp\/v2\/users\/2"}],"replies":[{"embeddable":true,"href":"https:\/\/www.europesays.com\/fr\/wp-json\/wp\/v2\/comments?post=559211"}],"version-history":[{"count":0,"href":"https:\/\/www.europesays.com\/fr\/wp-json\/wp\/v2\/posts\/559211\/revisions"}],"wp:featuredmedia":[{"embeddable":true,"href":"https:\/\/www.europesays.com\/fr\/wp-json\/wp\/v2\/media\/559212"}],"wp:attachment":[{"href":"https:\/\/www.europesays.com\/fr\/wp-json\/wp\/v2\/media?parent=559211"}],"wp:term":[{"taxonomy":"category","embeddable":true,"href":"https:\/\/www.europesays.com\/fr\/wp-json\/wp\/v2\/categories?post=559211"},{"taxonomy":"post_tag","embeddable":true,"href":"https:\/\/www.europesays.com\/fr\/wp-json\/wp\/v2\/tags?post=559211"}],"curies":[{"name":"wp","href":"https:\/\/api.w.org\/{rel}","templated":true}]}}