{"id":559215,"date":"2025-11-26T05:14:16","date_gmt":"2025-11-26T05:14:16","guid":{"rendered":"https:\/\/www.europesays.com\/fr\/559215\/"},"modified":"2025-11-26T05:14:16","modified_gmt":"2025-11-26T05:14:16","slug":"team-ardennes-cyclisme-leffectif-2026-actualite","status":"publish","type":"post","link":"https:\/\/www.europesays.com\/fr\/559215\/","title":{"rendered":"Team Ardennes Cyclisme : L&rsquo;effectif 2026 &#8211; Actualit\u00e9"},"content":{"rendered":"<p>Onze athl\u00e8tes composent l&rsquo;effectif du <strong><a href=\"https:\/\/www.directvelo.com\/equipe\/9219\/team-ardennes-cyclisme\" target=\"_blank\" rel=\"noopener\">Team Ardennes Cyclisme<\/a><\/strong>, qui est une entente de clubs. Cette ann\u00e9e, la structure ardennaise a termin\u00e9 13e de de la Coupe de France N2 Femmes et 8e du Challenge DirectVelo des N2.<\/p>\n<p><strong>L&rsquo;effectif 2026 du Team Ardennes Cyclisme :<\/strong><br \/>Lucie Adam, 19 ans (CC Villeneuve Saint-Germain)<br \/>Fanny Malissa Cauchois One, 24 ans (Eurinvest by Albi V\u00e9lo Sport)<br \/>Ana\u00efs Deuxdeniers, 24 ans<br \/>Salom\u00e9 Doute, 16 ans (AS La Steigeoise)<br \/>Mathilde Fran\u00e7ois, 26 ans<br \/>Ga\u00eblle Krafft,\u00a016 ans (VC Sainte-Croix-en-Plaine)<br \/>In\u00e9s Marchesan, 17 ans<br \/>Justine Nisole, 21 ans (Team Allcycles Meaux)<br \/>Laura Piernet, 18 ans<br \/>Morgane Roncolato, 26 ans (US Thierville)<br \/>Faustine Villar Thiery, 17 ans (EC Ch\u00e2teau-Thierry)<\/p>\n<p>Les d\u00e9parts : El\u00e9na Amann (Megamo Vosges Cyclisme), Marianne Buchert (UVCA Troyes), Lilou Laguerre (arr\u00eat) et Zo\u00e9 Raimbault (arr\u00eat).<\/p>\n","protected":false},"excerpt":{"rendered":"Onze athl\u00e8tes composent l&rsquo;effectif du Team Ardennes Cyclisme, qui est une entente de clubs. Cette ann\u00e9e, la structure&hellip;\n","protected":false},"author":2,"featured_media":559216,"comment_status":"","ping_status":"","sticky":false,"template":"","format":"standard","meta":{"footnotes":""},"categories":[1411],"tags":[834,828,836,829,837,827,83,826,824,823,1154,207,814,817,815,816,822,821,832,211,839,1011,27,820,818,819,835,831,830,833,838,60,212,208,825],"class_list":{"0":"post-559215","1":"post","2":"type-post","3":"status-publish","4":"format-standard","5":"has-post-thumbnail","7":"category-cyclisme","8":"tag-attaque","9":"tag-belgique","10":"tag-braquet","11":"tag-bretagne","12":"tag-chute","13":"tag-competition","14":"tag-coupe-de-france","15":"tag-coureur","16":"tag-course-cyclisme","17":"tag-course-cycliste","18":"tag-cycling","19":"tag-cyclisme","20":"tag-direct","21":"tag-direct-velo","22":"tag-directvelo","23":"tag-directvelo-com","24":"tag-epreuve","25":"tag-epreuve-cycliste","26":"tag-federation-francaise-de-cyclisme","27":"tag-ffc","28":"tag-flandres","29":"tag-fr","30":"tag-france","31":"tag-live","32":"tag-live-course","33":"tag-live-epreuve","34":"tag-peloton","35":"tag-radio-peloton","36":"tag-radio-tour","37":"tag-ravitaillement","38":"tag-relance","39":"tag-sports","40":"tag-uci","41":"tag-velo","42":"tag-velos"},"share_on_mastodon":{"url":"https:\/\/pubeurope.com\/@fr\/115614296627289428","error":""},"_links":{"self":[{"href":"https:\/\/www.europesays.com\/fr\/wp-json\/wp\/v2\/posts\/559215","targetHints":{"allow":["GET"]}}],"collection":[{"href":"https:\/\/www.europesays.com\/fr\/wp-json\/wp\/v2\/posts"}],"about":[{"href":"https:\/\/www.europesays.com\/fr\/wp-json\/wp\/v2\/types\/post"}],"author":[{"embeddable":true,"href":"https:\/\/www.europesays.com\/fr\/wp-json\/wp\/v2\/users\/2"}],"replies":[{"embeddable":true,"href":"https:\/\/www.europesays.com\/fr\/wp-json\/wp\/v2\/comments?post=559215"}],"version-history":[{"count":0,"href":"https:\/\/www.europesays.com\/fr\/wp-json\/wp\/v2\/posts\/559215\/revisions"}],"wp:featuredmedia":[{"embeddable":true,"href":"https:\/\/www.europesays.com\/fr\/wp-json\/wp\/v2\/media\/559216"}],"wp:attachment":[{"href":"https:\/\/www.europesays.com\/fr\/wp-json\/wp\/v2\/media?parent=559215"}],"wp:term":[{"taxonomy":"category","embeddable":true,"href":"https:\/\/www.europesays.com\/fr\/wp-json\/wp\/v2\/categories?post=559215"},{"taxonomy":"post_tag","embeddable":true,"href":"https:\/\/www.europesays.com\/fr\/wp-json\/wp\/v2\/tags?post=559215"}],"curies":[{"name":"wp","href":"https:\/\/api.w.org\/{rel}","templated":true}]}}