{"id":55922,"date":"2025-04-27T03:47:08","date_gmt":"2025-04-27T03:47:08","guid":{"rendered":"https:\/\/www.europesays.com\/fr\/55922\/"},"modified":"2025-04-27T03:47:08","modified_gmt":"2025-04-27T03:47:08","slug":"adieu-la-graisse-abdominale-ce-fruit-de-saison-va-vous-aider-a-retrouver-un-ventre-plat-avant-lete","status":"publish","type":"post","link":"https:\/\/www.europesays.com\/fr\/55922\/","title":{"rendered":"Adieu la graisse abdominale : ce fruit de saison va vous aider \u00e0 retrouver un ventre plat avant l&rsquo;\u00e9t\u00e9"},"content":{"rendered":"<p>Le printemps est la saison du renouveau et cela se passe aussi dans l\u2019assiette. Pendant cette p\u00e9riode, la nature nous offre une ribambelle de nouveaux fruits et l\u00e9gumes aux bonnes vertus pour la sant\u00e9 dont on aurait tort de se priver. Parmi ceux dont on peut profiter en ce moment et incorporer dans nos <a href=\"https:\/\/www.grazia.fr\/cuisine\/actualite-food\/les-best-of-des-recettes-healthy-reperees-sur-pinterest-uk-181204.html\" rel=\"nofollow noopener\" target=\"_blank\">recettes healthy<\/a>, on retrouve <a href=\"https:\/\/www.grazia.fr\/cuisine\/recettes\/recette-la-rhubarbe-dans-tous-ses-etats-167558.html\" rel=\"nofollow noopener\" target=\"_blank\">la rhubarbe<\/a>, dont la saison d\u00e9bute en avril pour se terminer en juillet. Annonciatrice du retour des beaux jours, elle se r\u00e9v\u00e8le \u00eatre une pr\u00e9cieuse alli\u00e9e dans notre qu\u00eate pour r\u00e9duire la graisse abdominale et am\u00e9liorer notre sant\u00e9 globale. Souvent sous-estim\u00e9e, cette plante \u00e0 la fois savoureuse et nutritive m\u00e9rite une place de choix dans nos assiettes. Si on peut la consid\u00e9rer comme un fruit, techniquement la rhubarbe est plut\u00f4t une plante vivace originaire d&rsquo;Asie. Ce sont ses tiges color\u00e9es, allant du rose p\u00e2le au rouge vif qui constituent sa partie comestible. La rhubarbe est riche en fibres alimentaires, en vitamines (notamment la vitamine C) et en min\u00e9raux essentiels tels que le potassium et le calcium.\u00a0<\/p>\n<p> Quels sont les avantages minceur de la rhubarbe ? <\/p>\n<p>Sa faible teneur en calories la rend particuli\u00e8rement int\u00e9ressante pour les personnes qui cherchent \u00e0 mincir et \u00e0 r\u00e9duire leur apport calorique tout en maintenant une alimentation nutritive. Avec seulement environ 21 calories par 100 grammes, la rhubarbe offre une quantit\u00e9 g\u00e9n\u00e9reuse de fibres, ce qui favorise la sati\u00e9t\u00e9 sans ajouter de calories vides \u00e0 votre r\u00e9gime alimentaire.<\/p>\n<p>Cette m\u00eame teneur \u00e9lev\u00e9e en fibres alimentaires, en fait par ailleurs un excellent fruit coupe-faim qui peut vous permettre de vous sentir rassasi\u00e9 plus longtemps. Cela peut aussi aider \u00e0 r\u00e9duire les fringales et les grignotages non d\u00e9sir\u00e9s entre les repas. Les fibres vont \u00e9galement am\u00e9liorer la digestion et r\u00e9guler le transit intestinal en pr\u00e9venant la constipation. Pour rappel, une digestion efficace est essentielle pour maintenir un syst\u00e8me digestif sain et peut aussi contribuer \u00e0 r\u00e9duire <a href=\"https:\/\/www.grazia.fr\/beaute\/forme-minceur\/ballonnements-voici-lingredient-naturel-insoupconne-qui-vidange-lestomac-pour-dire-adieu-aux-douleurs-abdominales-733189.html#item=1\" rel=\"nofollow noopener\" target=\"_blank\">les ballonnements<\/a> et l&rsquo;accumulation de graisse abdominale. Compos\u00e9e \u00e0 environ 95% d&rsquo;eau, la rhubarbe est particuli\u00e8rement hydratante et rafra\u00eechissante, ce qui est essentiel pour de nombreux processus biologiques, y compris le m\u00e9tabolisme des graisses.<\/p>\n<p> Comment consommer la rhubarbe ? <\/p>\n<p>Le seul inconv\u00e9nient de la rhubarbe contrairement \u00e0 d\u2019autres fruits, c\u2019est qu\u2019elle se consomme difficilement telle quelle. Il faut en effet la cuisiner pour pouvoir profiter de ses bienfaits. Il existe de nombreuses fa\u00e7ons d\u00e9licieuses d&rsquo;int\u00e9grer la rhubarbe dans votre alimentation printani\u00e8re. On peut par exemple en faire une d\u00e9licieuse composte, ou encore une carte, mais aussi l\u2019ajouter dans des smoothies verts associ\u00e9e \u00e0 des \u00e9pinards, du concombre et des fruits comme la pomme ou la banane.\u00a0Certains l\u2019ajoutent aussi dans des salades en la coupant en fines tranches et en la m\u00e9langeant \u00e0 des l\u00e9gumes verts feuillus et \u00e0 des prot\u00e9ines maigres pour un repas sain et \u00e9quilibr\u00e9.<\/p>\n<blockquote class=\"instagram-media \" style=\"background: #ffffff;border: 0;margin: 1px;width: 100%;padding: 0;max-width: 500px;\" data-instgrm-permalink=\"https:\/\/www.instagram.com\/reel\/C5YexrTC7xN\/\" data-instgrm-version=\"14\"\/><p>\n                <script async src=\"\/\/www.instagram.com\/embed.js\"><\/script><\/p>\n","protected":false},"excerpt":{"rendered":"Le printemps est la saison du renouveau et cela se passe aussi dans l\u2019assiette. Pendant cette p\u00e9riode, la&hellip;\n","protected":false},"author":2,"featured_media":55923,"comment_status":"","ping_status":"","sticky":false,"template":"","format":"standard","meta":{"footnotes":""},"categories":[10],"tags":[1011,27,72,6055,71],"class_list":{"0":"post-55922","1":"post","2":"type-post","3":"status-publish","4":"format-standard","5":"has-post-thumbnail","7":"category-sante","8":"tag-fr","9":"tag-france","10":"tag-health","11":"tag-republishing","12":"tag-sante"},"share_on_mastodon":{"url":"https:\/\/pubeurope.com\/@fr\/114407882576469736","error":""},"_links":{"self":[{"href":"https:\/\/www.europesays.com\/fr\/wp-json\/wp\/v2\/posts\/55922","targetHints":{"allow":["GET"]}}],"collection":[{"href":"https:\/\/www.europesays.com\/fr\/wp-json\/wp\/v2\/posts"}],"about":[{"href":"https:\/\/www.europesays.com\/fr\/wp-json\/wp\/v2\/types\/post"}],"author":[{"embeddable":true,"href":"https:\/\/www.europesays.com\/fr\/wp-json\/wp\/v2\/users\/2"}],"replies":[{"embeddable":true,"href":"https:\/\/www.europesays.com\/fr\/wp-json\/wp\/v2\/comments?post=55922"}],"version-history":[{"count":0,"href":"https:\/\/www.europesays.com\/fr\/wp-json\/wp\/v2\/posts\/55922\/revisions"}],"wp:featuredmedia":[{"embeddable":true,"href":"https:\/\/www.europesays.com\/fr\/wp-json\/wp\/v2\/media\/55923"}],"wp:attachment":[{"href":"https:\/\/www.europesays.com\/fr\/wp-json\/wp\/v2\/media?parent=55922"}],"wp:term":[{"taxonomy":"category","embeddable":true,"href":"https:\/\/www.europesays.com\/fr\/wp-json\/wp\/v2\/categories?post=55922"},{"taxonomy":"post_tag","embeddable":true,"href":"https:\/\/www.europesays.com\/fr\/wp-json\/wp\/v2\/tags?post=55922"}],"curies":[{"name":"wp","href":"https:\/\/api.w.org\/{rel}","templated":true}]}}